{"id":2369,"date":"2017-12-06T22:06:54","date_gmt":"2017-12-06T21:06:54","guid":{"rendered":"http:\/\/polskipatchwork.pl\/?p=2369"},"modified":"2024-09-23T23:57:19","modified_gmt":"2024-09-23T21:57:19","slug":"wymiana-tylko-dla-quilterki-2018","status":"publish","type":"post","link":"http:\/\/polskipatchwork.pl\/index.php\/2017\/12\/06\/wymiana-tylko-dla-quilterki-2018\/","title":{"rendered":"Wymiana TYLKO dla Quilterki &#8211; 2018"},"content":{"rendered":"<p>&#8230;\u00a0 to nasza lokalna kontynuacja wymianki, kt\u00f3r\u0105 organizuje The Quilt Show w mi\u0119dzynarodowym towarzystwie. Dla os\u00f3b, kt\u00f3re preferuj\u0105 komunikacj\u0119 w j\u0119zyku polskim, proponujemy nasz\u0105 polsk\u0105 zabaw\u0119 na podobnych zasadach.<\/p>\n<p>Quilterki cz\u0119sto organizuj\u0105 tzw. wymianki, kt\u00f3re maj\u0105 \u00a0r\u00f3\u017cny charakter, a ich uczestniczki\u00a0 wymieniaj\u0105 r\u00f3\u017cne przedmioty. Jednak\u017ce nasze obserwacje prowadz\u0105 do tego samego wniosku: najcz\u0119\u015bciej poduszki,\u00a0 koce,\u00a0 podk\u0142adki, czy inne u\u017cytkowe patchworkowe dzie\u0142a w tempie b\u0142yskawicznym zmieniaj\u0105 w\u0142a\u015bciciela. Staje si\u0119 nim dziecko, mama, tata, m\u0105\u017c, babcia\u2026.. i z ca\u0142ej wymianki zostaje quilterce\u2026.. koperta w kt\u00f3rej otrzyma\u0142a fanty \ud83d\ude09<\/p>\n<p>Dlatego proponujemy zupe\u0142nie egoistyczn\u0105, obrzydliwie cyniczn\u0105 wymiank\u0119, w kt\u00f3rej obdarowane b\u0119d\u0105 zainteresowane. Czyli quilterki. Czyli MY \ud83d\ude00<\/p>\n<p>Jak chcemy osi\u0105gn\u0105\u0107 ten cel? B\u0119dziemy w tej zabawie szy\u0107 ozdoby do naszych k\u0105cik\u00f3w szyciowych !!!<\/p>\n<p><strong>Jak\u00a0 zabawa b\u0119dzie wygl\u0105da\u0107?<\/strong><\/p>\n<p>Zg\u0142aszamy si\u0119 do zabawy poprzez przes\u0142anie maila na skrzynk\u0119 SPP w temacie wpisuj\u0105c: \u201eWymianka 2018 zg\u0142oszenie\u201d na adres mailowy: <a href=\"mailto:stowarzyszenie@polskipatchwork.pl\"><strong>stowarzyszenie@polskipatchwork.pl<\/strong><\/a> do 4.01.2018<\/p>\n<p>Organizatorki rejestruj\u0105 zg\u0142oszenia,\u00a0 a nast\u0119pnie przeprowadzaj\u0105 losowanie par. Nast\u0119pnie kontaktuj\u0105 ze sob\u0105 wylosowane osoby.\u00a0 Od tej chwili\u00a0 pary mog\u0105 si\u0119 pozna\u0107, kontaktowa\u0107 i ustala\u0107 szczeg\u00f3\u0142y wymaga\u0144.<\/p>\n<p>Teraz najprzyjemniejszy etap: szycie. Potem zrobienie zdj\u0119\u0107 dla SPP i wys\u0142anie ich na adres mailowy Stowarzyszenia wpisuj\u0105c w temacie: &#8220;wymianka 2018 zdj\u0119cia&#8221;. Potem wys\u0142anie pracy do swojej Partnerki\/Partnera szyciowego.<\/p>\n<p><strong>Og\u00f3lne Zasady Wymianki: <\/strong><\/p>\n<p>&#8211; wymieniamy si\u0119 z serca, szyj\u0105c tak, jak nam w sercu i d\u0142oniach gra<\/p>\n<p>&#8211; pary do wymianki s\u0105 dobierane losowo<\/p>\n<p>&#8211; Najwa\u017cniejsze: co wymieniamy ?<\/p>\n<ul>\n<li>Makatka quilterki do zak\u0105tka szyciowego (rozmiar max. 100\u201d (254cm) <u>w obwodzie<\/u>; np. 24\u201dx 24\u201d lub pionowa 12\u201d x 36\u201d, lub pozioma\u2026.) do ustalenia w parach<\/li>\n<\/ul>\n<p>&#8211; Opcjonalnie, do paczki z makatk\u0105 mo\u017cna (ale nie trzeba) do\u0142\u0105czy\u0107\u00a0 i\/lub<\/p>\n<ul>\n<li>Tkaniny (ilo\u015b\u0107 i co do ustalenia mi\u0119dzy uczestniczkami)<\/li>\n<li>Drobiazg = gad\u017cet szyciowy (prujka, centymetr, linijka, szpulk\u0119 nici, naparstek itd\u2026 cokolwiek o czym WIECIE \u017ce spodoba si\u0119 odbiorcy<\/li>\n<li>Co\u015b s\u0142odkiego<\/li>\n<\/ul>\n<p>&#8211; projekt jest otwarty i uczestniczy\u0107 mo\u017ce ka\u017cdy: cz\u0142onek Stowarzyszenia, jak i osoba spoza SPP<\/p>\n<p>&#8211; pary b\u0119d\u0105 si\u0119 zna\u0142y po losowaniu i mog\u0105 podj\u0105\u0107 komunikacj\u0119: pozna\u0107 si\u0119, ustali\u0107 jakie kolory, style \u00a0i techniki lubi\u0105, czy w ko\u0144cu orientacyjnie ustali\u0107 format makatki (pionowa, pozioma, kwadratowa) lub technik\u0119 (o ile b\u0119d\u0105 jakie\u015b preferencje w tym aspekcie)<\/p>\n<p>&#8211; NIE POKAZUJEMY ani zdj\u0119\u0107 z pracy nad makatkami, ani gotowych makatek mi\u0119dzy sob\u0105, ani w parach do czasu wymiany. Nigdzie (blogi, sms, instagram, flickr, facebook, twitter czy inne media spo\u0142eczno\u015bciowe). Makatka powinna by\u0107 NIESPODZIANK\u0104 dla obdarowanego i obdarowany ma j\u0105 zobaczy\u0107 JAKO PIERWSZY.<\/p>\n<p>&#8211; oczywi\u015bcie prace musz\u0105 mie\u0107 tunel (tutaj znajdziecie <a href=\"http:\/\/polskipatchwork.pl\/index.php\/2017\/04\/11\/szyjemy-wystawiamy-zawieszamy-czyli-opowiesc-o-tunelach\/\">kr\u00f3tki wpis o tunelach<\/a> ) oraz metryczk\u0119 z informacj\u0105 KTO, KOMU i KIEDY \u00a0szy\u0142 i (miesi\u0105c i rok)<\/p>\n<p>&#8211; gotowej pracy robimy zdj\u0119cie i wysy\u0142amy do SPP &#8211; po zako\u0144czeniu zabawy SPP stworzy galeri\u0119 zdj\u0119\u0107<\/p>\n<p>&#8211; Organizatorzy mog\u0105 bra\u0107 udzia\u0142 w Wymiance<\/p>\n<p><strong>Harmonogram<\/strong>:<\/p>\n<ol>\n<li>Og\u0142oszenie zabawy: 6 grudnia 2017<\/li>\n<li>Zg\u0142oszenia ch\u0119tnych \u2013 do 4 stycznia 2018<\/li>\n<li>Losowanie par: 5 stycznia 2018 online, na profilu <a href=\"https:\/\/www.facebook.com\/StowarzyszeniePolskiegoPatchworku\/\">SPP na FB<\/a>:<\/li>\n<li>Szycie: do 25 czerwca 2018<\/li>\n<li>Wys\u0142anie zdj\u0119\u0107 do Stowarzyszenia: do 29 czerwca 2018 \u2013 zrobimy galeri\u0119<\/li>\n<li>Wysy\u0142ka paczki do Partnera: do 30 czerwca 2018<\/li>\n<li>Publikacja galerii prac na stronie Stowarzyszenia Polskiego Patchworku: 1 sierpnia 2018<\/li>\n<\/ol>\n<p><img data-attachment-id=\"2370\" data-permalink=\"http:\/\/polskipatchwork.pl\/index.php\/2017\/12\/06\/wymiana-tylko-dla-quilterki-2018\/wymianka-spp-logo-2a\/\" data-orig-file=\"http:\/\/polskipatchwork.pl\/wp-content\/uploads\/2017\/12\/Wymianka-SPP-logo-2a.jpg\" data-orig-size=\"2718,2597\" data-comments-opened=\"0\" data-image-meta=\"{&quot;aperture&quot;:&quot;0&quot;,&quot;credit&quot;:&quot;&quot;,&quot;camera&quot;:&quot;&quot;,&quot;caption&quot;:&quot;&quot;,&quot;created_timestamp&quot;:&quot;0&quot;,&quot;copyright&quot;:&quot;&quot;,&quot;focal_length&quot;:&quot;0&quot;,&quot;iso&quot;:&quot;0&quot;,&quot;shutter_speed&quot;:&quot;0&quot;,&quot;title&quot;:&quot;&quot;,&quot;orientation&quot;:&quot;0&quot;}\" data-image-title=\"Wymianka SPP logo 2a\" data-image-description=\"\" data-medium-file=\"http:\/\/polskipatchwork.pl\/wp-content\/uploads\/2017\/12\/Wymianka-SPP-logo-2a-300x287.jpg\" data-large-file=\"http:\/\/polskipatchwork.pl\/wp-content\/uploads\/2017\/12\/Wymianka-SPP-logo-2a-1024x978.jpg\" loading=\"lazy\" class=\"alignnone size-medium wp-image-2370\" src=\"http:\/\/polskipatchwork.pl\/wp-content\/uploads\/2017\/12\/Wymianka-SPP-logo-2a-300x287.jpg\" alt=\"Wymianka SPP logo 2a\" width=\"300\" height=\"287\" srcset=\"http:\/\/polskipatchwork.pl\/wp-content\/uploads\/2017\/12\/Wymianka-SPP-logo-2a-300x287.jpg 300w, http:\/\/polskipatchwork.pl\/wp-content\/uploads\/2017\/12\/Wymianka-SPP-logo-2a-768x734.jpg 768w, http:\/\/polskipatchwork.pl\/wp-content\/uploads\/2017\/12\/Wymianka-SPP-logo-2a-1024x978.jpg 1024w, http:\/\/polskipatchwork.pl\/wp-content\/uploads\/2017\/12\/Wymianka-SPP-logo-2a-624x596.jpg 624w\" sizes=\"(max-width: 300px) 100vw, 300px\" \/><\/p>\n<p>&nbsp;<\/p>\n<p>To jak? Poszyjemy dla siebie nawzajem? Zr\u00f3bmy sobie t\u0119 przyjemno\u015b\u0107 \ud83d\ude42<\/p>\n<p>Ju\u017c od teraz przyjmujemy zg\u0142oszenia.<\/p>\n","protected":false},"excerpt":{"rendered":"<p>&#8230;\u00a0 to nasza lokalna kontynuacja wymianki, kt\u00f3r\u0105 organizuje The Quilt Show w mi\u0119dzynarodowym towarzystwie. Dla os\u00f3b, kt\u00f3re preferuj\u0105 komunikacj\u0119 w j\u0119zyku polskim, proponujemy nasz\u0105 polsk\u0105 zabaw\u0119 na podobnych zasadach. Quilterki cz\u0119sto organizuj\u0105 tzw. wymianki,&#46;&#46;&#46;<\/p>\n","protected":false},"author":6,"featured_media":2370,"comment_status":"closed","ping_status":"open","sticky":false,"template":"","format":"standard","meta":{"_monsterinsights_skip_tracking":false,"_monsterinsights_sitenote_active":false,"_monsterinsights_sitenote_note":"","_monsterinsights_sitenote_category":0,"spay_email":"","jetpack_publicize_message":"","jetpack_is_tweetstorm":false},"categories":[1,76],"tags":[],"jetpack_featured_media_url":"http:\/\/polskipatchwork.pl\/wp-content\/uploads\/2017\/12\/Wymianka-SPP-logo-2a.jpg","jetpack_publicize_connections":[],"jetpack-related-posts":[{"id":3026,"url":"http:\/\/polskipatchwork.pl\/index.php\/2018\/08\/03\/wymianka-tylko-dla-quilterki-podsumowanie\/","url_meta":{"origin":2369,"position":0},"title":"\"Wymianka tylko dla Quilterki\" 2018 - podsumowanie","date":"3 sierpnia 2018","format":false,"excerpt":"Dobieg\u0142a w\u0142a\u015bnie ko\u0144ca p\u00f3\u0142roczna zabawa otwarta, zorganizowana przez Stowarzyszenie Polskiego Patchworku: Wymianka TYLKO dla Quilterki. Od 5 styczna br. po\u0142\u0105czone na drodze losowania pary rozmawia\u0142y, poznawa\u0142y si\u0119 by potem projektowa\u0107, wycina\u0107, zszywa\u0107, pikowa\u0107 i dopieszcza\u0107 swoje miniquilty, kt\u00f3rymi na prze\u0142omie czerwca i lipca wymieni\u0142y si\u0119. W zabawie wzi\u0119\u0142o udzia\u0142 25\u2026","rel":"","context":"In &quot;Aktualno\u015bci&quot;","img":{"alt_text":"","src":"https:\/\/i2.wp.com\/polskipatchwork.pl\/wp-content\/uploads\/2018\/08\/Kolaz-pracdopsosta2.jpg?resize=350%2C200","width":350,"height":200},"classes":[]},{"id":6566,"url":"http:\/\/polskipatchwork.pl\/index.php\/2023\/06\/20\/szyjemy-wystawiamy-zawieszamy-czyli-opowiesc-o-tunelach-ciag-dalszy\/","url_meta":{"origin":2369,"position":1},"title":"Szyjemy, wystawiamy, zawieszamy.... czyli opowie\u015b\u0107 o tunelach ci\u0105g dalszy","date":"20 czerwca 2023","format":false,"excerpt":"Pierwszy wpis dotycz\u0105cy tuneli (kwiecie\u0144 2017): LINK\u00a0 wzbudzi\u0142 wiele zinteresowania. Z uwagi na to, i\u017c mamy nowych Cz\u0142onk\u00f3w Stowarzyszenia, jak i zupe\u0142nie nowe osoby szyj\u0105ce i przygotowuj\u0105ce quilty na wystawy, warto przypomnie\u0107 o zasadach szycia tunelu. Trywialne? Nic bardziej mylnego! I wci\u0105\u017c stanowi powa\u017cny problem z kt\u00f3rym organizatorzy si\u0119 zmagaj\u0105.\u2026","rel":"","context":"In &quot;Aktualno\u015bci&quot;","img":{"alt_text":"","src":"https:\/\/i0.wp.com\/polskipatchwork.pl\/wp-content\/uploads\/2017\/04\/tunel.jpeg?resize=350%2C200","width":350,"height":200},"classes":[]},{"id":1322,"url":"http:\/\/polskipatchwork.pl\/index.php\/2017\/01\/17\/folko-patchworkowa-burza-mozgow\/","url_meta":{"origin":2369,"position":2},"title":"Folko-patchworkowa burza m\u00f3zg\u00f3w","date":"17 stycznia 2017","format":false,"excerpt":"Quilterki z Warszawy i okolic, a zw\u0142aszcza te, kt\u00f3re wahaj\u0105 si\u0119 czy wzi\u0105\u0107 udzia\u0142 w naszym konkursie \u201eRaz na ludowo\u201d zapraszamy serdecznie na patchworkowe darcie pierza. Spotykamy si\u0119 w przysz\u0142y czwartek, 26 stycznia, w Szkole Patchworku na warszawskim Natolinie. Tym razem b\u0119dziemy rozmawia\u0107 o polskim folklorze i o ludowych motywach,\u2026","rel":"","context":"In &quot;Aktualno\u015bci&quot;","img":{"alt_text":"","src":"https:\/\/i1.wp.com\/polskipatchwork.pl\/wp-content\/uploads\/2017\/01\/Wycinanka-kurpiowska-leluja.jpg?resize=350%2C200","width":350,"height":200},"classes":[]},{"id":236,"url":"http:\/\/polskipatchwork.pl\/index.php\/2016\/05\/04\/wystawa-patchworkow-na-kongresie-kobiet\/","url_meta":{"origin":2369,"position":3},"title":"Wystawa patchwork\u00f3w na Kongresie Kobiet","date":"4 maja 2016","format":false,"excerpt":"Zapraszamy Was na wystaw\u0119 podczas tegorocznego Kongresu Kobiet, kt\u00f3ry b\u0119dzie mia\u0142 miejsce w Warszawie, na Torwarze 13 i 14 maja. Poka\u017cemy kilkana\u015bcie patchwork\u00f3w, kt\u00f3re zosta\u0142y wy\u0142onione spo\u015br\u00f3d dziewi\u0119tnastu zg\u0142oszonych na t\u0119 wystaw\u0119 przez quilterki z ca\u0142ej Polski. Wystawa patchwork\u00f3w na Kongresie Kobiet jest czynna 13 i 14 maja w godzinach\u2026","rel":"","context":"In &quot;Aktualno\u015bci&quot;","img":{"alt_text":"","src":"","width":0,"height":0},"classes":[]},{"id":3071,"url":"http:\/\/polskipatchwork.pl\/index.php\/2018\/08\/21\/olfa-viii-2018\/","url_meta":{"origin":2369,"position":4},"title":"Olfa - VIII 2018","date":"21 sierpnia 2018","format":false,"excerpt":"\u00a0 Japo\u0144ski quilt \u00a0 Narodowe Muzeum Quiltu w Kentucky USA to plac\u00f3wka, kt\u00f3rej zbiory w\u0142asne oraz go\u015bcinne kolekcje ogl\u0105da w ci\u0105gu roku ponad 100 tys. entuzjast\u00f3w tej sztuki ze wszystkich 50 stan\u00f3w USA i z ponad 40 kraj\u00f3w \u015bwiata. Prezentowana w dniach 6 IV - 10 VII br. ekspozycja zatytu\u0142owana\u2026","rel":"","context":"In &quot;Aktualno\u015bci&quot;","img":{"alt_text":"","src":"","width":0,"height":0},"classes":[]},{"id":1700,"url":"http:\/\/polskipatchwork.pl\/index.php\/2017\/07\/14\/szkola-patchworku-lipiec-2017\/","url_meta":{"origin":2369,"position":5},"title":"Szko\u0142a Patchworku - lipiec 2017","date":"14 lipca 2017","format":false,"excerpt":"Warszawska Szko\u0142a Patchworku dzia\u0142a od 4 lat. Prowadzimy kursy patchworkowe dla ka\u017cdego, nawet dla os\u00f3b, kt\u00f3re dopiero zaczynaj\u0105 uczy\u0107 si\u0119 szy\u0107. W ofercie Szko\u0142y s\u0105 kursy o zr\u00f3\u017cnicowanym stopniu zaawansowania: pocz\u0105wszy od podstaw patchworku i pikowania, a sko\u0144czywszy na zaawansowanych z art quiltu. Trenerkami s\u0105 bardzo do\u015bwiadczone, najlepsze polskie quilterki.\u2026","rel":"","context":"In &quot;Aktualno\u015bci&quot;","img":{"alt_text":"","src":"https:\/\/i1.wp.com\/polskipatchwork.pl\/wp-content\/uploads\/2017\/07\/szkola_patchworku_logo_vert-1.jpg?resize=350%2C200","width":350,"height":200},"classes":[]}],"jetpack_sharing_enabled":true,"jetpack_shortlink":"https:\/\/wp.me\/p7yhvX-Cd","_links":{"self":[{"href":"http:\/\/polskipatchwork.pl\/index.php\/wp-json\/wp\/v2\/posts\/2369"}],"collection":[{"href":"http:\/\/polskipatchwork.pl\/index.php\/wp-json\/wp\/v2\/posts"}],"about":[{"href":"http:\/\/polskipatchwork.pl\/index.php\/wp-json\/wp\/v2\/types\/post"}],"author":[{"embeddable":true,"href":"http:\/\/polskipatchwork.pl\/index.php\/wp-json\/wp\/v2\/users\/6"}],"replies":[{"embeddable":true,"href":"http:\/\/polskipatchwork.pl\/index.php\/wp-json\/wp\/v2\/comments?post=2369"}],"version-history":[{"count":5,"href":"http:\/\/polskipatchwork.pl\/index.php\/wp-json\/wp\/v2\/posts\/2369\/revisions"}],"predecessor-version":[{"id":7001,"href":"http:\/\/polskipatchwork.pl\/index.php\/wp-json\/wp\/v2\/posts\/2369\/revisions\/7001"}],"wp:featuredmedia":[{"embeddable":true,"href":"http:\/\/polskipatchwork.pl\/index.php\/wp-json\/wp\/v2\/media\/2370"}],"wp:attachment":[{"href":"http:\/\/polskipatchwork.pl\/index.php\/wp-json\/wp\/v2\/media?parent=2369"}],"wp:term":[{"taxonomy":"category","embeddable":true,"href":"http:\/\/polskipatchwork.pl\/index.php\/wp-json\/wp\/v2\/categories?post=2369"},{"taxonomy":"post_tag","embeddable":true,"href":"http:\/\/polskipatchwork.pl\/index.php\/wp-json\/wp\/v2\/tags?post=2369"}],"curies":[{"name":"wp","href":"https:\/\/api.w.org\/{rel}","templated":true}]}}