{"id":3464,"date":"2019-01-22T07:42:55","date_gmt":"2019-01-22T06:42:55","guid":{"rendered":"http:\/\/polskipatchwork.pl\/?p=3464"},"modified":"2019-07-11T21:32:17","modified_gmt":"2019-07-11T19:32:17","slug":"jak-najlepiej-spedzic-dzien-kobiet","status":"publish","type":"post","link":"http:\/\/polskipatchwork.pl\/index.php\/2019\/01\/22\/jak-najlepiej-spedzic-dzien-kobiet\/","title":{"rendered":"Jak najlepiej sp\u0119dzi\u0107 Dzie\u0144 Kobiet?"},"content":{"rendered":"<p>Oczywi\u015bcie w towarzystwie patchworkuj\u0105cych kole\u017canek i koleg\u00f3w. Ju\u017c dzi\u015b zapraszamy na I warsztaty pod nazw\u0105 \u201eZAKR\u0118CONY PATCHWORK\u201d, kt\u00f3re odb\u0119d\u0105 si\u0119 w dniach 7-10 marca 2019 r. w Centrum Szkoleniowo-Wypoczynkowym <a href=\"https:\/\/www.facebook.com\/gwarekustron\/?__tn__=K-R&amp;eid=ARAX7i_a1bmvxPms51hNnfmg2DjSUcKO9m1zH49Vd4ums2_Y6k8qYsPmtCUzU6RZSsx-ngrJTb3a7vsb&amp;fref=mentions&amp;__xts__%5B0%5D=68.ARAZwh0I5WGG4YsIfbisefkz0q8S7ADZXQzLXXjOITp5bbNjfPP0xQcxz5Lj3JA0x0B1euPNP2usjswfHQGoT_mXCDMoOpz0qzfngAafVszb4DeRz8O_Q2MrULWd6I7dJGfBHe4CKa39OYyMmMargOFW_RQlZU_FliMuGczt6fGbJX6uOHuBXxnspxTkUF9IPe9gNvRJWBdjzhelHkYjRjQ5Lru7RsQwp4LawaEARV9_rIZ_qjXiiKH0R9GGPE33jgx7uwNDmrj9k4fqJ2CzZF-RyvGkJg\">Hotel Gwarek Ustro\u0144<\/a>.<\/p>\n<p>Zasady uczestnictwa b\u0119d\u0105 podobne, jak w Warsztatach Tw\u00f3rczo Zakr\u0119conych, cho\u0107 nie do ko\u0144ca takie same. Ci kt\u00f3rzy mieli okazj\u0119 uczestniczy\u0107 wiedz\u0105, jak pasjonuj\u0105ce to spotkania, ile wiedzy i praktycznych umiej\u0119tno\u015bci wywozi si\u0119 stamt\u0105d zawsze.<\/p>\n<p>Tym razem czas na patchwork!<\/p>\n<ul>\n<li>Warsztaty sk\u0142ada\u0107 si\u0119 b\u0119d\u0105 z pojedynczego bloku trzygodzinnego. To akurat tyle czasu, \u017ce mo\u017cna co\u015b konkretnego uszy\u0107. Jednak mog\u0105 by\u0107 te\u017c warsztaty sk\u0142adaj\u0105ce si\u0119 z dw\u00f3ch, trzech lub wi\u0119cej blok\u00f3w, b\u0119d\u0105ce kontynuacj\u0105 zacz\u0119tego tematu. Koszt jednego bloku warsztatowego trwaj\u0105cego 3 godziny wynosi 50 z\u0142.<br \/>\nW przypadku kontynuacji tematu, op\u0142ata wynosi\u0107 b\u0119dzie ilo\u015b\u0107 poszczeg\u00f3lnych blok\u00f3w x 50 z\u0142, czyli np. warsztat dwucz\u0119\u015bciowy \u2013 2 x 50 z\u0142 = 100 z\u0142 itd\u2026<\/li>\n<li>Materia\u0142y, tzn. wszystkie niezb\u0119dne tkaniny na warsztaty tym razem we w\u0142asnym zakresie \u2013 mo\u017cna tkaniny przywie\u017a\u0107 ze sob\u0105, ale b\u0119dzie mo\u017cna r\u00f3wnie\u017c zakupi\u0107 tkaniny na miejscu.<\/li>\n<li>Na wi\u0119kszo\u015b\u0107 warsztat\u00f3w trzeba b\u0119dzie przywie\u017a\u0107 swoj\u0105 maszyn\u0119. Obecnie trwaj\u0105 rozmowy z Pasmaszem, wi\u0119c mo\u017ce na niekt\u00f3re warsztaty uda si\u0119 zapewni\u0107 park maszynowy. Je\u017celi tak si\u0119 stanie, b\u0119dzie r\u00f3wnie\u017c mo\u017cna zakupi\u0107 maszyny na miejscu.<\/li>\n<li>Zapisy na warsztaty rozpoczn\u0105 si\u0119 10 lutego 2019 r.<\/li>\n<li>Jednorazowa op\u0142ata organizacyjna, niezale\u017cna od ilo\u015bci wykupionych warsztat\u00f3w, wynosi 30 z\u0142. Op\u0142ata organizacyjna pokrywa, m.in.: koszt przygotowania sal do warsztat\u00f3w i powierzchni wystawowej, koszst strony internetowej i jej obs\u0142ugi, op\u0142aty za domen\u0119 i us\u0142ugi hostingowych, projekty grafiki na plakaty, gad\u017cety, wykonanie materia\u0142\u00f3w promocyjnych, zakup napoj\u00f3w i ciastek na warsztaty oraz cz\u0119\u015bciowy koszt ewentualnej imprezy integracyjnej itp.<\/li>\n<li>Mo\u017cna ju\u017c rezerwowa\u0107 noclegi w Gwarku \u2013 jak zwykle, do naszej dyspozycji b\u0119dzie ca\u0142y o\u015brodek. Cena noclegu ze \u015bniadaniem i obiadem za jedn\u0105 osobonoc wynosi 95 z\u0142.<br \/>\nW przypadku rezerwacji prosz\u0119 o informowanie recepcji, \u017ce rezerwacja dotyczy Warsztat\u00f3w Tw\u00f3rczo Zakr\u0119conych lub warsztat\u00f3w \u201eZakr\u0119cony Patchwork\u201d. Nie ma mo\u017cliwo\u015bci wykupienia samego noclegu bez wy\u017cywienia \u2013 mamy ustalony pakiet w przyzwoitej cenie.<\/li>\n<\/ul>\n<p>Informacje, jakie warsztaty i kto poprowadzi b\u0119d\u0105 znane w terminie p\u00f3\u017aniejszym.<\/p>\n<p>Dla patchworkowo zakr\u0119conych nie zabraknie \u201cmaterii\u201d, bo go\u015bci\u0107 b\u0119dziemy ciekawe sklepy z tkaninami i przydasiami do patchworku<\/p>\n<p>W razie pyta\u0144 mo\u017cna pisa\u0107, ale p\u00f3ki co, prosz\u0119 uzbroi\u0107 si\u0119 w cierpliwo\u015b\u0107 i da\u0107 nam troszk\u0119 czasu na dogranie spraw organizacyjnych.<br \/>\nOsob\u0105 do kontaktu jest Kasia Kubaszewska, a jej e-mail to: tworczozakreceni@gmail.com<\/p>\n<p>Poniewa\u017c termin warsztat\u00f3w \u201cZakr\u0119cony Patchwork\u201d pokrywa si\u0119 z Dniem Kobiet, wi\u0119c w przypadku oporu wsp\u00f3\u0142partner\u00f3w \u017cyciowych prosz\u0119 u\u017cy\u0107 tego argumentu lub zabra\u0107 ze sob\u0105 oporn\u0105 materi\u0119 na mi\u0142y weekend do Ustronia<\/p>\n<p>Stowarzyszenie Polskiego Patchworku jest Partnerem tego historycznego wydarzenia.<\/p>\n<p><a href=\"https:\/\/www.facebook.com\/gwarekustron\/?__tn__=K-R&amp;eid=ARBPEJUrC6oUy3zESZ56oT4D2q6bBLcPpTDZvMVWkaHibsmNb4mEDYW24ULyNyeMNnjXvfHlx9_63i50&amp;fref=tag&amp;__xts__%5B0%5D=68.ARAZwh0I5WGG4YsIfbisefkz0q8S7ADZXQzLXXjOITp5bbNjfPP0xQcxz5Lj3JA0x0B1euPNP2usjswfHQGoT_mXCDMoOpz0qzfngAafVszb4DeRz8O_Q2MrULWd6I7dJGfBHe4CKa39OYyMmMargOFW_RQlZU_FliMuGczt6fGbJX6uOHuBXxnspxTkUF9IPe9gNvRJWBdjzhelHkYjRjQ5Lru7RsQwp4LawaEARV9_rIZ_qjXiiKH0R9GGPE33jgx7uwNDmrj9k4fqJ2CzZF-RyvGkJg\">Hotel Gwarek Ustro\u0144<\/a>.<\/p>\n<p><a href=\"http:\/\/polskipatchwork.pl\/wp-content\/uploads\/2019\/01\/platat.jpg\"><img data-attachment-id=\"3465\" data-permalink=\"http:\/\/polskipatchwork.pl\/index.php\/2019\/01\/22\/jak-najlepiej-spedzic-dzien-kobiet\/platat\/\" data-orig-file=\"http:\/\/polskipatchwork.pl\/wp-content\/uploads\/2019\/01\/platat.jpg\" data-orig-size=\"681,960\" data-comments-opened=\"0\" data-image-meta=\"{&quot;aperture&quot;:&quot;0&quot;,&quot;credit&quot;:&quot;Katarzyna Kubaszewska&quot;,&quot;camera&quot;:&quot;&quot;,&quot;caption&quot;:&quot;&quot;,&quot;created_timestamp&quot;:&quot;0&quot;,&quot;copyright&quot;:&quot;&quot;,&quot;focal_length&quot;:&quot;0&quot;,&quot;iso&quot;:&quot;0&quot;,&quot;shutter_speed&quot;:&quot;0&quot;,&quot;title&quot;:&quot;&quot;,&quot;orientation&quot;:&quot;0&quot;}\" data-image-title=\"platat\" data-image-description=\"\" data-medium-file=\"http:\/\/polskipatchwork.pl\/wp-content\/uploads\/2019\/01\/platat-213x300.jpg\" data-large-file=\"http:\/\/polskipatchwork.pl\/wp-content\/uploads\/2019\/01\/platat.jpg\" loading=\"lazy\" class=\"aligncenter size-full wp-image-3465\" src=\"http:\/\/polskipatchwork.pl\/wp-content\/uploads\/2019\/01\/platat.jpg\" alt=\"\" width=\"681\" height=\"960\" srcset=\"http:\/\/polskipatchwork.pl\/wp-content\/uploads\/2019\/01\/platat.jpg 681w, http:\/\/polskipatchwork.pl\/wp-content\/uploads\/2019\/01\/platat-213x300.jpg 213w\" sizes=\"(max-width: 681px) 100vw, 681px\" \/><\/a><\/p>\n","protected":false},"excerpt":{"rendered":"<p>Oczywi\u015bcie w towarzystwie patchworkuj\u0105cych kole\u017canek i koleg\u00f3w. Ju\u017c dzi\u015b zapraszamy na I warsztaty pod nazw\u0105 \u201eZAKR\u0118CONY PATCHWORK\u201d, kt\u00f3re odb\u0119d\u0105 si\u0119 w dniach 7-10 marca 2019 r. w Centrum Szkoleniowo-Wypoczynkowym Hotel Gwarek Ustro\u0144. Zasady uczestnictwa&#46;&#46;&#46;<\/p>\n","protected":false},"author":14,"featured_media":3465,"comment_status":"closed","ping_status":"open","sticky":false,"template":"","format":"standard","meta":{"_monsterinsights_skip_tracking":false,"_monsterinsights_sitenote_active":false,"_monsterinsights_sitenote_note":"","_monsterinsights_sitenote_category":0,"spay_email":"","jetpack_publicize_message":"","jetpack_is_tweetstorm":false},"categories":[1,15],"tags":[],"jetpack_featured_media_url":"http:\/\/polskipatchwork.pl\/wp-content\/uploads\/2019\/01\/platat.jpg","jetpack_publicize_connections":[],"jetpack-related-posts":[{"id":6345,"url":"http:\/\/polskipatchwork.pl\/index.php\/2023\/03\/15\/zakrecony-patchwork-w-ustroniu\/","url_meta":{"origin":3464,"position":0},"title":"Zakr\u0119cony patchwork w Ustroniu","date":"15 marca 2023","format":false,"excerpt":"\u00a0 \u00a0 Zakr\u0119cony Patchwork po raz trzeci! Pierwsza edycja odby\u0142a si\u0119 w 2019 roku, druga w 2020. Po przerwie wr\u00f3cili\u015bmy w tym roku do Ustronia z warsztatami i wystaw\u0105. Warsztaty Tw\u00f3rczo Zakr\u0119cone w Ustroniu organizowane s\u0105 przez Kasi\u0119 Kubaszewsk\u0105 i Monik\u0119 Stanowsk\u0105 od wielu lat i zawsze jesieni\u0105. Przyje\u017cd\u017caj\u0105 na\u2026","rel":"","context":"In &quot;Aktualno\u015bci&quot;","img":{"alt_text":"","src":"https:\/\/i1.wp.com\/polskipatchwork.pl\/wp-content\/uploads\/2023\/03\/20230304_171048-150x150.jpg?resize=350%2C200","width":350,"height":200},"classes":[]},{"id":1450,"url":"http:\/\/polskipatchwork.pl\/index.php\/2017\/03\/12\/mozaika-z-tkaniny-warsztaty\/","url_meta":{"origin":3464,"position":1},"title":"Mozaika z tkaniny - warsztaty","date":"12 marca 2017","format":false,"excerpt":"Niewielkie \u015bcinki tkaniny naszywane na t\u0142o mo\u017cna u\u0142o\u017cy\u0107 w ciekaw\u0105 kompozycj\u0119. Aplikacja mozaikowa sprawia wra\u017cenie pracoch\u0142onnej, ale WCALE TAKA NIE JEST. Trzeba tylko pozna\u0107 kilka trick\u00f3w i wykorzysta\u0107 przydatne gad\u017cety. Jak to si\u0119 robi? Dowiecie si\u0119 na warsztatach 17 marca (10.00-16.00) prowadzonych przez Marzen\u0119 Krzewick\u0105, w czasie kt\u00f3rych przygotujecie wierzch\u2026","rel":"","context":"In &quot;Aktualno\u015bci&quot;","img":{"alt_text":"","src":"https:\/\/i0.wp.com\/polskipatchwork.pl\/wp-content\/uploads\/2017\/03\/Marzena_Krzewicka_Makowa-\u0142\u0105ka.jpg?resize=350%2C200","width":350,"height":200},"classes":[]},{"id":3596,"url":"http:\/\/polskipatchwork.pl\/index.php\/2019\/03\/11\/zakrecony-patchwork-ustron-2019\/","url_meta":{"origin":3464,"position":2},"title":"Zakr\u0119cony Patchwork - Ustro\u0144 2019","date":"11 marca 2019","format":false,"excerpt":"\u00a0 W dniach 7 \u2013 10 marca 2019 roku w Ustroniu odby\u0142y si\u0119 pierwsze mi\u0119dzynarodowe warsztaty patchworku pod nazw\u0105 \u201eZakr\u0119cony Patchwork\u201d. Na imprez\u0119 zorganizowan\u0105 przez Warsztaty Tw\u00f3rczo Zakr\u0119cone - Ustro\u0144 zosta\u0142o zaproszone r\u00f3wnie\u017c Stowarzyszenie Polskiego Patchworku - nie mog\u0142o nas tam zabrakn\u0105\u0107. Dobrze si\u0119 z\u0142o\u017cy\u0142o, bo 7 marca min\u0119\u0142a trzecia\u2026","rel":"","context":"In &quot;Aktualno\u015bci&quot;","img":{"alt_text":"","src":"https:\/\/i1.wp.com\/polskipatchwork.pl\/wp-content\/uploads\/2019\/03\/logo.jpg?resize=350%2C200","width":350,"height":200},"classes":[]},{"id":3159,"url":"http:\/\/polskipatchwork.pl\/index.php\/2018\/09\/30\/festiwal-szycia-2018\/","url_meta":{"origin":3464,"position":3},"title":"Festiwal Szycia 2018","date":"30 wrze\u015bnia 2018","format":false,"excerpt":"Dzi\u0119ki go\u015bcinno\u015bci i zaproszeniu Wytw\u00f3rni \u015aliczno\u015bci , Stowarzyszenie uczestniczy\u0142o w Festiwalu Szycia 2018. Festiwal odby\u0142 si\u0119 w dniach 29-30 wrze\u015bnia w Warszawie,\u00a0 w Centrum Handlowym Szembeka, na Pradze. Organizator u\u017cyczy\u0142 na nasze potrzeby pi\u0119kn\u0105 powierzchni\u0119 wystawiennicz\u0105, kt\u00f3r\u0105 wykorzysta\u0142y\u015bmy do powieszenia kilkudziesi\u0119ciu patchwork\u00f3w! R\u00f3wnolegle z aspektem wystawienniczym odbywa\u0142y si\u0119 warsztaty szycia\u2026","rel":"","context":"In &quot;Aktualno\u015bci&quot;","img":{"alt_text":"","src":"https:\/\/i2.wp.com\/polskipatchwork.pl\/wp-content\/uploads\/2018\/09\/0_na-strone.jpg?resize=350%2C200","width":350,"height":200},"classes":[]},{"id":5770,"url":"http:\/\/polskipatchwork.pl\/index.php\/2021\/12\/03\/szyjemy-patchwork-nr-6\/","url_meta":{"origin":3464,"position":4},"title":"\"Szyjemy Patchwork\" nr 6","date":"3 grudnia 2021","format":false,"excerpt":"W listopadzie wyszed\u0142 kolejny, sz\u00f3sty ju\u017c numer magazynu Stowarzyszenia Polskiego Patchworku \u201eSzyjemy patchwork\u201d. Jak poprzednio, autorkami artyku\u0142\u00f3w i tutoriali opublikowanych w naszej gazetce s\u0105 cz\u0142onkinie SPP, kt\u00f3re ch\u0119tnie dziel\u0105 si\u0119 swoj\u0105 wiedz\u0105 i umiej\u0119tno\u015bciami. Tym razem tematem przewodnim by\u0142y r\u00f3\u017cne rodzaje aplikacji. Numer okraszony zosta\u0142 wywiadem przeprowadzonym przez Lenk\u0119 Gali\u0144sk\u0105\u2026","rel":"","context":"In &quot;\"Szyjemy Patchwork\"&quot;","img":{"alt_text":"","src":"https:\/\/i0.wp.com\/polskipatchwork.pl\/wp-content\/uploads\/2021\/12\/okladka-scaled.jpg?resize=350%2C200","width":350,"height":200},"classes":[]},{"id":7390,"url":"http:\/\/polskipatchwork.pl\/index.php\/2025\/11\/14\/patchworkowy-dyptyk-porajski-przedwiosnie\/","url_meta":{"origin":3464,"position":5},"title":"Patchworkowy Dyptyk Porajski  -  Przedwio\u015bnie","date":"14 listopada 2025","format":false,"excerpt":"Stowarzyszenie Polskiego Patchworku obj\u0119\u0142o w 2025 roku patronat nad Patchworkowym Tryptykiem Porajskim. Formu\u0142a spotka\u0144 szyciowych okaza\u0142a si\u0119 du\u017cym sukcesem, odby\u0142y si\u0119 trzy wspania\u0142e spotkania pe\u0142ne patchworkowego klimatu. Na zako\u0144czenie wszyscy uczestnicy zadeklarowali ch\u0119\u0107 uczestnictwa w kolejnych edycjach. Tym samym ju\u017c w pa\u017adzierniku 2025 zosta\u0142y zarezerwowane terminy na 2026 rok. Poniewa\u017c\u2026","rel":"","context":"In &quot;Aktualno\u015bci&quot;","img":{"alt_text":"","src":"https:\/\/i2.wp.com\/polskipatchwork.pl\/wp-content\/uploads\/2025\/11\/Poraj07-scaled.jpg?resize=350%2C200","width":350,"height":200},"classes":[]}],"jetpack_sharing_enabled":true,"jetpack_shortlink":"https:\/\/wp.me\/p7yhvX-TS","_links":{"self":[{"href":"http:\/\/polskipatchwork.pl\/index.php\/wp-json\/wp\/v2\/posts\/3464"}],"collection":[{"href":"http:\/\/polskipatchwork.pl\/index.php\/wp-json\/wp\/v2\/posts"}],"about":[{"href":"http:\/\/polskipatchwork.pl\/index.php\/wp-json\/wp\/v2\/types\/post"}],"author":[{"embeddable":true,"href":"http:\/\/polskipatchwork.pl\/index.php\/wp-json\/wp\/v2\/users\/14"}],"replies":[{"embeddable":true,"href":"http:\/\/polskipatchwork.pl\/index.php\/wp-json\/wp\/v2\/comments?post=3464"}],"version-history":[{"count":2,"href":"http:\/\/polskipatchwork.pl\/index.php\/wp-json\/wp\/v2\/posts\/3464\/revisions"}],"predecessor-version":[{"id":3479,"href":"http:\/\/polskipatchwork.pl\/index.php\/wp-json\/wp\/v2\/posts\/3464\/revisions\/3479"}],"wp:featuredmedia":[{"embeddable":true,"href":"http:\/\/polskipatchwork.pl\/index.php\/wp-json\/wp\/v2\/media\/3465"}],"wp:attachment":[{"href":"http:\/\/polskipatchwork.pl\/index.php\/wp-json\/wp\/v2\/media?parent=3464"}],"wp:term":[{"taxonomy":"category","embeddable":true,"href":"http:\/\/polskipatchwork.pl\/index.php\/wp-json\/wp\/v2\/categories?post=3464"},{"taxonomy":"post_tag","embeddable":true,"href":"http:\/\/polskipatchwork.pl\/index.php\/wp-json\/wp\/v2\/tags?post=3464"}],"curies":[{"name":"wp","href":"https:\/\/api.w.org\/{rel}","templated":true}]}}