{"id":1272,"date":"2016-11-16T11:35:49","date_gmt":"2016-11-16T10:35:49","guid":{"rendered":"http:\/\/polskipatchwork.pl\/?p=1272"},"modified":"2016-11-16T11:35:49","modified_gmt":"2016-11-16T10:35:49","slug":"andrzejki-z-patchworkiem","status":"publish","type":"post","link":"https:\/\/polskipatchwork.pl\/index.php\/2016\/11\/16\/andrzejki-z-patchworkiem\/","title":{"rendered":"Andrzejki z patchworkiem"},"content":{"rendered":"<div align=\"center\"><img src=\"http:\/\/polskipatchwork.pl\/wp-content\/uploads\/2016\/11\/czarownice.gif\" \/><\/div>\n<p>Andrzejkowy wiecz\u00f3r to doskona\u0142a okazja, \u017ceby powr\u00f3\u017cy\u0107 sobie, kiedy \u015bwiat doceni nasze patchworkowe talenty \ud83d\ude09 Stowarzyszenie Polskiego Patchworku (nie myli\u0107 z sabatem czarownic) zaprasza zatem 30 listopada, w godz.17.30 &#8211; 20.00 do Warsztatu Warszawskiego na Placu Konstytucji 4 w Warszawie. B\u0119dzie okazja do pogadania, pochwalenia nowymi dzie\u0142ami i dzie\u0142kami \ud83d\ude1b (nowymi nabytkami te\u017c). Nauczymy si\u0119 r\u00f3wnie\u017c czego\u015b nowego i mi\u0142o sp\u0119dzimy czas w gronie os\u00f3b, kt\u00f3re si\u0119 rozumiej\u0105 w temacie patchworkowym bez s\u0142\u00f3w \ud83d\ude42 . A wi\u0119c &#8211; odpalamy miot\u0142y i do zobaczenia.<\/p>\n","protected":false},"excerpt":{"rendered":"<p>Andrzejkowy wiecz\u00f3r to doskona\u0142a okazja, \u017ceby powr\u00f3\u017cy\u0107 sobie, kiedy \u015bwiat doceni nasze patchworkowe talenty \ud83d\ude09 Stowarzyszenie Polskiego Patchworku (nie myli\u0107 z sabatem czarownic) zaprasza zatem 30 listopada, w godz.17.30 &#8211; 20.00 do Warsztatu Warszawskiego&#46;&#46;&#46;<\/p>\n","protected":false},"author":6,"featured_media":1273,"comment_status":"closed","ping_status":"open","sticky":false,"template":"","format":"standard","meta":{"_monsterinsights_skip_tracking":false,"_monsterinsights_sitenote_active":false,"_monsterinsights_sitenote_note":"","_monsterinsights_sitenote_category":0,"spay_email":"","jetpack_publicize_message":"","jetpack_is_tweetstorm":false},"categories":[1,9],"tags":[],"jetpack_featured_media_url":"https:\/\/polskipatchwork.pl\/wp-content\/uploads\/2016\/11\/czarownice.gif","jetpack_publicize_connections":[],"jetpack-related-posts":[{"id":2889,"url":"https:\/\/polskipatchwork.pl\/index.php\/2018\/07\/11\/patchworkowe-kolonie-w-nieszawie\/","url_meta":{"origin":1272,"position":0},"title":"Patchworkowe \"kolonie\" w Nieszawie","date":"11 lipca 2018","format":false,"excerpt":"W dniach 2 - 8 lipca 2018 Stowarzyszenie Polskiego Patchworku zorganizowa\u0142o patchworkowe \"kolonie\" dla\u00a0 swoich cz\u0142onk\u00f3w.\u00a0 Tygodniowy pobyt w Nieszawie by\u0142 nie tylko form\u0105 wypoczynku letniego, ale i wsp\u00f3lnego szycia oraz wzajemnego przekazywania sobie do\u015bwiadcze\u0144 i wiadomo\u015bci o szyciu patchwork\u00f3w. Zdj\u0119cie grupowe uczestnik\u00f3w W trakcie pracyBy\u0142 czas na wypoczynek Do\u2026","rel":"","context":"In &quot;Aktualno\u015bci&quot;","img":{"alt_text":"","src":"https:\/\/i2.wp.com\/polskipatchwork.pl\/wp-content\/uploads\/2018\/07\/IMG_1292-2.jpg?resize=350%2C200&ssl=1","width":350,"height":200},"classes":[]},{"id":6579,"url":"https:\/\/polskipatchwork.pl\/index.php\/2023\/08\/03\/kolonie-patchworkowe-2023\/","url_meta":{"origin":1272,"position":1},"title":"Kolonie patchworkowe 2023","date":"3 sierpnia 2023","format":false,"excerpt":"Jest ju\u017c tradycj\u0105 Stowarzyszenia Polskiego Patchworku, \u017ce ch\u0119tni cz\u0142onkowie przeznaczaj\u0105 latem czas na wsp\u00f3lne szycie. Podobnie jak w ubieg\u0142ym roku, tygodniowe spotkanie pasjonatek szycia odby\u0142o si\u0119 w ostatnim tygodniu lipca, w Zespole Szk\u00f3\u0142 Mundurowych w Ostrowie ko\u0142o \u0141asku. Do dyspozycji mieli\u015bmy ogromn\u0105 sal\u0119 gimnastyczn\u0105, mieszcz\u0105c\u0105 wszystkich uczestnik\u00f3w kolonii, kilka klas\u2026","rel":"","context":"In &quot;Aktualno\u015bci&quot;","img":{"alt_text":"","src":"https:\/\/i1.wp.com\/polskipatchwork.pl\/wp-content\/uploads\/2023\/08\/20230727-DSC04595.jpeg?resize=350%2C200&ssl=1","width":350,"height":200},"classes":[]},{"id":3683,"url":"https:\/\/polskipatchwork.pl\/index.php\/2019\/04\/17\/galla-grotto-taka-okazja-juz-sie-nie-powtorzy\/","url_meta":{"origin":1272,"position":2},"title":"Galla Grotto. Taka okazja ju\u017c si\u0119 nie powt\u00f3rzy.","date":"17 kwietnia 2019","format":false,"excerpt":"Mamy dla was wspania\u0142\u0105 wiadomo\u015b\u0107. Jak wiedz\u0105 wszyscy zainteresowani, miejsca na kursach Galli Grotto w Warszawie znikn\u0119\u0142y b\u0142yskawicznie. Dlatego na pewno ucieszy was informacja, \u017ce artystka zgodzi\u0142a si\u0119 poprowadzi\u0107 jeszcze jeden kurs. Tym razem w Krakowie, w Fablabie Ma\u0142opolska, ul. Kr\u00f3lewska 65 A.Termin: wtorek 14 maja 2019, godz. 12.00-17.00 Galla\u2026","rel":"","context":"In &quot;Aktualno\u015bci&quot;","img":{"alt_text":"","src":"https:\/\/i1.wp.com\/polskipatchwork.pl\/wp-content\/uploads\/2019\/04\/GallaGrotto.jpg?resize=350%2C200&ssl=1","width":350,"height":200},"classes":[]},{"id":7246,"url":"https:\/\/polskipatchwork.pl\/index.php\/2025\/08\/11\/premiera-projektu-kontrast-na-european-patchwork-meeting-we-francji\/","url_meta":{"origin":1272,"position":3},"title":"Premiera projektu \"Kontrast\" na European Patchwork Meeting we Francji","date":"11 sierpnia 2025","format":false,"excerpt":"30. jubileuszowa wystawa EPM w Sainte-Marie-aux-Mines to \u015bwietna okazja, \u017ceby nie tylko odwiedzi\u0107 wszystkie wystawy patchwork\u00f3w rozmieszczone w czterech lokalizacjach, zakupi\u0107 brakuj\u0105ce patchworkowe tkaniny i przydasie, ale tak\u017ce zwiedzi\u0107 urokliwe miasteczka Alzacji oraz spr\u00f3bowa\u0107 lokalnych przysmak\u00f3w i win. W tym roku go\u015bciem honorowym wystawy b\u0119d\u0105 Australia i Nowa Zelandia. Niecz\u0119sta\u2026","rel":"","context":"In &quot;Aktualno\u015bci&quot;","img":{"alt_text":"","src":"https:\/\/i1.wp.com\/polskipatchwork.pl\/wp-content\/uploads\/2025\/08\/CEP25_1200-x-630-EN.jpg?resize=350%2C200&ssl=1","width":350,"height":200},"classes":[]},{"id":7206,"url":"https:\/\/polskipatchwork.pl\/index.php\/2025\/07\/22\/kolonie-patchworkowe-garbatka-letnisko-2025\/","url_meta":{"origin":1272,"position":4},"title":"Kolonie patchworkowe - Garbatka Letnisko 2025","date":"22 lipca 2025","format":false,"excerpt":"Kolonie patchworkowe w Garbatce Letnisku ju\u017c za nami. Kolejne ju\u017c stowarzyszeniowe kolonie patchworkowe odby\u0142y si\u0119 tym razem w Garbatce Letnisku, w pi\u0119knej miejscowo\u015bci z tradycjami letniskowymi. Ju\u017c w okresie mi\u0119dzywojennym Garbatka zas\u0142yn\u0119\u0142a jako kurort letniskowy, odwiedzany przez rzesze turyst\u00f3w. Miejsce kolonii by\u0142o nietuzinkowe, bo w Zespole Szk\u00f3\u0142 Drzewnych i Le\u015bnych\u2026","rel":"","context":"In &quot;Aktualno\u015bci&quot;","img":{"alt_text":"","src":"https:\/\/i0.wp.com\/polskipatchwork.pl\/wp-content\/uploads\/2025\/07\/Garbatka04.jpg?resize=350%2C200&ssl=1","width":350,"height":200},"classes":[]},{"id":1958,"url":"https:\/\/polskipatchwork.pl\/index.php\/2017\/09\/01\/patchworkowe-darcie-pierza-w-sierpniu-2017\/","url_meta":{"origin":1272,"position":5},"title":"Patchworkowe Darcie Pierza w sierpniu 2017","date":"1 wrze\u015bnia 2017","format":false,"excerpt":"Wczoraj (31.08.2017) odby\u0142o si\u0119 sierpniowe Patchworkowe Darcie Pierza zorganizowane przez Szko\u0142\u0119 Patchworku. Tym razem przy\u0142\u0105czy\u0142y\u015bmy si\u0119 do akcji szycia maskotek dla dzieci przebywaj\u0105cych na oddzia\u0142ach szpitalnych. Mia\u0142y\u015bmy mn\u00f3stwo pomys\u0142\u00f3w na to co te\u017c si\u0119 dzieciakom spodoba\u0107 mo\u017ce \u2013 powsta\u0142y wi\u0119c polarowe, milusie koniki, psiaki, dinozaury, s\u0142oniki i kociaki \u2013 zwierz\u0119ta\u2026","rel":"","context":"In &quot;Aktualno\u015bci&quot;","img":{"alt_text":"","src":"https:\/\/i1.wp.com\/polskipatchwork.pl\/wp-content\/uploads\/2017\/09\/IMG_20170831_195229.jpg?resize=350%2C200&ssl=1","width":350,"height":200},"classes":[]}],"jetpack_sharing_enabled":true,"jetpack_shortlink":"https:\/\/wp.me\/p7yhvX-kw","_links":{"self":[{"href":"https:\/\/polskipatchwork.pl\/index.php\/wp-json\/wp\/v2\/posts\/1272"}],"collection":[{"href":"https:\/\/polskipatchwork.pl\/index.php\/wp-json\/wp\/v2\/posts"}],"about":[{"href":"https:\/\/polskipatchwork.pl\/index.php\/wp-json\/wp\/v2\/types\/post"}],"author":[{"embeddable":true,"href":"https:\/\/polskipatchwork.pl\/index.php\/wp-json\/wp\/v2\/users\/6"}],"replies":[{"embeddable":true,"href":"https:\/\/polskipatchwork.pl\/index.php\/wp-json\/wp\/v2\/comments?post=1272"}],"version-history":[{"count":4,"href":"https:\/\/polskipatchwork.pl\/index.php\/wp-json\/wp\/v2\/posts\/1272\/revisions"}],"predecessor-version":[{"id":1277,"href":"https:\/\/polskipatchwork.pl\/index.php\/wp-json\/wp\/v2\/posts\/1272\/revisions\/1277"}],"wp:featuredmedia":[{"embeddable":true,"href":"https:\/\/polskipatchwork.pl\/index.php\/wp-json\/wp\/v2\/media\/1273"}],"wp:attachment":[{"href":"https:\/\/polskipatchwork.pl\/index.php\/wp-json\/wp\/v2\/media?parent=1272"}],"wp:term":[{"taxonomy":"category","embeddable":true,"href":"https:\/\/polskipatchwork.pl\/index.php\/wp-json\/wp\/v2\/categories?post=1272"},{"taxonomy":"post_tag","embeddable":true,"href":"https:\/\/polskipatchwork.pl\/index.php\/wp-json\/wp\/v2\/tags?post=1272"}],"curies":[{"name":"wp","href":"https:\/\/api.w.org\/{rel}","templated":true}]}}