{"id":1308,"date":"2017-01-08T21:15:30","date_gmt":"2017-01-08T20:15:30","guid":{"rendered":"http:\/\/polskipatchwork.pl\/?p=1308"},"modified":"2017-01-08T21:39:50","modified_gmt":"2017-01-08T20:39:50","slug":"praga-2017-jest-jeszcze-czas","status":"publish","type":"post","link":"https:\/\/polskipatchwork.pl\/index.php\/2017\/01\/08\/praga-2017-jest-jeszcze-czas\/","title":{"rendered":"Praga 2017 \u2013 jest jeszcze czas"},"content":{"rendered":"<p><img data-attachment-id=\"1307\" data-permalink=\"https:\/\/polskipatchwork.pl\/index.php\/2017\/01\/08\/praga-2017-jest-jeszcze-czas\/ppm_logo\/\" data-orig-file=\"https:\/\/polskipatchwork.pl\/wp-content\/uploads\/2017\/01\/ppm_logo.jpg\" data-orig-size=\"604,302\" data-comments-opened=\"0\" data-image-meta=\"{&quot;aperture&quot;:&quot;0&quot;,&quot;credit&quot;:&quot;&quot;,&quot;camera&quot;:&quot;&quot;,&quot;caption&quot;:&quot;&quot;,&quot;created_timestamp&quot;:&quot;0&quot;,&quot;copyright&quot;:&quot;&quot;,&quot;focal_length&quot;:&quot;0&quot;,&quot;iso&quot;:&quot;0&quot;,&quot;shutter_speed&quot;:&quot;0&quot;,&quot;title&quot;:&quot;&quot;,&quot;orientation&quot;:&quot;0&quot;}\" data-image-title=\"ppm_logo\" data-image-description=\"\" data-medium-file=\"https:\/\/polskipatchwork.pl\/wp-content\/uploads\/2017\/01\/ppm_logo-300x150.jpg\" data-large-file=\"https:\/\/polskipatchwork.pl\/wp-content\/uploads\/2017\/01\/ppm_logo.jpg\" loading=\"lazy\" src=\"http:\/\/polskipatchwork.pl\/wp-content\/uploads\/2017\/01\/ppm_logo-300x150.jpg\" alt=\"ppm_logo\" width=\"300\" height=\"150\" class=\"alignleft size-medium wp-image-1307\" srcset=\"https:\/\/polskipatchwork.pl\/wp-content\/uploads\/2017\/01\/ppm_logo-300x150.jpg 300w, https:\/\/polskipatchwork.pl\/wp-content\/uploads\/2017\/01\/ppm_logo.jpg 604w\" sizes=\"(max-width: 300px) 100vw, 300px\" \/>Szybkimi krokami zbli\u017ca si\u0119 termin nadsy\u0142ania zg\u0142osze\u0144 na  mi\u0119dzynarodow\u0105 wystaw\u0119 Prague Patchwork Meeting.  W tym roku 11. ju\u017c spotkanie quilterek i quilter\u00f3w z tej cz\u0119\u015bci Europy odb\u0119dzie si\u0119 w dniach 31 marca-2 kwietnia.  O tematach konkurs\u00f3w informowali\u015bmy ju\u017c wcze\u015bniej, a tutaj, dla waszej wygody, zbierzemy wszystkie informacje. Informacje by\u0142y konsultowane z organizatorami wystawy w Pradze.<br \/>\nNa wystaw\u0119 mo\u017cna nades\u0142a\u0107 swoje prace, kt\u00f3re nie musz\u0105 bra\u0107 udzia\u0142u w konkursach.  Nie ma warunku, \u017ce prace nie mog\u0142y by\u0107 wystawiane wcze\u015bniej. Nie ma ograniczenia tematycznego. Nie ma ograniczenia  co do ilo\u015bci nades\u0142anych quilt\u00f3w. Limitowa\u0107 was b\u0119dzie pewnie tylko waga i cena przesy\u0142ki.<br \/>\nJe\u015bli jednak kto\u015b chce wzi\u0105\u0107 udzia\u0142 w konkursach,  oto one. Na konkurs mo\u017cna wys\u0142a\u0107 wi\u0119cej ni\u017c jedn\u0105 prac\u0119 w poszczeg\u00f3lnych kategoriach.  Ka\u017cda praca powinna mie\u0107 z ty\u0142u tunel szeroko\u015bci  8 cm (je\u015bli b\u0119dzie szerszy, to nie ma problemu)<\/p>\n<p><strong>Mi\u0119dzynarodowy konkurs pn \u201eStruktury\u201d \u2013 styl dowolny<\/strong><br \/>\nWymiary quiltu: szeroko\u015b\u0107  80-95 x d\u0142ugo\u015b\u0107  110-125 cm z tolerancj\u0105 10%, wraz ze wszystkimi wystaj\u0105cymi cz\u0119\u015bciami.<br \/>\nG\u0142\u00f3wnym kryterium jest realizacja tematu, praca powinna sk\u0142adada\u0107  si\u0119 z wielu przepikowanych warstw.<br \/>\n Je\u017celi dany quilt nie spe\u0142ni warunk\u00f3w, zostanie przesuni\u0119ty do innej sekcji (quilty bez zadanego tematu). Prace b\u0119d\u0105 oceniane  przez mi\u0119dzynarodowe jury.<\/p>\n<p><strong>Konkurs w kategorii klasycznej pn \u201eKlasyczne krzywe\u201d<\/strong><br \/>\nWymiary quiltu: d\u0142ugo\u015b\u0107 jednego boku musi zawiera\u0107 si\u0119 w przedziale 150 \u2013 220 cm z tolerancj\u0105 10%, powinna to by\u0107 klasyczna pikowana kanapka. Prace b\u0119d\u0105 oceniane przez mi\u0119dzynarodowe jury.<br \/>\n<span style='color:#1766ff;'>(<strong>podpowied\u017a SPP:<\/strong>  w tej kategorii chodzi o klasyk\u0119 typu: Drunkard\u2019s Path, Winding Ways, Clamshells, Orange Peel, itp \u2013 to tylko kilka przyk\u0142ad\u00f3w)<\/span><\/p>\n<p><strong>Rejestracja<\/strong><br \/>\nPrac\u0119 nale\u017cy zg\u0142osi\u0107 do <strong>20 lutego 2017 r.<\/strong> korzystaj\u0105c z formularza na stronie Festiwalu.<br \/>\n<a href=\"http:\/\/www.praguepatchworkmeeting.com\/downloads\/praguepatchworkmeeting-2017-prihlaska-en-rev1.pdf\" target=\"_blank\"><strong>formularz<\/strong><\/a><br \/>\nNale\u017cy do\u0142\u0105czy\u0107 zdj\u0119cie ca\u0142ego quiltu oraz zdj\u0119cie detalu pracy.<br \/>\nKa\u017cdy quilt musi by\u0107 zg\u0142oszony na oddzielnym formularzu.<br \/>\nZg\u0142oszenia mo\u017cna wys\u0142a\u0107 poczt\u0105 na adres:<br \/>\n<strong>Prague Patchwork Meeting,<br \/>\nP\u0159istavni 321\/14,<br \/>\n170 00 Praha 7,<br \/>\nCzech Republic <\/strong><br \/>\nlub zeskanowa\u0107 i wys\u0142a\u0107 e-mailem na adres:<br \/>\n<a href=\"mailto:exhibition@praguepatchworkmeeting.com \"><strong>adres mailowy<\/strong><\/a><\/p>\n<p>Prac\u0119\/prace nale\u017cy nades\u0142a\u0107 do <strong>15 marca 2017 r.<\/strong> na w\/w adres.<\/p>\n<p><strong>Op\u0142aty<\/strong><br \/>\nAutorzy indywidualnych prac oraz autorzy prac w kategoriach \u201eStruktury\u201d i \u201eKlasyczne krzywe\u201d<\/p>\n<ul>\n<li>a.\tJeden quilt:  20 \u20ac<\/li>\n<li>b.\tDwa quilty: 35 \u20ac<\/li>\n<li>c.\tTrzy quilty: 50 \u20ac <\/li>\n<li>d.\tKa\u017cdy kolejny quilt: 15 \u20ac<\/li>\n<\/ul>\n<p>Op\u0142ata za odes\u0142anie quiltu (o ile nie odbieramy go osobi\u015bcie w dniu zako\u0144czenia wystawy) wynosi: <\/p>\n<ul>\n<li>30  \u20ac &#8211; do dw\u00f3ch quilt\u00f3w <\/li>\n<\/ul>\n<p>Je\u015bli zg\u0142oszone by\u0142y np. trzy quilty, to odes\u0142anie trzeciego wyniesie 30 \u20ac.<br \/>\n<span style='color:#1766ff;'>(<strong>podpowied\u017a SPP:<\/strong> je\u015bli kto\u015b wybiera si\u0119 do Pragi, b\u0119dzie tam w dniu zako\u0144czenia wystawy i b\u0119dzie dysponowa\u0142 mo\u017cliwo\u015bci\u0105 odebrania prac po zako\u0144czonej wystawie (zwykle g. 16.30), to warto um\u00f3wi\u0107 si\u0119 z tak\u0105 osob\u0105, \u017ceby odebra\u0142a i wasze quilty. Przesy\u0142ka w Polsce b\u0119dzie ta\u0144sza.)<\/span><\/p>\n<p>Op\u0142aty nale\u017cy wnie\u015b\u0107 dla:<br \/>\n<strong>Prague Patchwork Meeting,<br \/>\nUniCredit Bank,<br \/>\nnr konta: IBAN CZ87 2700 0000 0005 1725 8009. SWIFT: BACXCZPP<\/strong><br \/>\nPo zaksi\u0119gowaniu wp\u0142aty nazwisko uczestnika pojawi si\u0119 na li\u015bcie.<br \/>\nW przypadku dodatkowych pyta\u0144 mo\u017cna wys\u0142a\u0107 E-mail na adres:<a href=\"mailto:exhibition@praguepatchworkmeeting.com \"><strong>adres mailowy<\/strong><\/a> <\/p>\n<p>Podczas trwania wystawy b\u0119dzie mo\u017cna wzi\u0105\u0107 udzia\u0142 w ciekawych kursach.<br \/>\n<a href=\"https:\/\/www.facebook.com\/PraguePatchworkMeeting\/photos\/?tab=album&#038;album_id=10153992190407231\" target=\"_blank\">Album na temat kurs\u00f3w<\/a><br \/>\n<a href=\"https:\/\/www.facebook.com\/PraguePatchworkMeeting\/photos\/ms.c.eJxlz8ENwDAIQ9GNImxCifdfrFVPkbk~_fUAgUCkRigaZWLgk2mUPOS5n7PkSE3GIN8CeYrdAuGT4FNubKm9KLs~;~;1wtUfzl5.bps.a.10153992190407231.1073741836.166934852230\/10153992190707231\/?type=3&#038;theater\" target=\"_blank\">Lista kurs\u00f3w wersja angielska<\/a><br \/>\n<a href=\"https:\/\/www.facebook.com\/PraguePatchworkMeeting\/photos\/ms.c.eJxlz8ENwDAIQ9GNImxCifdfrFVPkbk~_fUAgUCkRigaZWLgk2mUPOS5n7PkSE3GIN8CeYrdAuGT4FNubKm9KLs~;~;1wtUfzl5.bps.a.10153992190407231.1073741836.166934852230\/10153992190707231\/?type=3&#038;theater\" target=\"_blank\">Lista kurs\u00f3w wersja czeska<\/a><\/p>\n<p>Pomijamy informacje o kategorii klubowej czy wewn\u0119trznej czeskiej.<br \/>\nDzi\u0119kujemy Oldze i Agnieszce za wk\u0142ad w t\u0142umaczenie informacji.<br \/>\nZach\u0119camy do wystartowania w konkursach!<\/p>\n","protected":false},"excerpt":{"rendered":"<p>Szybkimi krokami zbli\u017ca si\u0119 termin nadsy\u0142ania zg\u0142osze\u0144 na mi\u0119dzynarodow\u0105 wystaw\u0119 Prague Patchwork Meeting. W tym roku 11. ju\u017c spotkanie quilterek i quilter\u00f3w z tej cz\u0119\u015bci Europy odb\u0119dzie si\u0119 w dniach 31 marca-2 kwietnia. O&#46;&#46;&#46;<\/p>\n","protected":false},"author":6,"featured_media":1307,"comment_status":"closed","ping_status":"open","sticky":false,"template":"","format":"standard","meta":{"_monsterinsights_skip_tracking":false,"_monsterinsights_sitenote_active":false,"_monsterinsights_sitenote_note":"","_monsterinsights_sitenote_category":0,"spay_email":"","jetpack_publicize_message":"","jetpack_is_tweetstorm":false},"categories":[1,14,15,10],"tags":[],"jetpack_featured_media_url":"https:\/\/polskipatchwork.pl\/wp-content\/uploads\/2017\/01\/ppm_logo.jpg","jetpack_publicize_connections":[],"jetpack-related-posts":[{"id":7010,"url":"https:\/\/polskipatchwork.pl\/index.php\/2024\/10\/30\/spontaniczna-wystawa\/","url_meta":{"origin":1308,"position":0},"title":"Spontaniczna wystawa","date":"30 pa\u017adziernika 2024","format":false,"excerpt":"Zapraszamy do udzia\u0142u w bardzo spontanicznej akcji. Zawalczmy o udzia\u0142 w wielkiej europejskiej imprezie patchworkowej -\u00a0 30. edycji wystawy Carrefour Europ\u00e9en du Patchwork w Alzacji. Chcemy zg\u0142osi\u0107 polsk\u0105 wystaw\u0119. Te, kt\u00f3rymi dysponujemy, nie spe\u0142niaj\u0105 wymaga\u0144 stawianych przez organizator\u00f3w, poniewa\u017c warunkiem przyj\u0119cia wystawy na EPM, jest to, \u017ce przynajmniej po\u0142owa prac\u2026","rel":"","context":"In &quot;Aktualno\u015bci&quot;","img":{"alt_text":"","src":"","width":0,"height":0},"classes":[]},{"id":2787,"url":"https:\/\/polskipatchwork.pl\/index.php\/2018\/05\/24\/festival-of-quilts-birmingham-2018\/","url_meta":{"origin":1308,"position":1},"title":"Festival of Quilts - Birmingham 2018","date":"24 maja 2018","format":false,"excerpt":"\u00a0 Festival of Quilts w Birmingham \u2013 ostatnie chwile, \u017ceby wys\u0142a\u0107 zg\u0142oszenie Przypominamy, \u017ce jeszcze do ko\u0144ca maja macie czas, \u017ceby wys\u0142a\u0107 zg\u0142oszenie swojego quiltu, na t\u0119 najwi\u0119ksz\u0105 europejsk\u0105 wystaw\u0119. Pami\u0119tajcie, to jest tylko zg\u0142oszenie pracy. Mo\u017cna to zrobi\u0107 drog\u0105 internetow\u0105, korzystaj\u0105c z linka na tej stronie: klik Wystarczy okre\u015bli\u0107\u2026","rel":"","context":"In &quot;Aktualno\u015bci&quot;","img":{"alt_text":"","src":"https:\/\/i2.wp.com\/polskipatchwork.pl\/wp-content\/uploads\/2018\/05\/Birmingham2018_baner.jpg?resize=350%2C200&ssl=1","width":350,"height":200},"classes":[]},{"id":2518,"url":"https:\/\/polskipatchwork.pl\/index.php\/2018\/01\/25\/swiat-lat-i-kolorow-patchwork-w-boleslawcu\/","url_meta":{"origin":1308,"position":2},"title":"\u015awiat tkanin i kolor\u00f3w - Patchwork w Boles\u0142awcu","date":"25 stycznia 2018","format":false,"excerpt":"Nie przebrzmia\u0142y jeszcze echa wernisa\u017cu wystawy grupy Patchwork Cokolwiek Pomorski, a my mamy kolejn\u0105 niespodziank\u0119. Przedstawiamy Wam tre\u015b\u0107 og\u0142oszenia przygotowan\u0105 przez Jolant\u0119 Filipowicz. Dzi\u0119ki inicjatywie Boles\u0142awieckiego O\u015brodka Kultury \u2013 Mi\u0119dzynarodowe Centrum Ceramiki i cz\u0142onkini Stowarzyszenia Polskiego Patchworku, Jolancie Filipowicz z Boles\u0142awca, oraz wsparciu SPP mamy przyjemno\u015b\u0107 zaprosi\u0107 wszystkich do wzi\u0119cia\u2026","rel":"","context":"In &quot;Aktualno\u015bci&quot;","img":{"alt_text":"","src":"https:\/\/i0.wp.com\/polskipatchwork.pl\/wp-content\/uploads\/2018\/01\/\u015aWIAT-\u0141AT-I-KOLOR\u00d3W-\u2013-PATCHWORK-W-BOLES\u0141AWCU-3.png?resize=350%2C200&ssl=1","width":350,"height":200},"classes":[]},{"id":2378,"url":"https:\/\/polskipatchwork.pl\/index.php\/2017\/12\/11\/orient-druga-odslona\/","url_meta":{"origin":1308,"position":3},"title":"\u201eOrient\u201d \u2013 druga ods\u0142ona","date":"11 grudnia 2017","format":false,"excerpt":"Mi\u0119dzynarodowa wystawa patchwork\u00f3w pn. \u201eOrient\u201d tym razem cieszy bogactwem kolor\u00f3w wszystkich, kt\u00f3rzy odwiedz\u0105 Teatr Ziemi Rybnickiej w Rybniku.\u00a0 W pi\u0105tek 1 grudnia mia\u0142 tam miejsce wernisa\u017c wystawy, b\u0119d\u0105cej efektem trzeciej edycji projektu, kt\u00f3remu patronuje firma Bernina. Dzi\u0119ki ogromnemu zaanga\u017cowaniu pana Wolfganga Eibischa, kt\u00f3ry jest pomys\u0142odawc\u0105\u00a0 tego niezwyk\u0142ego projektu, mo\u017cemy dzi\u015b\u2026","rel":"","context":"In &quot;Aktualno\u015bci&quot;","img":{"alt_text":"","src":"https:\/\/i0.wp.com\/polskipatchwork.pl\/wp-content\/uploads\/2017\/12\/IMG_0676.jpg?resize=350%2C200&ssl=1","width":350,"height":200},"classes":[]},{"id":1033,"url":"https:\/\/polskipatchwork.pl\/index.php\/2016\/07\/20\/zielona-gora-zaprasza-wystawa-patchworkowa-przyroda\/","url_meta":{"origin":1308,"position":4},"title":"Zielona G\u00f3ra zaprasza - wystawa \"Patchworkowa przyroda\"","date":"20 lipca 2016","format":false,"excerpt":"Wystawa patchwork\u00f3w \u201ePATCHWORKOWA PRZYRODA\u201d w Centrum Nauki Keplera - Centrum Przyrodniczym w Zielonej G\u00f3rze Dzi\u0119ki inicjatywie grupy Lub.Patchwork.pl , wsparciu Stowarzyszenia Polskiego Patchworku i wsp\u00f3\u0142pracy z Centrum Nauki Keplera w Zielonej G\u00f3rze, mamy wielk\u0105 przyjemno\u015bci zaprosi\u0107 wszystkich do wzi\u0119cia udzia\u0142u w wystawie pn. \u201ePatchworkowa przyroda\u201d. Wystawa b\u0119dzie mia\u0142a miejsce w\u2026","rel":"","context":"In &quot;Aktualno\u015bci&quot;","img":{"alt_text":"","src":"https:\/\/i1.wp.com\/polskipatchwork.pl\/wp-content\/uploads\/2016\/07\/mosaic_patch.jpg?resize=350%2C200&ssl=1","width":350,"height":200},"classes":[]},{"id":3562,"url":"https:\/\/polskipatchwork.pl\/index.php\/2019\/03\/04\/kolorowy-swiat-artystycznych-quiltow-gaili-grotto\/","url_meta":{"origin":1308,"position":5},"title":"Kolorowy \u015bwiat artystycznych quilt\u00f3w GaIli Grotto","date":"4 marca 2019","format":false,"excerpt":"Galla jest profesjonaln\u0105 artystk\u0105 malark\u0105 mieszkaj\u0105c\u0105 we Francji. Jest z wykszta\u0142cenia projektantk\u0105 wn\u0119trz i sztuki ulicy. Pracuje w tych dziedzinach od 20 lat. Z entuzjazmem anga\u017cowa\u0142a si\u0119 w wiele dzia\u0142a\u0144: by\u0142a dziennikark\u0105 w czasopismach, redaktork\u0105 w telewizji, pisa\u0142a ksi\u0105\u017cki. W jej \u017cyciu malarstwo zajmuje wa\u017cne miejsce, dlatego nadal uczestniczy w\u2026","rel":"","context":"In &quot;Aktualno\u015bci&quot;","img":{"alt_text":"","src":"https:\/\/i0.wp.com\/polskipatchwork.pl\/wp-content\/uploads\/2019\/03\/Gala.jpg?resize=350%2C200&ssl=1","width":350,"height":200},"classes":[]}],"jetpack_sharing_enabled":true,"jetpack_shortlink":"https:\/\/wp.me\/p7yhvX-l6","_links":{"self":[{"href":"https:\/\/polskipatchwork.pl\/index.php\/wp-json\/wp\/v2\/posts\/1308"}],"collection":[{"href":"https:\/\/polskipatchwork.pl\/index.php\/wp-json\/wp\/v2\/posts"}],"about":[{"href":"https:\/\/polskipatchwork.pl\/index.php\/wp-json\/wp\/v2\/types\/post"}],"author":[{"embeddable":true,"href":"https:\/\/polskipatchwork.pl\/index.php\/wp-json\/wp\/v2\/users\/6"}],"replies":[{"embeddable":true,"href":"https:\/\/polskipatchwork.pl\/index.php\/wp-json\/wp\/v2\/comments?post=1308"}],"version-history":[{"count":12,"href":"https:\/\/polskipatchwork.pl\/index.php\/wp-json\/wp\/v2\/posts\/1308\/revisions"}],"predecessor-version":[{"id":1320,"href":"https:\/\/polskipatchwork.pl\/index.php\/wp-json\/wp\/v2\/posts\/1308\/revisions\/1320"}],"wp:featuredmedia":[{"embeddable":true,"href":"https:\/\/polskipatchwork.pl\/index.php\/wp-json\/wp\/v2\/media\/1307"}],"wp:attachment":[{"href":"https:\/\/polskipatchwork.pl\/index.php\/wp-json\/wp\/v2\/media?parent=1308"}],"wp:term":[{"taxonomy":"category","embeddable":true,"href":"https:\/\/polskipatchwork.pl\/index.php\/wp-json\/wp\/v2\/categories?post=1308"},{"taxonomy":"post_tag","embeddable":true,"href":"https:\/\/polskipatchwork.pl\/index.php\/wp-json\/wp\/v2\/tags?post=1308"}],"curies":[{"name":"wp","href":"https:\/\/api.w.org\/{rel}","templated":true}]}}