{"id":2496,"date":"2018-01-15T18:27:32","date_gmt":"2018-01-15T17:27:32","guid":{"rendered":"http:\/\/polskipatchwork.pl\/?p=2496"},"modified":"2018-01-15T18:27:32","modified_gmt":"2018-01-15T17:27:32","slug":"przestrzen-sensoryczna-wystawa-patchworkow-anny-slawinskiej","status":"publish","type":"post","link":"https:\/\/polskipatchwork.pl\/index.php\/2018\/01\/15\/przestrzen-sensoryczna-wystawa-patchworkow-anny-slawinskiej\/","title":{"rendered":"Przestrze\u0144 sensoryczna. Wystawa patchwork\u00f3w Anny S\u0142awi\u0144skiej"},"content":{"rendered":"<p>Serdecznie zapraszamy na wystaw\u0119 indywidualn\u0105 Anny S\u0142awi\u0144skiej &#8220;Przestrze\u0144 sensoryczna&#8221;.<\/p>\n<p>Pierwsza taka wystawa, w maju ubieg\u0142ego roku, cieszy\u0142a si\u0119 du\u017cym powodzeniem. Na tej autorka poka\u017ce\u00a0nowe quilty, a tak\u017ce praktyczne oblicze patchworku: ubrania, parawany i lampy.<br \/>\nWernisa\u017c 24 stycznia 2018 r.o godzinie 14.00.<br \/>\nWystawa potrwa do 16 lutego.<\/p>\n<p><a href=\"http:\/\/polskipatchwork.pl\/wp-content\/uploads\/2018\/01\/aslawinska.jpg\"><img data-attachment-id=\"2497\" data-permalink=\"https:\/\/polskipatchwork.pl\/index.php\/2018\/01\/15\/przestrzen-sensoryczna-wystawa-patchworkow-anny-slawinskiej\/aslawinska\/\" data-orig-file=\"https:\/\/polskipatchwork.pl\/wp-content\/uploads\/2018\/01\/aslawinska.jpg\" data-orig-size=\"550,675\" data-comments-opened=\"0\" data-image-meta=\"{&quot;aperture&quot;:&quot;0&quot;,&quot;credit&quot;:&quot;&quot;,&quot;camera&quot;:&quot;&quot;,&quot;caption&quot;:&quot;&quot;,&quot;created_timestamp&quot;:&quot;0&quot;,&quot;copyright&quot;:&quot;&quot;,&quot;focal_length&quot;:&quot;0&quot;,&quot;iso&quot;:&quot;0&quot;,&quot;shutter_speed&quot;:&quot;0&quot;,&quot;title&quot;:&quot;&quot;,&quot;orientation&quot;:&quot;0&quot;}\" data-image-title=\"aslawinska\" data-image-description=\"\" data-medium-file=\"https:\/\/polskipatchwork.pl\/wp-content\/uploads\/2018\/01\/aslawinska-244x300.jpg\" data-large-file=\"https:\/\/polskipatchwork.pl\/wp-content\/uploads\/2018\/01\/aslawinska.jpg\" loading=\"lazy\" class=\"aligncenter size-full wp-image-2497\" src=\"http:\/\/polskipatchwork.pl\/wp-content\/uploads\/2018\/01\/aslawinska.jpg\" alt=\"aslawinska\" width=\"550\" height=\"675\" srcset=\"https:\/\/polskipatchwork.pl\/wp-content\/uploads\/2018\/01\/aslawinska.jpg 550w, https:\/\/polskipatchwork.pl\/wp-content\/uploads\/2018\/01\/aslawinska-244x300.jpg 244w\" sizes=\"(max-width: 550px) 100vw, 550px\" \/><\/a><\/p>\n<p>Wydarzenie na FB:\u00a0<a href=\"https:\/\/www.facebook.com\/events\/201726563717165\/\" target=\"_blank\">https:\/\/www.facebook.com\/events\/201726563717165\/<\/a><\/p>\n","protected":false},"excerpt":{"rendered":"<p>Serdecznie zapraszamy na wystaw\u0119 indywidualn\u0105 Anny S\u0142awi\u0144skiej &#8220;Przestrze\u0144 sensoryczna&#8221;. Pierwsza taka wystawa, w maju ubieg\u0142ego roku, cieszy\u0142a si\u0119 du\u017cym powodzeniem. Na tej autorka poka\u017ce\u00a0nowe quilty, a tak\u017ce praktyczne oblicze patchworku: ubrania, parawany i lampy.&#46;&#46;&#46;<\/p>\n","protected":false},"author":14,"featured_media":2497,"comment_status":"closed","ping_status":"open","sticky":false,"template":"","format":"standard","meta":{"_monsterinsights_skip_tracking":false,"_monsterinsights_sitenote_active":false,"_monsterinsights_sitenote_note":"","_monsterinsights_sitenote_category":0,"spay_email":"","jetpack_publicize_message":"","jetpack_is_tweetstorm":false},"categories":[1,10],"tags":[12],"jetpack_featured_media_url":"https:\/\/polskipatchwork.pl\/wp-content\/uploads\/2018\/01\/aslawinska.jpg","jetpack_publicize_connections":[],"jetpack-related-posts":[{"id":1551,"url":"https:\/\/polskipatchwork.pl\/index.php\/2017\/05\/08\/przestrzen-sensoryczna-wystawa-anny-slawinskiej\/","url_meta":{"origin":2496,"position":0},"title":"Przestrze\u0144 sensoryczna - wystawa Anny S\u0142awi\u0144skiej","date":"8 maja 2017","format":false,"excerpt":"Przestrze\u0144 sensoryczna - to tytu\u0142 indywidualnej wystawy patchwork\u00f3w Anny S\u0142awi\u0144skiej. Prace Ani i j\u0105 sam\u0105 znacie dobrze ze stron jej bloga i zaj\u0119\u0107 w Szkole Patchworku. Ania szyje patchworki ju\u017c ponad 35 lat. Najbardziej lubi nurt quiltu artystycznego. Szycie dziubek-w-dziubek plasuje si\u0119 na ko\u0144cu listy jej ulubionych metod tworzenia patchwork\u00f3w.\u2026","rel":"","context":"In &quot;Aktualno\u015bci&quot;","img":{"alt_text":"","src":"https:\/\/i1.wp.com\/polskipatchwork.pl\/wp-content\/uploads\/2017\/05\/plakat_AS.jpg?resize=350%2C200&ssl=1","width":350,"height":200},"classes":[]},{"id":3016,"url":"https:\/\/polskipatchwork.pl\/index.php\/2018\/07\/22\/sukces-anny-slawinskiej-w-konkursie-z-nici-ariadny\/","url_meta":{"origin":2496,"position":1},"title":"Sukces Anny S\u0142awi\u0144skiej w konkursie \"Z nici Ariadny\"","date":"22 lipca 2018","format":false,"excerpt":"Niedawno w Muzeum W\u0142\u00f3kiennictwa w \u0141odzi rozpocz\u0119\u0142a si\u0119\u00a0 VI Og\u00f3lnopolska Wystawa R\u0119kodzie\u0142a Artystycznego \"Z nici Ariadny\". Nasza kole\u017canka Ania S\u0142awi\u0144ska zdoby\u0142a na niej dwa wyr\u00f3\u017cnienia za quilt \u201eDrzewo Kujawskie\u201d. Wyr\u00f3\u017cnienia przyzna\u0142y Centralne Muzeum W\u0142\u00f3kiennictwa w \u0141odzi i firma Wojtek.com.pl Informacj\u0119 o wystawie i pe\u0142n\u0105 list\u0119 nagrodzonych w r\u00f3\u017cnych kategoriach publikuj\u0105\u2026","rel":"","context":"In &quot;Aktualno\u015bci&quot;","img":{"alt_text":"","src":"https:\/\/i1.wp.com\/polskipatchwork.pl\/wp-content\/uploads\/2018\/07\/z-nici-ariadny.jpg?resize=350%2C200&ssl=1","width":350,"height":200},"classes":[]},{"id":2843,"url":"https:\/\/polskipatchwork.pl\/index.php\/2018\/06\/22\/wystawa-patchworkow-anny-slawinskiej-w-kasztelu-szymbark-kolo-gorlic\/","url_meta":{"origin":2496,"position":2},"title":"Wystawa patchwork\u00f3w Anny S\u0142awi\u0144skiej w Kasztelu Szymbark ko\u0142o Gorlic","date":"22 czerwca 2018","format":false,"excerpt":"Bardzo mi\u0142o nam poinformowa\u0107 o wystawie \"Anna S\u0142awi\u0144ska - patchwork artystyczny\", kt\u00f3ra odb\u0119dzie si\u0119 w Kasztelu Szymbark ko\u0142o Gorlic w dniach 14.07.2018-6.08.2018. Wernisa\u017c wystawy odb\u0119dzie si\u0119 14 lipca 2018 o godzinie 18.00 we foyer Kasztelu. Na wystawie zostan\u0105 zaprezentowane prace wykonane r\u00f3\u017cnymi technikami. S\u0105 w\u015br\u00f3d nich klasyczne patchworki, czyli zszyte\u2026","rel":"","context":"In &quot;Aktualno\u015bci&quot;","img":{"alt_text":"","src":"https:\/\/i0.wp.com\/polskipatchwork.pl\/wp-content\/uploads\/2018\/06\/annaslawinska.jpg?resize=350%2C200&ssl=1","width":350,"height":200},"classes":[]},{"id":6729,"url":"https:\/\/polskipatchwork.pl\/index.php\/2024\/01\/29\/wystawa-barwy-zycia\/","url_meta":{"origin":2496,"position":3},"title":"Wystawa \"Barwy \u017cycia\"","date":"29 stycznia 2024","format":false,"excerpt":"Zapraszamy do Instytutu Wzornictwa Przemys\u0142owego na ul. \u015awi\u0119tojerskiej 5\/7 w Warszawie na wystaw\u0119 patchwork\u00f3w Anny S\u0142awi\u0144skiej \"Barwy \u017cycia\". Wernisa\u017c odb\u0119dzie si\u0119 1 lutego o godzinie 18.00, a wystawa potrwa do 12 lutego 2024. Na wystawie Ania pokazuje 65 patchwork\u00f3w uszytych przer\u00f3\u017cnymi technikami, a tak\u017ce patchworkowe ubrania i parawany. \u00a0 \u00a0","rel":"","context":"In &quot;Wystawy&quot;","img":{"alt_text":"Wystawa \"Barwy \u017cycia\"","src":"https:\/\/i1.wp.com\/polskipatchwork.pl\/wp-content\/uploads\/2024\/01\/IWP-POSTY_PACHWORK-06.jpg?resize=350%2C200&ssl=1","width":350,"height":200},"classes":[]},{"id":7365,"url":"https:\/\/polskipatchwork.pl\/index.php\/2025\/10\/12\/wystawa-anny-karcz-w-tychach\/","url_meta":{"origin":2496,"position":4},"title":"Wystawa Anny Karcz w Tychach","date":"12 pa\u017adziernika 2025","format":false,"excerpt":"Serdecznie zapraszamy na wystaw\u0119 naszej kole\u017canki, cz\u0142onkini SPP - Anny Karcz. Wystawa \"Recyklingowy \u015bwiat kolorowych \u0142at\" jest prezentowana w dniach 19.09-15.10.2025 r. w MDK 1 - M\u0142odzie\u017cowy Dom Kultury nr 1 im. Artyst\u00f3w Rodu Kossak\u00f3w w Tychach. Na wystawie mo\u017cna zobaczy\u0107 kilka du\u017cych quilt\u00f3w pikowanych przez El\u017cbiet\u0119 Zeman, oraz kilkana\u015bcie\u2026","rel":"","context":"In &quot;Aktualno\u015bci&quot;","img":{"alt_text":"","src":"https:\/\/i0.wp.com\/polskipatchwork.pl\/wp-content\/uploads\/2025\/10\/Karcz-plakat.jpg?resize=350%2C200&ssl=1","width":350,"height":200},"classes":[]},{"id":6711,"url":"https:\/\/polskipatchwork.pl\/index.php\/2024\/01\/21\/wystawa-quiltow-z-tkanin-afrykanskich\/","url_meta":{"origin":2496,"position":5},"title":"\"Afryka\u0144ska\" wystawa Anny Karcz","date":"21 stycznia 2024","format":false,"excerpt":"Zapraszamy na wystaw\u0119 quilt\u00f3w Anny Karcz, uszytych z afryka\u0144skich tkanin African wax print. Prace mo\u017cna ogl\u0105da\u0107 od 22.stycznia do 9 lutego 2024 r. w M\u0142odzie\u017cowym Domu Kultury przy ulicy \u0141azienkowskiej 7 w Warszawie. Wystawa jest cz\u0119\u015bci\u0105 Festiwalu \"Kolory Afryki, podczas kt\u00f3rego odb\u0119d\u0105 si\u0119 warsztaty, pokazy i wyk\u0142ady zwi\u0105zane z kultur\u0105,\u2026","rel":"","context":"In &quot;Aktualno\u015bci&quot;","img":{"alt_text":"","src":"https:\/\/i1.wp.com\/polskipatchwork.pl\/wp-content\/uploads\/2024\/01\/wystawa-Ani-Karcz.jpg?resize=350%2C200&ssl=1","width":350,"height":200},"classes":[]}],"jetpack_sharing_enabled":true,"jetpack_shortlink":"https:\/\/wp.me\/p7yhvX-Eg","_links":{"self":[{"href":"https:\/\/polskipatchwork.pl\/index.php\/wp-json\/wp\/v2\/posts\/2496"}],"collection":[{"href":"https:\/\/polskipatchwork.pl\/index.php\/wp-json\/wp\/v2\/posts"}],"about":[{"href":"https:\/\/polskipatchwork.pl\/index.php\/wp-json\/wp\/v2\/types\/post"}],"author":[{"embeddable":true,"href":"https:\/\/polskipatchwork.pl\/index.php\/wp-json\/wp\/v2\/users\/14"}],"replies":[{"embeddable":true,"href":"https:\/\/polskipatchwork.pl\/index.php\/wp-json\/wp\/v2\/comments?post=2496"}],"version-history":[{"count":1,"href":"https:\/\/polskipatchwork.pl\/index.php\/wp-json\/wp\/v2\/posts\/2496\/revisions"}],"predecessor-version":[{"id":2498,"href":"https:\/\/polskipatchwork.pl\/index.php\/wp-json\/wp\/v2\/posts\/2496\/revisions\/2498"}],"wp:featuredmedia":[{"embeddable":true,"href":"https:\/\/polskipatchwork.pl\/index.php\/wp-json\/wp\/v2\/media\/2497"}],"wp:attachment":[{"href":"https:\/\/polskipatchwork.pl\/index.php\/wp-json\/wp\/v2\/media?parent=2496"}],"wp:term":[{"taxonomy":"category","embeddable":true,"href":"https:\/\/polskipatchwork.pl\/index.php\/wp-json\/wp\/v2\/categories?post=2496"},{"taxonomy":"post_tag","embeddable":true,"href":"https:\/\/polskipatchwork.pl\/index.php\/wp-json\/wp\/v2\/tags?post=2496"}],"curies":[{"name":"wp","href":"https:\/\/api.w.org\/{rel}","templated":true}]}}