{"id":4260,"date":"2020-03-08T21:14:25","date_gmt":"2020-03-08T20:14:25","guid":{"rendered":"http:\/\/polskipatchwork.pl\/?p=4260"},"modified":"2020-03-08T21:14:25","modified_gmt":"2020-03-08T20:14:25","slug":"ii-zakrecony-patchwork-ustron-2020","status":"publish","type":"post","link":"https:\/\/polskipatchwork.pl\/index.php\/2020\/03\/08\/ii-zakrecony-patchwork-ustron-2020\/","title":{"rendered":"II Zakr\u0119cony Patchwork &#8211; Ustro\u0144 2020"},"content":{"rendered":"<p>Dzisiaj zako\u0144czy\u0142y si\u0119 trwaj\u0105ce w dniach 5-8 marca warsztaty patchworkowe pod patronatem Stowarzyszenia Polskiego Patchworku, odbywaj\u0105ce si\u0119 pod nazw\u0105 <strong>Zakr\u0119cony Patchwork<\/strong>. By\u0142a to druga edycja tej imprezy, organizowanej przez <strong>Kasi\u0119 Kubaszewsk\u0105 i Monik\u0119 Stanowsk\u0105<\/strong>. Przez 4 dni dziewczyny, kt\u00f3re przyby\u0142y z r\u00f3\u017cnych stron Polski &#8211; i nie tylko &#8211; bra\u0142y udzia\u0142 w warsztatach dotycz\u0105cych wszelkich technik patchworkowych i oko\u0142opatchworkowych. Cz\u0119\u015b\u0107 zaj\u0119\u0107 prowadzi\u0142y instruktorki z SPP &#8211; Lenka Gali\u0144ska, Joasia i Jurek Machowscy, Marzena Krzewicka, Hala Grzesik, Basia Pieczy\u0144ska, Dana Brezinova, Renatka Krisicova i Maryla. Tematyka bardzo zr\u00f3\u017cnicowana &#8211; stained glass, mozaika, pojagi, sashiko, lisek w technice PP, tribal, convergence i Fibonacci quilt, podk\u0142adki z aplikacj\u0105, misy i koszyki, ok\u0142adka na ksi\u0105\u017ck\u0119, tradycyjny blok &#8211; czyli dla ka\u017cdego co\u015b fajnego. Cieszy nas bardzo, \u017ce na spotkanie przyby\u0142o sporo cz\u0142onki\u0144 SPP &#8211; zawsze mi\u0142o spotka\u0107 znajome twarze, ale pojawi\u0142a si\u0119 te\u017c grupa os\u00f3b, kt\u00f3re patchwork zaczyna wci\u0105ga\u0107 &#8211; czego dowodem jest du\u017ce zainteresowanie warsztatami i kilka przywiezionych deklaracji. Imprezie towarzyszy\u0142a wystawa &#8220;Raz na ludowo&#8221;. Atmosfera w czasie imprezy &#8211; wspania\u0142a. W ci\u0105gu dnia intensywne szycie, a potem ci\u0105gn\u0105ce si\u0119 do p\u00f3\u017anej nocy Polak\u00f3w rozmowy. \u015amiechom i opowie\u015bciom nie by\u0142o ko\u0144ca, \u017cal by\u0142o k\u0142a\u015b\u0107 si\u0119 spa\u0107. Dzi\u0119kujemy organizatorkom &#8211; Kasi i Monice, dzi\u0119kujemy wszystkim uczestnikom i instruktorom. Rezerwujcie czas w przysz\u0142ym roku w dniach 4 &#8211; 7 marca na III edycj\u0119 Zakr\u0119conego Patchworku i przyje\u017cd\u017cajcie do Ustronia, bo warto.<br \/>\nPoni\u017cej kilka migawek z warsztat\u00f3w.<\/p>\n\n\t\t<style type=\"text\/css\">\n\t\t\t#gallery-1 {\n\t\t\t\tmargin: auto;\n\t\t\t}\n\t\t\t#gallery-1 .gallery-item {\n\t\t\t\tfloat: left;\n\t\t\t\tmargin-top: 10px;\n\t\t\t\ttext-align: center;\n\t\t\t\twidth: 20%;\n\t\t\t}\n\t\t\t#gallery-1 img {\n\t\t\t\tborder: 2px solid #cfcfcf;\n\t\t\t}\n\t\t\t#gallery-1 .gallery-caption {\n\t\t\t\tmargin-left: 0;\n\t\t\t}\n\t\t\t\/* see gallery_shortcode() in wp-includes\/media.php *\/\n\t\t<\/style>\n\t\t<div data-carousel-extra='{\"blog_id\":1,\"permalink\":\"https:\\\/\\\/polskipatchwork.pl\\\/index.php\\\/2020\\\/03\\\/08\\\/ii-zakrecony-patchwork-ustron-2020\\\/\"}' id='gallery-1' class='gallery galleryid-4260 gallery-columns-5 gallery-size-thumbnail'><dl class='gallery-item'>\n\t\t\t<dt class='gallery-icon landscape'>\n\t\t\t\t<a href='https:\/\/polskipatchwork.pl\/ustron_01\/'><img width=\"150\" height=\"150\" src=\"https:\/\/polskipatchwork.pl\/wp-content\/uploads\/2020\/03\/ustron_01-150x150.jpg\" class=\"attachment-thumbnail size-thumbnail\" alt=\"\" loading=\"lazy\" srcset=\"https:\/\/polskipatchwork.pl\/wp-content\/uploads\/2020\/03\/ustron_01-150x150.jpg 150w, https:\/\/polskipatchwork.pl\/wp-content\/uploads\/2020\/03\/ustron_01-160x160.jpg 160w, https:\/\/polskipatchwork.pl\/wp-content\/uploads\/2020\/03\/ustron_01-320x320.jpg 320w\" sizes=\"(max-width: 150px) 100vw, 150px\" data-attachment-id=\"4261\" data-permalink=\"https:\/\/polskipatchwork.pl\/ustron_01\/\" data-orig-file=\"https:\/\/polskipatchwork.pl\/wp-content\/uploads\/2020\/03\/ustron_01.jpg\" data-orig-size=\"2048,1360\" data-comments-opened=\"0\" data-image-meta=\"{&quot;aperture&quot;:&quot;0&quot;,&quot;credit&quot;:&quot;&quot;,&quot;camera&quot;:&quot;&quot;,&quot;caption&quot;:&quot;&quot;,&quot;created_timestamp&quot;:&quot;0&quot;,&quot;copyright&quot;:&quot;&quot;,&quot;focal_length&quot;:&quot;0&quot;,&quot;iso&quot;:&quot;0&quot;,&quot;shutter_speed&quot;:&quot;0&quot;,&quot;title&quot;:&quot;&quot;,&quot;orientation&quot;:&quot;0&quot;}\" data-image-title=\"ustron_01\" data-image-description=\"\" data-medium-file=\"https:\/\/polskipatchwork.pl\/wp-content\/uploads\/2020\/03\/ustron_01-300x199.jpg\" data-large-file=\"https:\/\/polskipatchwork.pl\/wp-content\/uploads\/2020\/03\/ustron_01-1024x680.jpg\" \/><\/a>\n\t\t\t<\/dt><\/dl><dl class='gallery-item'>\n\t\t\t<dt class='gallery-icon landscape'>\n\t\t\t\t<a href='https:\/\/polskipatchwork.pl\/ustron_02\/'><img width=\"150\" height=\"150\" src=\"https:\/\/polskipatchwork.pl\/wp-content\/uploads\/2020\/03\/ustron_02-150x150.jpg\" class=\"attachment-thumbnail size-thumbnail\" alt=\"\" loading=\"lazy\" srcset=\"https:\/\/polskipatchwork.pl\/wp-content\/uploads\/2020\/03\/ustron_02-150x150.jpg 150w, https:\/\/polskipatchwork.pl\/wp-content\/uploads\/2020\/03\/ustron_02-160x160.jpg 160w, https:\/\/polskipatchwork.pl\/wp-content\/uploads\/2020\/03\/ustron_02-320x320.jpg 320w\" sizes=\"(max-width: 150px) 100vw, 150px\" data-attachment-id=\"4262\" data-permalink=\"https:\/\/polskipatchwork.pl\/ustron_02\/\" data-orig-file=\"https:\/\/polskipatchwork.pl\/wp-content\/uploads\/2020\/03\/ustron_02.jpg\" data-orig-size=\"960,720\" data-comments-opened=\"0\" data-image-meta=\"{&quot;aperture&quot;:&quot;0&quot;,&quot;credit&quot;:&quot;&quot;,&quot;camera&quot;:&quot;&quot;,&quot;caption&quot;:&quot;&quot;,&quot;created_timestamp&quot;:&quot;0&quot;,&quot;copyright&quot;:&quot;&quot;,&quot;focal_length&quot;:&quot;0&quot;,&quot;iso&quot;:&quot;0&quot;,&quot;shutter_speed&quot;:&quot;0&quot;,&quot;title&quot;:&quot;&quot;,&quot;orientation&quot;:&quot;0&quot;}\" data-image-title=\"ustron_02\" data-image-description=\"\" data-medium-file=\"https:\/\/polskipatchwork.pl\/wp-content\/uploads\/2020\/03\/ustron_02-300x225.jpg\" data-large-file=\"https:\/\/polskipatchwork.pl\/wp-content\/uploads\/2020\/03\/ustron_02.jpg\" \/><\/a>\n\t\t\t<\/dt><\/dl><dl class='gallery-item'>\n\t\t\t<dt class='gallery-icon landscape'>\n\t\t\t\t<a href='https:\/\/polskipatchwork.pl\/ustron_16\/'><img width=\"150\" height=\"150\" src=\"https:\/\/polskipatchwork.pl\/wp-content\/uploads\/2020\/03\/ustron_16-150x150.jpg\" class=\"attachment-thumbnail size-thumbnail\" alt=\"\" loading=\"lazy\" srcset=\"https:\/\/polskipatchwork.pl\/wp-content\/uploads\/2020\/03\/ustron_16-150x150.jpg 150w, https:\/\/polskipatchwork.pl\/wp-content\/uploads\/2020\/03\/ustron_16-160x160.jpg 160w, https:\/\/polskipatchwork.pl\/wp-content\/uploads\/2020\/03\/ustron_16-320x320.jpg 320w\" sizes=\"(max-width: 150px) 100vw, 150px\" data-attachment-id=\"4258\" data-permalink=\"https:\/\/polskipatchwork.pl\/ustron_16\/\" data-orig-file=\"https:\/\/polskipatchwork.pl\/wp-content\/uploads\/2020\/03\/ustron_16.jpg\" data-orig-size=\"960,720\" data-comments-opened=\"0\" data-image-meta=\"{&quot;aperture&quot;:&quot;0&quot;,&quot;credit&quot;:&quot;&quot;,&quot;camera&quot;:&quot;&quot;,&quot;caption&quot;:&quot;&quot;,&quot;created_timestamp&quot;:&quot;0&quot;,&quot;copyright&quot;:&quot;&quot;,&quot;focal_length&quot;:&quot;0&quot;,&quot;iso&quot;:&quot;0&quot;,&quot;shutter_speed&quot;:&quot;0&quot;,&quot;title&quot;:&quot;&quot;,&quot;orientation&quot;:&quot;0&quot;}\" data-image-title=\"ustron_16\" data-image-description=\"\" data-medium-file=\"https:\/\/polskipatchwork.pl\/wp-content\/uploads\/2020\/03\/ustron_16-300x225.jpg\" data-large-file=\"https:\/\/polskipatchwork.pl\/wp-content\/uploads\/2020\/03\/ustron_16.jpg\" \/><\/a>\n\t\t\t<\/dt><\/dl><dl class='gallery-item'>\n\t\t\t<dt class='gallery-icon landscape'>\n\t\t\t\t<a href='https:\/\/polskipatchwork.pl\/ustron_15\/'><img width=\"150\" height=\"150\" src=\"https:\/\/polskipatchwork.pl\/wp-content\/uploads\/2020\/03\/ustron_15-150x150.jpg\" class=\"attachment-thumbnail size-thumbnail\" alt=\"\" loading=\"lazy\" srcset=\"https:\/\/polskipatchwork.pl\/wp-content\/uploads\/2020\/03\/ustron_15-150x150.jpg 150w, https:\/\/polskipatchwork.pl\/wp-content\/uploads\/2020\/03\/ustron_15-160x160.jpg 160w, https:\/\/polskipatchwork.pl\/wp-content\/uploads\/2020\/03\/ustron_15-320x320.jpg 320w\" sizes=\"(max-width: 150px) 100vw, 150px\" data-attachment-id=\"4257\" data-permalink=\"https:\/\/polskipatchwork.pl\/ustron_15\/\" data-orig-file=\"https:\/\/polskipatchwork.pl\/wp-content\/uploads\/2020\/03\/ustron_15.jpg\" data-orig-size=\"960,720\" data-comments-opened=\"0\" data-image-meta=\"{&quot;aperture&quot;:&quot;0&quot;,&quot;credit&quot;:&quot;&quot;,&quot;camera&quot;:&quot;&quot;,&quot;caption&quot;:&quot;&quot;,&quot;created_timestamp&quot;:&quot;0&quot;,&quot;copyright&quot;:&quot;&quot;,&quot;focal_length&quot;:&quot;0&quot;,&quot;iso&quot;:&quot;0&quot;,&quot;shutter_speed&quot;:&quot;0&quot;,&quot;title&quot;:&quot;&quot;,&quot;orientation&quot;:&quot;0&quot;}\" data-image-title=\"ustron_15\" data-image-description=\"\" data-medium-file=\"https:\/\/polskipatchwork.pl\/wp-content\/uploads\/2020\/03\/ustron_15-300x225.jpg\" data-large-file=\"https:\/\/polskipatchwork.pl\/wp-content\/uploads\/2020\/03\/ustron_15.jpg\" \/><\/a>\n\t\t\t<\/dt><\/dl><dl class='gallery-item'>\n\t\t\t<dt class='gallery-icon landscape'>\n\t\t\t\t<a href='https:\/\/polskipatchwork.pl\/ustron_14\/'><img width=\"150\" height=\"150\" src=\"https:\/\/polskipatchwork.pl\/wp-content\/uploads\/2020\/03\/ustron_14-150x150.jpg\" class=\"attachment-thumbnail size-thumbnail\" alt=\"\" loading=\"lazy\" srcset=\"https:\/\/polskipatchwork.pl\/wp-content\/uploads\/2020\/03\/ustron_14-150x150.jpg 150w, https:\/\/polskipatchwork.pl\/wp-content\/uploads\/2020\/03\/ustron_14-160x160.jpg 160w, https:\/\/polskipatchwork.pl\/wp-content\/uploads\/2020\/03\/ustron_14-320x320.jpg 320w\" sizes=\"(max-width: 150px) 100vw, 150px\" data-attachment-id=\"4256\" data-permalink=\"https:\/\/polskipatchwork.pl\/ustron_14\/\" data-orig-file=\"https:\/\/polskipatchwork.pl\/wp-content\/uploads\/2020\/03\/ustron_14.jpg\" data-orig-size=\"960,720\" data-comments-opened=\"0\" data-image-meta=\"{&quot;aperture&quot;:&quot;0&quot;,&quot;credit&quot;:&quot;&quot;,&quot;camera&quot;:&quot;&quot;,&quot;caption&quot;:&quot;&quot;,&quot;created_timestamp&quot;:&quot;0&quot;,&quot;copyright&quot;:&quot;&quot;,&quot;focal_length&quot;:&quot;0&quot;,&quot;iso&quot;:&quot;0&quot;,&quot;shutter_speed&quot;:&quot;0&quot;,&quot;title&quot;:&quot;&quot;,&quot;orientation&quot;:&quot;0&quot;}\" data-image-title=\"ustron_14\" data-image-description=\"\" data-medium-file=\"https:\/\/polskipatchwork.pl\/wp-content\/uploads\/2020\/03\/ustron_14-300x225.jpg\" data-large-file=\"https:\/\/polskipatchwork.pl\/wp-content\/uploads\/2020\/03\/ustron_14.jpg\" \/><\/a>\n\t\t\t<\/dt><\/dl><br style=\"clear: both\" \/>\n\t\t<\/div>\n\n\n\t\t<style type=\"text\/css\">\n\t\t\t#gallery-2 {\n\t\t\t\tmargin: auto;\n\t\t\t}\n\t\t\t#gallery-2 .gallery-item {\n\t\t\t\tfloat: left;\n\t\t\t\tmargin-top: 10px;\n\t\t\t\ttext-align: center;\n\t\t\t\twidth: 20%;\n\t\t\t}\n\t\t\t#gallery-2 img {\n\t\t\t\tborder: 2px solid #cfcfcf;\n\t\t\t}\n\t\t\t#gallery-2 .gallery-caption {\n\t\t\t\tmargin-left: 0;\n\t\t\t}\n\t\t\t\/* see gallery_shortcode() in wp-includes\/media.php *\/\n\t\t<\/style>\n\t\t<div data-carousel-extra='{\"blog_id\":1,\"permalink\":\"https:\\\/\\\/polskipatchwork.pl\\\/index.php\\\/2020\\\/03\\\/08\\\/ii-zakrecony-patchwork-ustron-2020\\\/\"}' id='gallery-2' class='gallery galleryid-4260 gallery-columns-5 gallery-size-thumbnail'><dl class='gallery-item'>\n\t\t\t<dt class='gallery-icon landscape'>\n\t\t\t\t<a href='https:\/\/polskipatchwork.pl\/ustron_13\/'><img width=\"150\" height=\"150\" src=\"https:\/\/polskipatchwork.pl\/wp-content\/uploads\/2020\/03\/ustron_13-150x150.jpg\" class=\"attachment-thumbnail size-thumbnail\" alt=\"\" loading=\"lazy\" srcset=\"https:\/\/polskipatchwork.pl\/wp-content\/uploads\/2020\/03\/ustron_13-150x150.jpg 150w, https:\/\/polskipatchwork.pl\/wp-content\/uploads\/2020\/03\/ustron_13-160x160.jpg 160w, https:\/\/polskipatchwork.pl\/wp-content\/uploads\/2020\/03\/ustron_13-320x320.jpg 320w\" sizes=\"(max-width: 150px) 100vw, 150px\" data-attachment-id=\"4255\" data-permalink=\"https:\/\/polskipatchwork.pl\/ustron_13\/\" data-orig-file=\"https:\/\/polskipatchwork.pl\/wp-content\/uploads\/2020\/03\/ustron_13.jpg\" data-orig-size=\"960,720\" data-comments-opened=\"0\" data-image-meta=\"{&quot;aperture&quot;:&quot;0&quot;,&quot;credit&quot;:&quot;&quot;,&quot;camera&quot;:&quot;&quot;,&quot;caption&quot;:&quot;&quot;,&quot;created_timestamp&quot;:&quot;0&quot;,&quot;copyright&quot;:&quot;&quot;,&quot;focal_length&quot;:&quot;0&quot;,&quot;iso&quot;:&quot;0&quot;,&quot;shutter_speed&quot;:&quot;0&quot;,&quot;title&quot;:&quot;&quot;,&quot;orientation&quot;:&quot;0&quot;}\" data-image-title=\"ustron_13\" data-image-description=\"\" data-medium-file=\"https:\/\/polskipatchwork.pl\/wp-content\/uploads\/2020\/03\/ustron_13-300x225.jpg\" data-large-file=\"https:\/\/polskipatchwork.pl\/wp-content\/uploads\/2020\/03\/ustron_13.jpg\" \/><\/a>\n\t\t\t<\/dt><\/dl><dl class='gallery-item'>\n\t\t\t<dt class='gallery-icon landscape'>\n\t\t\t\t<a href='https:\/\/polskipatchwork.pl\/ustron_12\/'><img width=\"150\" height=\"150\" src=\"https:\/\/polskipatchwork.pl\/wp-content\/uploads\/2020\/03\/ustron_12-150x150.jpg\" class=\"attachment-thumbnail size-thumbnail\" alt=\"\" loading=\"lazy\" srcset=\"https:\/\/polskipatchwork.pl\/wp-content\/uploads\/2020\/03\/ustron_12-150x150.jpg 150w, https:\/\/polskipatchwork.pl\/wp-content\/uploads\/2020\/03\/ustron_12-160x160.jpg 160w, https:\/\/polskipatchwork.pl\/wp-content\/uploads\/2020\/03\/ustron_12-320x320.jpg 320w\" sizes=\"(max-width: 150px) 100vw, 150px\" data-attachment-id=\"4254\" data-permalink=\"https:\/\/polskipatchwork.pl\/ustron_12\/\" data-orig-file=\"https:\/\/polskipatchwork.pl\/wp-content\/uploads\/2020\/03\/ustron_12.jpg\" data-orig-size=\"960,720\" data-comments-opened=\"0\" data-image-meta=\"{&quot;aperture&quot;:&quot;0&quot;,&quot;credit&quot;:&quot;&quot;,&quot;camera&quot;:&quot;&quot;,&quot;caption&quot;:&quot;&quot;,&quot;created_timestamp&quot;:&quot;0&quot;,&quot;copyright&quot;:&quot;&quot;,&quot;focal_length&quot;:&quot;0&quot;,&quot;iso&quot;:&quot;0&quot;,&quot;shutter_speed&quot;:&quot;0&quot;,&quot;title&quot;:&quot;&quot;,&quot;orientation&quot;:&quot;0&quot;}\" data-image-title=\"ustron_12\" data-image-description=\"\" data-medium-file=\"https:\/\/polskipatchwork.pl\/wp-content\/uploads\/2020\/03\/ustron_12-300x225.jpg\" data-large-file=\"https:\/\/polskipatchwork.pl\/wp-content\/uploads\/2020\/03\/ustron_12.jpg\" \/><\/a>\n\t\t\t<\/dt><\/dl><dl class='gallery-item'>\n\t\t\t<dt class='gallery-icon landscape'>\n\t\t\t\t<a href='https:\/\/polskipatchwork.pl\/ustron_11\/'><img width=\"150\" height=\"150\" src=\"https:\/\/polskipatchwork.pl\/wp-content\/uploads\/2020\/03\/ustron_11-150x150.jpg\" class=\"attachment-thumbnail size-thumbnail\" alt=\"\" loading=\"lazy\" srcset=\"https:\/\/polskipatchwork.pl\/wp-content\/uploads\/2020\/03\/ustron_11-150x150.jpg 150w, https:\/\/polskipatchwork.pl\/wp-content\/uploads\/2020\/03\/ustron_11-160x160.jpg 160w, https:\/\/polskipatchwork.pl\/wp-content\/uploads\/2020\/03\/ustron_11-320x320.jpg 320w\" sizes=\"(max-width: 150px) 100vw, 150px\" data-attachment-id=\"4253\" data-permalink=\"https:\/\/polskipatchwork.pl\/ustron_11\/\" data-orig-file=\"https:\/\/polskipatchwork.pl\/wp-content\/uploads\/2020\/03\/ustron_11.jpg\" data-orig-size=\"960,720\" data-comments-opened=\"0\" data-image-meta=\"{&quot;aperture&quot;:&quot;0&quot;,&quot;credit&quot;:&quot;&quot;,&quot;camera&quot;:&quot;&quot;,&quot;caption&quot;:&quot;&quot;,&quot;created_timestamp&quot;:&quot;0&quot;,&quot;copyright&quot;:&quot;&quot;,&quot;focal_length&quot;:&quot;0&quot;,&quot;iso&quot;:&quot;0&quot;,&quot;shutter_speed&quot;:&quot;0&quot;,&quot;title&quot;:&quot;&quot;,&quot;orientation&quot;:&quot;0&quot;}\" data-image-title=\"ustron_11\" data-image-description=\"\" data-medium-file=\"https:\/\/polskipatchwork.pl\/wp-content\/uploads\/2020\/03\/ustron_11-300x225.jpg\" data-large-file=\"https:\/\/polskipatchwork.pl\/wp-content\/uploads\/2020\/03\/ustron_11.jpg\" \/><\/a>\n\t\t\t<\/dt><\/dl><dl class='gallery-item'>\n\t\t\t<dt class='gallery-icon landscape'>\n\t\t\t\t<a href='https:\/\/polskipatchwork.pl\/ustron_10\/'><img width=\"150\" height=\"150\" src=\"https:\/\/polskipatchwork.pl\/wp-content\/uploads\/2020\/03\/ustron_10-150x150.jpg\" class=\"attachment-thumbnail size-thumbnail\" alt=\"\" loading=\"lazy\" srcset=\"https:\/\/polskipatchwork.pl\/wp-content\/uploads\/2020\/03\/ustron_10-150x150.jpg 150w, https:\/\/polskipatchwork.pl\/wp-content\/uploads\/2020\/03\/ustron_10-160x160.jpg 160w, https:\/\/polskipatchwork.pl\/wp-content\/uploads\/2020\/03\/ustron_10-320x320.jpg 320w\" sizes=\"(max-width: 150px) 100vw, 150px\" data-attachment-id=\"4252\" data-permalink=\"https:\/\/polskipatchwork.pl\/ustron_10\/\" data-orig-file=\"https:\/\/polskipatchwork.pl\/wp-content\/uploads\/2020\/03\/ustron_10.jpg\" data-orig-size=\"960,720\" data-comments-opened=\"0\" data-image-meta=\"{&quot;aperture&quot;:&quot;0&quot;,&quot;credit&quot;:&quot;&quot;,&quot;camera&quot;:&quot;&quot;,&quot;caption&quot;:&quot;&quot;,&quot;created_timestamp&quot;:&quot;0&quot;,&quot;copyright&quot;:&quot;&quot;,&quot;focal_length&quot;:&quot;0&quot;,&quot;iso&quot;:&quot;0&quot;,&quot;shutter_speed&quot;:&quot;0&quot;,&quot;title&quot;:&quot;&quot;,&quot;orientation&quot;:&quot;0&quot;}\" data-image-title=\"ustron_10\" data-image-description=\"\" data-medium-file=\"https:\/\/polskipatchwork.pl\/wp-content\/uploads\/2020\/03\/ustron_10-300x225.jpg\" data-large-file=\"https:\/\/polskipatchwork.pl\/wp-content\/uploads\/2020\/03\/ustron_10.jpg\" \/><\/a>\n\t\t\t<\/dt><\/dl><dl class='gallery-item'>\n\t\t\t<dt class='gallery-icon landscape'>\n\t\t\t\t<a href='https:\/\/polskipatchwork.pl\/ustron_09\/'><img width=\"150\" height=\"150\" src=\"https:\/\/polskipatchwork.pl\/wp-content\/uploads\/2020\/03\/ustron_09-150x150.jpg\" class=\"attachment-thumbnail size-thumbnail\" alt=\"\" loading=\"lazy\" srcset=\"https:\/\/polskipatchwork.pl\/wp-content\/uploads\/2020\/03\/ustron_09-150x150.jpg 150w, https:\/\/polskipatchwork.pl\/wp-content\/uploads\/2020\/03\/ustron_09-160x160.jpg 160w, https:\/\/polskipatchwork.pl\/wp-content\/uploads\/2020\/03\/ustron_09-320x320.jpg 320w\" sizes=\"(max-width: 150px) 100vw, 150px\" data-attachment-id=\"4251\" data-permalink=\"https:\/\/polskipatchwork.pl\/ustron_09\/\" data-orig-file=\"https:\/\/polskipatchwork.pl\/wp-content\/uploads\/2020\/03\/ustron_09.jpg\" data-orig-size=\"960,720\" data-comments-opened=\"0\" data-image-meta=\"{&quot;aperture&quot;:&quot;0&quot;,&quot;credit&quot;:&quot;&quot;,&quot;camera&quot;:&quot;&quot;,&quot;caption&quot;:&quot;&quot;,&quot;created_timestamp&quot;:&quot;0&quot;,&quot;copyright&quot;:&quot;&quot;,&quot;focal_length&quot;:&quot;0&quot;,&quot;iso&quot;:&quot;0&quot;,&quot;shutter_speed&quot;:&quot;0&quot;,&quot;title&quot;:&quot;&quot;,&quot;orientation&quot;:&quot;0&quot;}\" data-image-title=\"ustron_09\" data-image-description=\"\" data-medium-file=\"https:\/\/polskipatchwork.pl\/wp-content\/uploads\/2020\/03\/ustron_09-300x225.jpg\" data-large-file=\"https:\/\/polskipatchwork.pl\/wp-content\/uploads\/2020\/03\/ustron_09.jpg\" \/><\/a>\n\t\t\t<\/dt><\/dl><br style=\"clear: both\" \/>\n\t\t<\/div>\n\n\n\t\t<style type=\"text\/css\">\n\t\t\t#gallery-3 {\n\t\t\t\tmargin: auto;\n\t\t\t}\n\t\t\t#gallery-3 .gallery-item {\n\t\t\t\tfloat: left;\n\t\t\t\tmargin-top: 10px;\n\t\t\t\ttext-align: center;\n\t\t\t\twidth: 20%;\n\t\t\t}\n\t\t\t#gallery-3 img {\n\t\t\t\tborder: 2px solid #cfcfcf;\n\t\t\t}\n\t\t\t#gallery-3 .gallery-caption {\n\t\t\t\tmargin-left: 0;\n\t\t\t}\n\t\t\t\/* see gallery_shortcode() in wp-includes\/media.php *\/\n\t\t<\/style>\n\t\t<div data-carousel-extra='{\"blog_id\":1,\"permalink\":\"https:\\\/\\\/polskipatchwork.pl\\\/index.php\\\/2020\\\/03\\\/08\\\/ii-zakrecony-patchwork-ustron-2020\\\/\"}' id='gallery-3' class='gallery galleryid-4260 gallery-columns-5 gallery-size-thumbnail'><dl class='gallery-item'>\n\t\t\t<dt class='gallery-icon landscape'>\n\t\t\t\t<a href='https:\/\/polskipatchwork.pl\/ustron_08\/'><img width=\"150\" height=\"150\" src=\"https:\/\/polskipatchwork.pl\/wp-content\/uploads\/2020\/03\/ustron_08-150x150.jpg\" class=\"attachment-thumbnail size-thumbnail\" alt=\"\" loading=\"lazy\" srcset=\"https:\/\/polskipatchwork.pl\/wp-content\/uploads\/2020\/03\/ustron_08-150x150.jpg 150w, https:\/\/polskipatchwork.pl\/wp-content\/uploads\/2020\/03\/ustron_08-160x160.jpg 160w, https:\/\/polskipatchwork.pl\/wp-content\/uploads\/2020\/03\/ustron_08-320x320.jpg 320w\" sizes=\"(max-width: 150px) 100vw, 150px\" data-attachment-id=\"4250\" data-permalink=\"https:\/\/polskipatchwork.pl\/ustron_08\/\" data-orig-file=\"https:\/\/polskipatchwork.pl\/wp-content\/uploads\/2020\/03\/ustron_08.jpg\" data-orig-size=\"960,720\" data-comments-opened=\"0\" data-image-meta=\"{&quot;aperture&quot;:&quot;0&quot;,&quot;credit&quot;:&quot;&quot;,&quot;camera&quot;:&quot;&quot;,&quot;caption&quot;:&quot;&quot;,&quot;created_timestamp&quot;:&quot;0&quot;,&quot;copyright&quot;:&quot;&quot;,&quot;focal_length&quot;:&quot;0&quot;,&quot;iso&quot;:&quot;0&quot;,&quot;shutter_speed&quot;:&quot;0&quot;,&quot;title&quot;:&quot;&quot;,&quot;orientation&quot;:&quot;0&quot;}\" data-image-title=\"ustron_08\" data-image-description=\"\" data-medium-file=\"https:\/\/polskipatchwork.pl\/wp-content\/uploads\/2020\/03\/ustron_08-300x225.jpg\" data-large-file=\"https:\/\/polskipatchwork.pl\/wp-content\/uploads\/2020\/03\/ustron_08.jpg\" \/><\/a>\n\t\t\t<\/dt><\/dl><dl class='gallery-item'>\n\t\t\t<dt class='gallery-icon landscape'>\n\t\t\t\t<a href='https:\/\/polskipatchwork.pl\/ustron_07\/'><img width=\"150\" height=\"150\" src=\"https:\/\/polskipatchwork.pl\/wp-content\/uploads\/2020\/03\/ustron_07-150x150.jpg\" class=\"attachment-thumbnail size-thumbnail\" alt=\"\" loading=\"lazy\" srcset=\"https:\/\/polskipatchwork.pl\/wp-content\/uploads\/2020\/03\/ustron_07-150x150.jpg 150w, https:\/\/polskipatchwork.pl\/wp-content\/uploads\/2020\/03\/ustron_07-160x160.jpg 160w, https:\/\/polskipatchwork.pl\/wp-content\/uploads\/2020\/03\/ustron_07-320x320.jpg 320w\" sizes=\"(max-width: 150px) 100vw, 150px\" data-attachment-id=\"4249\" data-permalink=\"https:\/\/polskipatchwork.pl\/ustron_07\/\" data-orig-file=\"https:\/\/polskipatchwork.pl\/wp-content\/uploads\/2020\/03\/ustron_07.jpg\" data-orig-size=\"960,720\" data-comments-opened=\"0\" data-image-meta=\"{&quot;aperture&quot;:&quot;0&quot;,&quot;credit&quot;:&quot;&quot;,&quot;camera&quot;:&quot;&quot;,&quot;caption&quot;:&quot;&quot;,&quot;created_timestamp&quot;:&quot;0&quot;,&quot;copyright&quot;:&quot;&quot;,&quot;focal_length&quot;:&quot;0&quot;,&quot;iso&quot;:&quot;0&quot;,&quot;shutter_speed&quot;:&quot;0&quot;,&quot;title&quot;:&quot;&quot;,&quot;orientation&quot;:&quot;0&quot;}\" data-image-title=\"ustron_07\" data-image-description=\"\" data-medium-file=\"https:\/\/polskipatchwork.pl\/wp-content\/uploads\/2020\/03\/ustron_07-300x225.jpg\" data-large-file=\"https:\/\/polskipatchwork.pl\/wp-content\/uploads\/2020\/03\/ustron_07.jpg\" \/><\/a>\n\t\t\t<\/dt><\/dl><dl class='gallery-item'>\n\t\t\t<dt class='gallery-icon landscape'>\n\t\t\t\t<a href='https:\/\/polskipatchwork.pl\/ustron_06\/'><img width=\"150\" height=\"150\" src=\"https:\/\/polskipatchwork.pl\/wp-content\/uploads\/2020\/03\/ustron_06-150x150.jpg\" class=\"attachment-thumbnail size-thumbnail\" alt=\"\" loading=\"lazy\" srcset=\"https:\/\/polskipatchwork.pl\/wp-content\/uploads\/2020\/03\/ustron_06-150x150.jpg 150w, https:\/\/polskipatchwork.pl\/wp-content\/uploads\/2020\/03\/ustron_06-160x160.jpg 160w, https:\/\/polskipatchwork.pl\/wp-content\/uploads\/2020\/03\/ustron_06-320x320.jpg 320w\" sizes=\"(max-width: 150px) 100vw, 150px\" data-attachment-id=\"4248\" data-permalink=\"https:\/\/polskipatchwork.pl\/ustron_06\/\" data-orig-file=\"https:\/\/polskipatchwork.pl\/wp-content\/uploads\/2020\/03\/ustron_06.jpg\" data-orig-size=\"960,720\" data-comments-opened=\"0\" data-image-meta=\"{&quot;aperture&quot;:&quot;0&quot;,&quot;credit&quot;:&quot;&quot;,&quot;camera&quot;:&quot;&quot;,&quot;caption&quot;:&quot;&quot;,&quot;created_timestamp&quot;:&quot;0&quot;,&quot;copyright&quot;:&quot;&quot;,&quot;focal_length&quot;:&quot;0&quot;,&quot;iso&quot;:&quot;0&quot;,&quot;shutter_speed&quot;:&quot;0&quot;,&quot;title&quot;:&quot;&quot;,&quot;orientation&quot;:&quot;0&quot;}\" data-image-title=\"ustron_06\" data-image-description=\"\" data-medium-file=\"https:\/\/polskipatchwork.pl\/wp-content\/uploads\/2020\/03\/ustron_06-300x225.jpg\" data-large-file=\"https:\/\/polskipatchwork.pl\/wp-content\/uploads\/2020\/03\/ustron_06.jpg\" \/><\/a>\n\t\t\t<\/dt><\/dl><dl class='gallery-item'>\n\t\t\t<dt class='gallery-icon landscape'>\n\t\t\t\t<a href='https:\/\/polskipatchwork.pl\/ustron_04\/'><img width=\"150\" height=\"150\" src=\"https:\/\/polskipatchwork.pl\/wp-content\/uploads\/2020\/03\/ustron_04-150x150.jpg\" class=\"attachment-thumbnail size-thumbnail\" alt=\"\" loading=\"lazy\" srcset=\"https:\/\/polskipatchwork.pl\/wp-content\/uploads\/2020\/03\/ustron_04-150x150.jpg 150w, https:\/\/polskipatchwork.pl\/wp-content\/uploads\/2020\/03\/ustron_04-160x160.jpg 160w, https:\/\/polskipatchwork.pl\/wp-content\/uploads\/2020\/03\/ustron_04-320x320.jpg 320w\" sizes=\"(max-width: 150px) 100vw, 150px\" data-attachment-id=\"4264\" data-permalink=\"https:\/\/polskipatchwork.pl\/ustron_04\/\" data-orig-file=\"https:\/\/polskipatchwork.pl\/wp-content\/uploads\/2020\/03\/ustron_04.jpg\" data-orig-size=\"960,720\" data-comments-opened=\"0\" data-image-meta=\"{&quot;aperture&quot;:&quot;0&quot;,&quot;credit&quot;:&quot;&quot;,&quot;camera&quot;:&quot;&quot;,&quot;caption&quot;:&quot;&quot;,&quot;created_timestamp&quot;:&quot;0&quot;,&quot;copyright&quot;:&quot;&quot;,&quot;focal_length&quot;:&quot;0&quot;,&quot;iso&quot;:&quot;0&quot;,&quot;shutter_speed&quot;:&quot;0&quot;,&quot;title&quot;:&quot;&quot;,&quot;orientation&quot;:&quot;0&quot;}\" data-image-title=\"ustron_04\" data-image-description=\"\" data-medium-file=\"https:\/\/polskipatchwork.pl\/wp-content\/uploads\/2020\/03\/ustron_04-300x225.jpg\" data-large-file=\"https:\/\/polskipatchwork.pl\/wp-content\/uploads\/2020\/03\/ustron_04.jpg\" \/><\/a>\n\t\t\t<\/dt><\/dl><dl class='gallery-item'>\n\t\t\t<dt class='gallery-icon landscape'>\n\t\t\t\t<a href='https:\/\/polskipatchwork.pl\/ustron_05\/'><img width=\"150\" height=\"150\" src=\"https:\/\/polskipatchwork.pl\/wp-content\/uploads\/2020\/03\/ustron_05-150x150.jpg\" class=\"attachment-thumbnail size-thumbnail\" alt=\"\" loading=\"lazy\" srcset=\"https:\/\/polskipatchwork.pl\/wp-content\/uploads\/2020\/03\/ustron_05-150x150.jpg 150w, https:\/\/polskipatchwork.pl\/wp-content\/uploads\/2020\/03\/ustron_05-160x160.jpg 160w, https:\/\/polskipatchwork.pl\/wp-content\/uploads\/2020\/03\/ustron_05-320x320.jpg 320w\" sizes=\"(max-width: 150px) 100vw, 150px\" data-attachment-id=\"4265\" data-permalink=\"https:\/\/polskipatchwork.pl\/ustron_05\/\" data-orig-file=\"https:\/\/polskipatchwork.pl\/wp-content\/uploads\/2020\/03\/ustron_05.jpg\" data-orig-size=\"960,720\" data-comments-opened=\"0\" data-image-meta=\"{&quot;aperture&quot;:&quot;0&quot;,&quot;credit&quot;:&quot;&quot;,&quot;camera&quot;:&quot;&quot;,&quot;caption&quot;:&quot;&quot;,&quot;created_timestamp&quot;:&quot;0&quot;,&quot;copyright&quot;:&quot;&quot;,&quot;focal_length&quot;:&quot;0&quot;,&quot;iso&quot;:&quot;0&quot;,&quot;shutter_speed&quot;:&quot;0&quot;,&quot;title&quot;:&quot;&quot;,&quot;orientation&quot;:&quot;0&quot;}\" data-image-title=\"ustron_05\" data-image-description=\"\" data-medium-file=\"https:\/\/polskipatchwork.pl\/wp-content\/uploads\/2020\/03\/ustron_05-300x225.jpg\" data-large-file=\"https:\/\/polskipatchwork.pl\/wp-content\/uploads\/2020\/03\/ustron_05.jpg\" \/><\/a>\n\t\t\t<\/dt><\/dl><br style=\"clear: both\" \/>\n\t\t<\/div>\n\n\n\t\t<style type=\"text\/css\">\n\t\t\t#gallery-4 {\n\t\t\t\tmargin: auto;\n\t\t\t}\n\t\t\t#gallery-4 .gallery-item {\n\t\t\t\tfloat: left;\n\t\t\t\tmargin-top: 10px;\n\t\t\t\ttext-align: center;\n\t\t\t\twidth: 20%;\n\t\t\t}\n\t\t\t#gallery-4 img {\n\t\t\t\tborder: 2px solid #cfcfcf;\n\t\t\t}\n\t\t\t#gallery-4 .gallery-caption {\n\t\t\t\tmargin-left: 0;\n\t\t\t}\n\t\t\t\/* see gallery_shortcode() in wp-includes\/media.php *\/\n\t\t<\/style>\n\t\t<div data-carousel-extra='{\"blog_id\":1,\"permalink\":\"https:\\\/\\\/polskipatchwork.pl\\\/index.php\\\/2020\\\/03\\\/08\\\/ii-zakrecony-patchwork-ustron-2020\\\/\"}' id='gallery-4' class='gallery galleryid-4260 gallery-columns-5 gallery-size-thumbnail'><dl class='gallery-item'>\n\t\t\t<dt class='gallery-icon portrait'>\n\t\t\t\t<a href='https:\/\/polskipatchwork.pl\/ustron_18\/'><img width=\"150\" height=\"150\" src=\"https:\/\/polskipatchwork.pl\/wp-content\/uploads\/2020\/03\/ustron_18-150x150.jpg\" class=\"attachment-thumbnail size-thumbnail\" alt=\"\" loading=\"lazy\" srcset=\"https:\/\/polskipatchwork.pl\/wp-content\/uploads\/2020\/03\/ustron_18-150x150.jpg 150w, https:\/\/polskipatchwork.pl\/wp-content\/uploads\/2020\/03\/ustron_18-160x160.jpg 160w, https:\/\/polskipatchwork.pl\/wp-content\/uploads\/2020\/03\/ustron_18-320x320.jpg 320w\" sizes=\"(max-width: 150px) 100vw, 150px\" data-attachment-id=\"4267\" data-permalink=\"https:\/\/polskipatchwork.pl\/ustron_18\/\" data-orig-file=\"https:\/\/polskipatchwork.pl\/wp-content\/uploads\/2020\/03\/ustron_18.jpg\" data-orig-size=\"720,960\" data-comments-opened=\"0\" data-image-meta=\"{&quot;aperture&quot;:&quot;0&quot;,&quot;credit&quot;:&quot;&quot;,&quot;camera&quot;:&quot;&quot;,&quot;caption&quot;:&quot;&quot;,&quot;created_timestamp&quot;:&quot;0&quot;,&quot;copyright&quot;:&quot;&quot;,&quot;focal_length&quot;:&quot;0&quot;,&quot;iso&quot;:&quot;0&quot;,&quot;shutter_speed&quot;:&quot;0&quot;,&quot;title&quot;:&quot;&quot;,&quot;orientation&quot;:&quot;0&quot;}\" data-image-title=\"ustron_18\" data-image-description=\"\" data-medium-file=\"https:\/\/polskipatchwork.pl\/wp-content\/uploads\/2020\/03\/ustron_18-225x300.jpg\" data-large-file=\"https:\/\/polskipatchwork.pl\/wp-content\/uploads\/2020\/03\/ustron_18.jpg\" \/><\/a>\n\t\t\t<\/dt><\/dl><dl class='gallery-item'>\n\t\t\t<dt class='gallery-icon portrait'>\n\t\t\t\t<a href='https:\/\/polskipatchwork.pl\/ustron_19\/'><img width=\"150\" height=\"150\" src=\"https:\/\/polskipatchwork.pl\/wp-content\/uploads\/2020\/03\/ustron_19-150x150.jpg\" class=\"attachment-thumbnail size-thumbnail\" alt=\"\" loading=\"lazy\" srcset=\"https:\/\/polskipatchwork.pl\/wp-content\/uploads\/2020\/03\/ustron_19-150x150.jpg 150w, https:\/\/polskipatchwork.pl\/wp-content\/uploads\/2020\/03\/ustron_19-160x160.jpg 160w, https:\/\/polskipatchwork.pl\/wp-content\/uploads\/2020\/03\/ustron_19-320x320.jpg 320w\" sizes=\"(max-width: 150px) 100vw, 150px\" data-attachment-id=\"4268\" data-permalink=\"https:\/\/polskipatchwork.pl\/ustron_19\/\" data-orig-file=\"https:\/\/polskipatchwork.pl\/wp-content\/uploads\/2020\/03\/ustron_19.jpg\" data-orig-size=\"720,960\" data-comments-opened=\"0\" data-image-meta=\"{&quot;aperture&quot;:&quot;0&quot;,&quot;credit&quot;:&quot;&quot;,&quot;camera&quot;:&quot;&quot;,&quot;caption&quot;:&quot;&quot;,&quot;created_timestamp&quot;:&quot;0&quot;,&quot;copyright&quot;:&quot;&quot;,&quot;focal_length&quot;:&quot;0&quot;,&quot;iso&quot;:&quot;0&quot;,&quot;shutter_speed&quot;:&quot;0&quot;,&quot;title&quot;:&quot;&quot;,&quot;orientation&quot;:&quot;0&quot;}\" data-image-title=\"ustron_19\" data-image-description=\"\" data-medium-file=\"https:\/\/polskipatchwork.pl\/wp-content\/uploads\/2020\/03\/ustron_19-225x300.jpg\" data-large-file=\"https:\/\/polskipatchwork.pl\/wp-content\/uploads\/2020\/03\/ustron_19.jpg\" \/><\/a>\n\t\t\t<\/dt><\/dl><dl class='gallery-item'>\n\t\t\t<dt class='gallery-icon portrait'>\n\t\t\t\t<a href='https:\/\/polskipatchwork.pl\/ustron_17\/'><img width=\"150\" height=\"150\" src=\"https:\/\/polskipatchwork.pl\/wp-content\/uploads\/2020\/03\/ustron_17-150x150.jpg\" class=\"attachment-thumbnail size-thumbnail\" alt=\"\" loading=\"lazy\" srcset=\"https:\/\/polskipatchwork.pl\/wp-content\/uploads\/2020\/03\/ustron_17-150x150.jpg 150w, https:\/\/polskipatchwork.pl\/wp-content\/uploads\/2020\/03\/ustron_17-160x160.jpg 160w, https:\/\/polskipatchwork.pl\/wp-content\/uploads\/2020\/03\/ustron_17-320x320.jpg 320w\" sizes=\"(max-width: 150px) 100vw, 150px\" data-attachment-id=\"4266\" data-permalink=\"https:\/\/polskipatchwork.pl\/ustron_17\/\" data-orig-file=\"https:\/\/polskipatchwork.pl\/wp-content\/uploads\/2020\/03\/ustron_17.jpg\" data-orig-size=\"720,960\" data-comments-opened=\"0\" data-image-meta=\"{&quot;aperture&quot;:&quot;0&quot;,&quot;credit&quot;:&quot;&quot;,&quot;camera&quot;:&quot;&quot;,&quot;caption&quot;:&quot;&quot;,&quot;created_timestamp&quot;:&quot;0&quot;,&quot;copyright&quot;:&quot;&quot;,&quot;focal_length&quot;:&quot;0&quot;,&quot;iso&quot;:&quot;0&quot;,&quot;shutter_speed&quot;:&quot;0&quot;,&quot;title&quot;:&quot;&quot;,&quot;orientation&quot;:&quot;0&quot;}\" data-image-title=\"ustron_17\" data-image-description=\"\" data-medium-file=\"https:\/\/polskipatchwork.pl\/wp-content\/uploads\/2020\/03\/ustron_17-225x300.jpg\" data-large-file=\"https:\/\/polskipatchwork.pl\/wp-content\/uploads\/2020\/03\/ustron_17.jpg\" \/><\/a>\n\t\t\t<\/dt><\/dl><dl class='gallery-item'>\n\t\t\t<dt class='gallery-icon portrait'>\n\t\t\t\t<a href='https:\/\/polskipatchwork.pl\/ustron_20\/'><img width=\"150\" height=\"150\" src=\"https:\/\/polskipatchwork.pl\/wp-content\/uploads\/2020\/03\/ustron_20-150x150.jpg\" class=\"attachment-thumbnail size-thumbnail\" alt=\"\" loading=\"lazy\" srcset=\"https:\/\/polskipatchwork.pl\/wp-content\/uploads\/2020\/03\/ustron_20-150x150.jpg 150w, https:\/\/polskipatchwork.pl\/wp-content\/uploads\/2020\/03\/ustron_20-160x160.jpg 160w, https:\/\/polskipatchwork.pl\/wp-content\/uploads\/2020\/03\/ustron_20-320x320.jpg 320w\" sizes=\"(max-width: 150px) 100vw, 150px\" data-attachment-id=\"4269\" data-permalink=\"https:\/\/polskipatchwork.pl\/ustron_20\/\" data-orig-file=\"https:\/\/polskipatchwork.pl\/wp-content\/uploads\/2020\/03\/ustron_20.jpg\" data-orig-size=\"720,960\" data-comments-opened=\"0\" data-image-meta=\"{&quot;aperture&quot;:&quot;0&quot;,&quot;credit&quot;:&quot;&quot;,&quot;camera&quot;:&quot;&quot;,&quot;caption&quot;:&quot;&quot;,&quot;created_timestamp&quot;:&quot;0&quot;,&quot;copyright&quot;:&quot;&quot;,&quot;focal_length&quot;:&quot;0&quot;,&quot;iso&quot;:&quot;0&quot;,&quot;shutter_speed&quot;:&quot;0&quot;,&quot;title&quot;:&quot;&quot;,&quot;orientation&quot;:&quot;0&quot;}\" data-image-title=\"ustron_20\" data-image-description=\"\" data-medium-file=\"https:\/\/polskipatchwork.pl\/wp-content\/uploads\/2020\/03\/ustron_20-225x300.jpg\" data-large-file=\"https:\/\/polskipatchwork.pl\/wp-content\/uploads\/2020\/03\/ustron_20.jpg\" \/><\/a>\n\t\t\t<\/dt><\/dl><dl class='gallery-item'>\n\t\t\t<dt class='gallery-icon landscape'>\n\t\t\t\t<a href='https:\/\/polskipatchwork.pl\/ustron_03\/'><img width=\"150\" height=\"150\" src=\"https:\/\/polskipatchwork.pl\/wp-content\/uploads\/2020\/03\/ustron_03-150x150.jpg\" class=\"attachment-thumbnail size-thumbnail\" alt=\"\" loading=\"lazy\" srcset=\"https:\/\/polskipatchwork.pl\/wp-content\/uploads\/2020\/03\/ustron_03-150x150.jpg 150w, https:\/\/polskipatchwork.pl\/wp-content\/uploads\/2020\/03\/ustron_03-160x160.jpg 160w, https:\/\/polskipatchwork.pl\/wp-content\/uploads\/2020\/03\/ustron_03-320x320.jpg 320w\" sizes=\"(max-width: 150px) 100vw, 150px\" data-attachment-id=\"4263\" data-permalink=\"https:\/\/polskipatchwork.pl\/ustron_03\/\" data-orig-file=\"https:\/\/polskipatchwork.pl\/wp-content\/uploads\/2020\/03\/ustron_03.jpg\" data-orig-size=\"960,720\" data-comments-opened=\"0\" data-image-meta=\"{&quot;aperture&quot;:&quot;0&quot;,&quot;credit&quot;:&quot;&quot;,&quot;camera&quot;:&quot;&quot;,&quot;caption&quot;:&quot;&quot;,&quot;created_timestamp&quot;:&quot;0&quot;,&quot;copyright&quot;:&quot;&quot;,&quot;focal_length&quot;:&quot;0&quot;,&quot;iso&quot;:&quot;0&quot;,&quot;shutter_speed&quot;:&quot;0&quot;,&quot;title&quot;:&quot;&quot;,&quot;orientation&quot;:&quot;0&quot;}\" data-image-title=\"ustron_03\" data-image-description=\"\" data-medium-file=\"https:\/\/polskipatchwork.pl\/wp-content\/uploads\/2020\/03\/ustron_03-300x225.jpg\" data-large-file=\"https:\/\/polskipatchwork.pl\/wp-content\/uploads\/2020\/03\/ustron_03.jpg\" \/><\/a>\n\t\t\t<\/dt><\/dl><br style=\"clear: both\" \/>\n\t\t<\/div>\n\n","protected":false},"excerpt":{"rendered":"<p>Dzisiaj zako\u0144czy\u0142y si\u0119 trwaj\u0105ce w dniach 5-8 marca warsztaty patchworkowe pod patronatem Stowarzyszenia Polskiego Patchworku, odbywaj\u0105ce si\u0119 pod nazw\u0105 Zakr\u0119cony Patchwork. By\u0142a to druga edycja tej imprezy, organizowanej przez Kasi\u0119 Kubaszewsk\u0105 i Monik\u0119 Stanowsk\u0105.&#46;&#46;&#46;<\/p>\n","protected":false},"author":6,"featured_media":4259,"comment_status":"closed","ping_status":"open","sticky":false,"template":"","format":"standard","meta":{"_monsterinsights_skip_tracking":false,"_monsterinsights_sitenote_active":false,"_monsterinsights_sitenote_note":"","_monsterinsights_sitenote_category":0,"spay_email":"","jetpack_publicize_message":"","jetpack_is_tweetstorm":false},"categories":[1,15,10],"tags":[],"jetpack_featured_media_url":"https:\/\/polskipatchwork.pl\/wp-content\/uploads\/2020\/03\/baner.jpg","jetpack_publicize_connections":[],"jetpack-related-posts":[{"id":3596,"url":"https:\/\/polskipatchwork.pl\/index.php\/2019\/03\/11\/zakrecony-patchwork-ustron-2019\/","url_meta":{"origin":4260,"position":0},"title":"Zakr\u0119cony Patchwork - Ustro\u0144 2019","date":"11 marca 2019","format":false,"excerpt":"\u00a0 W dniach 7 \u2013 10 marca 2019 roku w Ustroniu odby\u0142y si\u0119 pierwsze mi\u0119dzynarodowe warsztaty patchworku pod nazw\u0105 \u201eZakr\u0119cony Patchwork\u201d. Na imprez\u0119 zorganizowan\u0105 przez Warsztaty Tw\u00f3rczo Zakr\u0119cone - Ustro\u0144 zosta\u0142o zaproszone r\u00f3wnie\u017c Stowarzyszenie Polskiego Patchworku - nie mog\u0142o nas tam zabrakn\u0105\u0107. Dobrze si\u0119 z\u0142o\u017cy\u0142o, bo 7 marca min\u0119\u0142a trzecia\u2026","rel":"","context":"In &quot;Aktualno\u015bci&quot;","img":{"alt_text":"","src":"https:\/\/i1.wp.com\/polskipatchwork.pl\/wp-content\/uploads\/2019\/03\/logo.jpg?resize=350%2C200&ssl=1","width":350,"height":200},"classes":[]},{"id":6345,"url":"https:\/\/polskipatchwork.pl\/index.php\/2023\/03\/15\/zakrecony-patchwork-w-ustroniu\/","url_meta":{"origin":4260,"position":1},"title":"Zakr\u0119cony patchwork w Ustroniu","date":"15 marca 2023","format":false,"excerpt":"\u00a0 \u00a0 Zakr\u0119cony Patchwork po raz trzeci! Pierwsza edycja odby\u0142a si\u0119 w 2019 roku, druga w 2020. Po przerwie wr\u00f3cili\u015bmy w tym roku do Ustronia z warsztatami i wystaw\u0105. Warsztaty Tw\u00f3rczo Zakr\u0119cone w Ustroniu organizowane s\u0105 przez Kasi\u0119 Kubaszewsk\u0105 i Monik\u0119 Stanowsk\u0105 od wielu lat i zawsze jesieni\u0105. Przyje\u017cd\u017caj\u0105 na\u2026","rel":"","context":"In &quot;Aktualno\u015bci&quot;","img":{"alt_text":"","src":"https:\/\/i1.wp.com\/polskipatchwork.pl\/wp-content\/uploads\/2023\/03\/20230304_171048-150x150.jpg?resize=350%2C200&ssl=1","width":350,"height":200},"classes":[]},{"id":3464,"url":"https:\/\/polskipatchwork.pl\/index.php\/2019\/01\/22\/jak-najlepiej-spedzic-dzien-kobiet\/","url_meta":{"origin":4260,"position":2},"title":"Jak najlepiej sp\u0119dzi\u0107 Dzie\u0144 Kobiet?","date":"22 stycznia 2019","format":false,"excerpt":"Oczywi\u015bcie w towarzystwie patchworkuj\u0105cych kole\u017canek i koleg\u00f3w. Ju\u017c dzi\u015b zapraszamy na I warsztaty pod nazw\u0105 \u201eZAKR\u0118CONY PATCHWORK\u201d, kt\u00f3re odb\u0119d\u0105 si\u0119 w dniach 7-10 marca 2019 r. w Centrum Szkoleniowo-Wypoczynkowym Hotel Gwarek Ustro\u0144. Zasady uczestnictwa b\u0119d\u0105 podobne, jak w Warsztatach Tw\u00f3rczo Zakr\u0119conych, cho\u0107 nie do ko\u0144ca takie same. Ci kt\u00f3rzy mieli\u2026","rel":"","context":"In &quot;Aktualno\u015bci&quot;","img":{"alt_text":"","src":"https:\/\/i2.wp.com\/polskipatchwork.pl\/wp-content\/uploads\/2019\/01\/platat.jpg?resize=350%2C200&ssl=1","width":350,"height":200},"classes":[]},{"id":3159,"url":"https:\/\/polskipatchwork.pl\/index.php\/2018\/09\/30\/festiwal-szycia-2018\/","url_meta":{"origin":4260,"position":3},"title":"Festiwal Szycia 2018","date":"30 wrze\u015bnia 2018","format":false,"excerpt":"Dzi\u0119ki go\u015bcinno\u015bci i zaproszeniu Wytw\u00f3rni \u015aliczno\u015bci , Stowarzyszenie uczestniczy\u0142o w Festiwalu Szycia 2018. Festiwal odby\u0142 si\u0119 w dniach 29-30 wrze\u015bnia w Warszawie,\u00a0 w Centrum Handlowym Szembeka, na Pradze. Organizator u\u017cyczy\u0142 na nasze potrzeby pi\u0119kn\u0105 powierzchni\u0119 wystawiennicz\u0105, kt\u00f3r\u0105 wykorzysta\u0142y\u015bmy do powieszenia kilkudziesi\u0119ciu patchwork\u00f3w! R\u00f3wnolegle z aspektem wystawienniczym odbywa\u0142y si\u0119 warsztaty szycia\u2026","rel":"","context":"In &quot;Aktualno\u015bci&quot;","img":{"alt_text":"","src":"https:\/\/i2.wp.com\/polskipatchwork.pl\/wp-content\/uploads\/2018\/09\/0_na-strone.jpg?resize=350%2C200&ssl=1","width":350,"height":200},"classes":[]},{"id":5770,"url":"https:\/\/polskipatchwork.pl\/index.php\/2021\/12\/03\/szyjemy-patchwork-nr-6\/","url_meta":{"origin":4260,"position":4},"title":"\"Szyjemy Patchwork\" nr 6","date":"3 grudnia 2021","format":false,"excerpt":"W listopadzie wyszed\u0142 kolejny, sz\u00f3sty ju\u017c numer magazynu Stowarzyszenia Polskiego Patchworku \u201eSzyjemy patchwork\u201d. Jak poprzednio, autorkami artyku\u0142\u00f3w i tutoriali opublikowanych w naszej gazetce s\u0105 cz\u0142onkinie SPP, kt\u00f3re ch\u0119tnie dziel\u0105 si\u0119 swoj\u0105 wiedz\u0105 i umiej\u0119tno\u015bciami. Tym razem tematem przewodnim by\u0142y r\u00f3\u017cne rodzaje aplikacji. Numer okraszony zosta\u0142 wywiadem przeprowadzonym przez Lenk\u0119 Gali\u0144sk\u0105\u2026","rel":"","context":"In &quot;\"Szyjemy Patchwork\"&quot;","img":{"alt_text":"","src":"https:\/\/i0.wp.com\/polskipatchwork.pl\/wp-content\/uploads\/2021\/12\/okladka-scaled.jpg?resize=350%2C200&ssl=1","width":350,"height":200},"classes":[]},{"id":1684,"url":"https:\/\/polskipatchwork.pl\/index.php\/2017\/07\/02\/iv-festiwal-tworczo-zakreconych-w-krasnymstawie-galeria-z-warsztatow\/","url_meta":{"origin":4260,"position":5},"title":"IV Festiwal Tw\u00f3rczo Zakr\u0119conych w Krasnymstawie - galeria z warsztat\u00f3w","date":"2 lipca 2017","format":false,"excerpt":"Dzi\u015b zako\u0144czy\u0142 si\u0119 IV Festiwal Tw\u00f3rczo Zakr\u0119conych w Krasnymstawie, o kt\u00f3rym pisa\u0142y\u015bmy kilka dni temu. W mini galerii pokazujemy, co robili uczestnicy (bo by\u0142y nie tylko uczestniczki :) ) podczas kurs\u00f3w \u201ePatchwork od A do Z\u201d i \u201ePikowanie z wolnej r\u0119ki\u201d, prowadzonych przez przedstawicielk\u0119 Stowarzyszenia Polskiego Patchworku - Ew\u0119 Paw\u0142owsk\u0105.\u2026","rel":"","context":"In &quot;Aktualno\u015bci&quot;","img":{"alt_text":"","src":"https:\/\/i1.wp.com\/polskipatchwork.pl\/wp-content\/uploads\/2017\/06\/logo-festiwal-sh.png?resize=350%2C200&ssl=1","width":350,"height":200},"classes":[]}],"jetpack_sharing_enabled":true,"jetpack_shortlink":"https:\/\/wp.me\/p7yhvX-16I","_links":{"self":[{"href":"https:\/\/polskipatchwork.pl\/index.php\/wp-json\/wp\/v2\/posts\/4260"}],"collection":[{"href":"https:\/\/polskipatchwork.pl\/index.php\/wp-json\/wp\/v2\/posts"}],"about":[{"href":"https:\/\/polskipatchwork.pl\/index.php\/wp-json\/wp\/v2\/types\/post"}],"author":[{"embeddable":true,"href":"https:\/\/polskipatchwork.pl\/index.php\/wp-json\/wp\/v2\/users\/6"}],"replies":[{"embeddable":true,"href":"https:\/\/polskipatchwork.pl\/index.php\/wp-json\/wp\/v2\/comments?post=4260"}],"version-history":[{"count":4,"href":"https:\/\/polskipatchwork.pl\/index.php\/wp-json\/wp\/v2\/posts\/4260\/revisions"}],"predecessor-version":[{"id":4273,"href":"https:\/\/polskipatchwork.pl\/index.php\/wp-json\/wp\/v2\/posts\/4260\/revisions\/4273"}],"wp:featuredmedia":[{"embeddable":true,"href":"https:\/\/polskipatchwork.pl\/index.php\/wp-json\/wp\/v2\/media\/4259"}],"wp:attachment":[{"href":"https:\/\/polskipatchwork.pl\/index.php\/wp-json\/wp\/v2\/media?parent=4260"}],"wp:term":[{"taxonomy":"category","embeddable":true,"href":"https:\/\/polskipatchwork.pl\/index.php\/wp-json\/wp\/v2\/categories?post=4260"},{"taxonomy":"post_tag","embeddable":true,"href":"https:\/\/polskipatchwork.pl\/index.php\/wp-json\/wp\/v2\/tags?post=4260"}],"curies":[{"name":"wp","href":"https:\/\/api.w.org\/{rel}","templated":true}]}}