{"id":4598,"date":"2020-08-19T16:36:19","date_gmt":"2020-08-19T14:36:19","guid":{"rendered":"http:\/\/polskipatchwork.pl\/?p=4598"},"modified":"2020-08-19T16:36:19","modified_gmt":"2020-08-19T14:36:19","slug":"letni-targ-ekologiczny-poznan-2020","status":"publish","type":"post","link":"https:\/\/polskipatchwork.pl\/index.php\/2020\/08\/19\/letni-targ-ekologiczny-poznan-2020\/","title":{"rendered":"Letni Targ Ekologiczny &#8211; Pozna\u0144 2020"},"content":{"rendered":"<p><img data-attachment-id=\"4596\" data-permalink=\"https:\/\/polskipatchwork.pl\/index.php\/2020\/08\/19\/letni-targ-ekologiczny-poznan-2020\/baner_eco_trends\/\" data-orig-file=\"https:\/\/polskipatchwork.pl\/wp-content\/uploads\/2020\/08\/baner_eco_trends.jpg\" data-orig-size=\"1400,500\" data-comments-opened=\"0\" data-image-meta=\"{&quot;aperture&quot;:&quot;0&quot;,&quot;credit&quot;:&quot;&quot;,&quot;camera&quot;:&quot;&quot;,&quot;caption&quot;:&quot;&quot;,&quot;created_timestamp&quot;:&quot;0&quot;,&quot;copyright&quot;:&quot;&quot;,&quot;focal_length&quot;:&quot;0&quot;,&quot;iso&quot;:&quot;0&quot;,&quot;shutter_speed&quot;:&quot;0&quot;,&quot;title&quot;:&quot;&quot;,&quot;orientation&quot;:&quot;0&quot;}\" data-image-title=\"baner_eco_trends\" data-image-description=\"\" data-medium-file=\"https:\/\/polskipatchwork.pl\/wp-content\/uploads\/2020\/08\/baner_eco_trends-300x107.jpg\" data-large-file=\"https:\/\/polskipatchwork.pl\/wp-content\/uploads\/2020\/08\/baner_eco_trends-1024x366.jpg\" loading=\"lazy\" src=\"http:\/\/polskipatchwork.pl\/wp-content\/uploads\/2020\/08\/baner_eco_trends-1024x366.jpg\" alt=\"\" width=\"1024\" height=\"366\" class=\"aligncenter size-large wp-image-4596\" srcset=\"https:\/\/polskipatchwork.pl\/wp-content\/uploads\/2020\/08\/baner_eco_trends-1024x366.jpg 1024w, https:\/\/polskipatchwork.pl\/wp-content\/uploads\/2020\/08\/baner_eco_trends-300x107.jpg 300w, https:\/\/polskipatchwork.pl\/wp-content\/uploads\/2020\/08\/baner_eco_trends-768x274.jpg 768w, https:\/\/polskipatchwork.pl\/wp-content\/uploads\/2020\/08\/baner_eco_trends.jpg 1400w\" sizes=\"(max-width: 1024px) 100vw, 1024px\" \/><\/p>\n<p><u>Cytat z informacji prasowej organizatora:<\/u><\/p>\n<blockquote><p>Przed nami pierwsza edycja Letniego Targu Ekologicznego w Poznaniu, kt\u00f3ry odb\u0119dzie si\u0119 ju\u017c 29-30 sierpnia br. na terenie MTP! Program tego plenerowego wydarzenia, bogaty w ekoprelekcje i warsztaty, pozwoli zwiedzaj\u0105cym w ka\u017cdym wieku poszerzy\u0107 swoj\u0105 wiedz\u0119 z zakresu ekologii, trybu \u017cycia w duchu less waste i \u015bwiadomej konsumpcji. To jednak nie wszystko! W ramach Letniego Targu Ekologicznego b\u0119dzie mo\u017cna wzi\u0105\u0107 udzia\u0142 tak\u017ce w znanym poznaniakom Babim Targu oraz Wielkopolskich Dniach Ochrony \u015arodowiska.<br \/>\nLetni Targ Ekologiczny to nowa inicjatywa Grupy MTP, kt\u00f3rej celem jest promocja ekologicznego podej\u015bcia do \u017cycia, troski o \u015brodowisko, najbli\u017csze otoczenie i w\u0142asne zdrowie. Podczas dw\u00f3ch plenerowych dni targowych b\u0119dzie mo\u017cna wzi\u0105\u0107 udzia\u0142 w ciekawych wydarzeniach i warsztatach, a tak\u017ce zaznajomi\u0107 si\u0119 z ofert\u0105 produkt\u00f3w ekologicznych oraz r\u0119kodzie\u0142em mniej znanych marek, wytworzonych z dba\u0142o\u015bci\u0105 o \u015brodowisko naturalne. Zach\u0119camy do zapoznania si\u0119 z najciekawszymi punktami programu zbli\u017caj\u0105cego si\u0119 wydarzenia.<\/p><\/blockquote>\n<p><span style=\"color:#2c6900;\">Stowarzyszenie Polskiego Patchworku<\/span> zosta\u0142o zaproszone do udzia\u0142u w imprezie i poprowadzenia warsztat\u00f3w w duchu eko i recyklingu. Skorzystamy z okazji i poka\u017cemy te\u017c wystaw\u0119 &#8220;Raz na ludowo&#8221;. Zapraszamy serdecznie wszystkich, kt\u00f3rzy ju\u017c szyj\u0105 patchworki, tych, kt\u00f3rzy si\u0119 zastanawiaj\u0105 i tych, kt\u00f3rzy jeszcze nie wiedz\u0105 co to patchwork. To wspania\u0142y spos\u00f3b na obdarzenie drugim \u017cyciem nienoszonych ubra\u0144, zas\u0142on, po\u015bcieli, a przy okazji \u015bwietna zabawa. Jest to te\u017c okazja na wprowadzenie tanim kosztem odrobiny pi\u0119kna do naszego \u017cycia \ud83d\ude42<\/p>\n<p>Wszystkie informacje szczeg\u00f3\u0142owe w linkach poni\u017cej. Prosimy o zapoznanie si\u0119 z nimi i serdecznie zapraszamy na wystaw\u0119 i warsztaty.<\/p>\n<p><u>Szczeg\u00f3\u0142owe informacje na stronie organizatora<\/u> <a href=\"https:\/\/eco-trends.pl\/pl?utm_source=wystawcy%20LTE&#038;utm_medium=baner&#038;utm_campaign=wystawcy%20LTE\/\" target=\"_blank\"><span style=\"color:#2c6900;\"><strong>klik<\/strong><\/span><\/a><\/p>\n<p><u>Wydarzenie na fb<\/u> <a href=\"https:\/\/www.facebook.com\/events\/s\/letni-targ-ekologiczny\/996336184139360\/\" target=\"_blank\"><span style=\"color:#2c6900;\"><strong>klik<\/strong><\/span><\/a><\/p>\n<p><u>Informacja o warsztatach<\/u> <a href=\"https:\/\/www.facebook.com\/EventECOTRENDS\/photos\/a.114566373508271\/174911354140439\/?type=3&#038;__xts__%5B0%5D=68.ARBV1dczrSaRWOpZqKY-Aa7t5LoNEVYeUTailWUas-4j-fOGKlbPbn_7VPfrEQDvnYGiMw60VyUU0lXeKFgNLYBqoQYRQT111SoHzQydIGwa9KgRRKlCA7V0_SHvSW0TA8Ufbh_jgw-gjOApSmGJon8f2kHxXlxa3yvmGzAwDJlhkrgZ3v0AiuwefCN9gpWZd1BEATbLliOm15oeHrJmZR1HC84T7-gqr8dLGo6R_Nw7THo7sdULVuIimNz8QWehgoWBkvL7j2IXQ3h7t03OD0sHznYeUnWhqEySfeZTKD1T9UR9ud4ODJr2EelZOaAibVTvRfof8IZoGTFZbaa-GeA&#038;__tn__=-R\" target=\"_blank\"><span style=\"color:#2c6900;\"><strong>klik<\/strong><\/span><\/a><\/p>\n","protected":false},"excerpt":{"rendered":"<p>Cytat z informacji prasowej organizatora: Przed nami pierwsza edycja Letniego Targu Ekologicznego w Poznaniu, kt\u00f3ry odb\u0119dzie si\u0119 ju\u017c 29-30 sierpnia br. na terenie MTP! Program tego plenerowego wydarzenia, bogaty w ekoprelekcje i warsztaty, pozwoli&#46;&#46;&#46;<\/p>\n","protected":false},"author":6,"featured_media":4597,"comment_status":"closed","ping_status":"open","sticky":false,"template":"","format":"standard","meta":{"_monsterinsights_skip_tracking":false,"_monsterinsights_sitenote_active":false,"_monsterinsights_sitenote_note":"","_monsterinsights_sitenote_category":0,"spay_email":"","jetpack_publicize_message":"","jetpack_is_tweetstorm":false},"categories":[1,75,15,10],"tags":[],"jetpack_featured_media_url":"https:\/\/polskipatchwork.pl\/wp-content\/uploads\/2020\/08\/300-x-600-px-100.jpg","jetpack_publicize_connections":[],"jetpack-related-posts":[{"id":6848,"url":"https:\/\/polskipatchwork.pl\/index.php\/2024\/04\/10\/dni-patchworku-w-zyrardowie\/","url_meta":{"origin":4598,"position":0},"title":"Dni Patchworku w \u017byrardowie","date":"10 kwietnia 2024","format":false,"excerpt":"Wszystkich mi\u0142o\u015bnik\u00f3w sztuki patchworku zapraszamy na wyj\u0105tkowe wydarzenie, organizowane przez Stowarzyszenie Polskiego Patchworku we wsp\u00f3\u0142pracy z Muzeum Lniarstwa w \u017byrardowie. To ju\u017c czwarta edycja wystaw patchwork\u00f3w, kt\u00f3re pokazujemy w Muzeum Lniarstwa podczas Europejskiej Nocy Muze\u00f3w. Ale tym razem poszli\u015bmy o krok dalej i przygotowali\u015bmy wydarzenie, na kt\u00f3re zapraszamy tych, kt\u00f3rzy\u2026","rel":"","context":"In &quot;Aktualno\u015bci&quot;","img":{"alt_text":"","src":"https:\/\/i2.wp.com\/polskipatchwork.pl\/wp-content\/uploads\/2024\/04\/logotyp_dni.jpg?resize=350%2C200&ssl=1","width":350,"height":200},"classes":[]},{"id":1129,"url":"https:\/\/polskipatchwork.pl\/index.php\/2016\/09\/05\/zaproszenie-do-nysy\/","url_meta":{"origin":4598,"position":1},"title":"Zaproszenie do Nysy","date":"5 wrze\u015bnia 2016","format":false,"excerpt":"W patchworku w Polsce wreszcie co\u015b na powa\u017cnie zacz\u0119\u0142o si\u0119 dzia\u0107 \u2013 jego mi\u0142o\u015bnicy i tw\u00f3rcy b\u0119d\u0105 mieli wkr\u00f3tce okazj\u0119 odwiedzi\u0107 kolejn\u0105 wystaw\u0119. Dlatego trzeba zacz\u0105\u0107 my\u015ble\u0107, \u017ceby szy\u0107 wi\u0119cej quilt\u00f3w z przeznaczeniem na wystawy w\u0142a\u015bnie. Otrzymali\u015bmy zaproszenie na wystaw\u0119 patchwork\u00f3w do Muzeum Powiatowego w Nysie. \u201eKolory gwiazd - Danu\u0161e\u2026","rel":"","context":"In &quot;Aktualno\u015bci&quot;","img":{"alt_text":"","src":"https:\/\/i0.wp.com\/polskipatchwork.pl\/wp-content\/uploads\/2016\/09\/plakat_patchwork_500.jpg?resize=350%2C200&ssl=1","width":350,"height":200},"classes":[]},{"id":1267,"url":"https:\/\/polskipatchwork.pl\/index.php\/2016\/10\/25\/wszystkie-drogi-prowadza-do-nysy\/","url_meta":{"origin":4598,"position":2},"title":"Wszystkie drogi prowadz\u0105 do Nysy :)","date":"25 pa\u017adziernika 2016","format":false,"excerpt":"Zaprasza\u0142y\u015bmy ju\u017c wszystkich ch\u0119tnych do odwiedzenia wystawy patchworkowej po\u0142\u0105czonej z warsztatami w Muzeum Powiatowym w Nysie. Zgodnie z zapowiedzi\u0105 30 wrze\u015bnia odby\u0142 si\u0119 wernisa\u017c, co opisa\u0142a na stronie Muzeum Ewa Lipi\u0144ska-Krzemianowska - kurator wystawy. Mo\u017cna tam tez obejrze\u0107 fotorelacj\u0119 z imprezy. 30 pa\u017adziernika koniec wystawy, czyli zosta\u0142o jeszcze kilka dni.\u2026","rel":"","context":"In &quot;Aktualno\u015bci&quot;","img":{"alt_text":"","src":"https:\/\/i0.wp.com\/polskipatchwork.pl\/wp-content\/uploads\/2016\/09\/plakat_patchwork_500.jpg?resize=350%2C200&ssl=1","width":350,"height":200},"classes":[]},{"id":1308,"url":"https:\/\/polskipatchwork.pl\/index.php\/2017\/01\/08\/praga-2017-jest-jeszcze-czas\/","url_meta":{"origin":4598,"position":3},"title":"Praga 2017 \u2013 jest jeszcze czas","date":"8 stycznia 2017","format":false,"excerpt":"Szybkimi krokami zbli\u017ca si\u0119 termin nadsy\u0142ania zg\u0142osze\u0144 na mi\u0119dzynarodow\u0105 wystaw\u0119 Prague Patchwork Meeting. W tym roku 11. ju\u017c spotkanie quilterek i quilter\u00f3w z tej cz\u0119\u015bci Europy odb\u0119dzie si\u0119 w dniach 31 marca-2 kwietnia. O tematach konkurs\u00f3w informowali\u015bmy ju\u017c wcze\u015bniej, a tutaj, dla waszej wygody, zbierzemy wszystkie informacje. Informacje by\u0142y konsultowane\u2026","rel":"","context":"In &quot;Aktualno\u015bci&quot;","img":{"alt_text":"","src":"https:\/\/i2.wp.com\/polskipatchwork.pl\/wp-content\/uploads\/2017\/01\/ppm_logo.jpg?resize=350%2C200&ssl=1","width":350,"height":200},"classes":[]},{"id":2636,"url":"https:\/\/polskipatchwork.pl\/index.php\/2018\/03\/01\/juki-zaprasza-na-slow-weekend-przedwiosnie\/","url_meta":{"origin":4598,"position":4},"title":"Juki zaprasza na Slow Weekend Przedwio\u015bnie","date":"1 marca 2018","format":false,"excerpt":"JUKI, producent maszyn i urz\u0105dze\u0144 szyj\u0105cych, zaprasza na otwarte warsztaty szycia, w dniach 3 i 4 marca, kt\u00f3re odbywa\u0107 si\u0119 b\u0119d\u0105 podczas wydarzenia Slow Weekend, na warszawskim stadionie PGE Narodowy. Na uczestnik\u00f3w czekaj\u0105 nowoczesne maszyny JUKI, w tym nowy coverlock JUKI MCS-1500, a tak\u017ce wszelkie niezb\u0119dne tkaniny i akcesoria. Tematem\u2026","rel":"","context":"In &quot;Aktualno\u015bci&quot;","img":{"alt_text":"","src":"https:\/\/i1.wp.com\/polskipatchwork.pl\/wp-content\/uploads\/2017\/07\/logo-Juki.png?resize=350%2C200&ssl=1","width":350,"height":200},"classes":[]},{"id":6128,"url":"https:\/\/polskipatchwork.pl\/index.php\/2022\/07\/28\/jedyna-taka-okazja-warsztaty-pictorial-quilt\/","url_meta":{"origin":4598,"position":5},"title":"Jedyna taka okazja: warsztaty Pictorial Quilt","date":"28 lipca 2022","format":false,"excerpt":"Z ogromn\u0105 przyjemno\u015bci\u0105 zapraszamy ch\u0119tnych do udzia\u0142u w wyj\u0105tkowych i jedynych w Polsce warsztatach Pictorial Quilt, kt\u00f3re poprowadzi Joanna Soloch.\u00a0 Oto opis warsztat\u00f3w otrzymany od Joasi:\u00a0Pictorial quilt to technika, kt\u00f3rej nauczy\u0142am si\u0119 od Dannego Amazonas i za jego zgod\u0105 prowadz\u0119 ten kurs.\u00a0\u00a0Kurs trwa 2 dni, po 6 godzin (z przerw\u0105\u2026","rel":"","context":"In &quot;Aktualno\u015bci&quot;","img":{"alt_text":"","src":"https:\/\/i2.wp.com\/polskipatchwork.pl\/wp-content\/uploads\/2022\/07\/288850568_1125570834659439_2469651426262682041_n.jpg?resize=350%2C200&ssl=1","width":350,"height":200},"classes":[]}],"jetpack_sharing_enabled":true,"jetpack_shortlink":"https:\/\/wp.me\/p7yhvX-1ca","_links":{"self":[{"href":"https:\/\/polskipatchwork.pl\/index.php\/wp-json\/wp\/v2\/posts\/4598"}],"collection":[{"href":"https:\/\/polskipatchwork.pl\/index.php\/wp-json\/wp\/v2\/posts"}],"about":[{"href":"https:\/\/polskipatchwork.pl\/index.php\/wp-json\/wp\/v2\/types\/post"}],"author":[{"embeddable":true,"href":"https:\/\/polskipatchwork.pl\/index.php\/wp-json\/wp\/v2\/users\/6"}],"replies":[{"embeddable":true,"href":"https:\/\/polskipatchwork.pl\/index.php\/wp-json\/wp\/v2\/comments?post=4598"}],"version-history":[{"count":7,"href":"https:\/\/polskipatchwork.pl\/index.php\/wp-json\/wp\/v2\/posts\/4598\/revisions"}],"predecessor-version":[{"id":4607,"href":"https:\/\/polskipatchwork.pl\/index.php\/wp-json\/wp\/v2\/posts\/4598\/revisions\/4607"}],"wp:featuredmedia":[{"embeddable":true,"href":"https:\/\/polskipatchwork.pl\/index.php\/wp-json\/wp\/v2\/media\/4597"}],"wp:attachment":[{"href":"https:\/\/polskipatchwork.pl\/index.php\/wp-json\/wp\/v2\/media?parent=4598"}],"wp:term":[{"taxonomy":"category","embeddable":true,"href":"https:\/\/polskipatchwork.pl\/index.php\/wp-json\/wp\/v2\/categories?post=4598"},{"taxonomy":"post_tag","embeddable":true,"href":"https:\/\/polskipatchwork.pl\/index.php\/wp-json\/wp\/v2\/tags?post=4598"}],"curies":[{"name":"wp","href":"https:\/\/api.w.org\/{rel}","templated":true}]}}