{"id":6269,"date":"2022-12-20T12:03:30","date_gmt":"2022-12-20T11:03:30","guid":{"rendered":"https:\/\/polskipatchwork.pl\/?p=6269"},"modified":"2022-12-20T12:03:30","modified_gmt":"2022-12-20T11:03:30","slug":"szyjemy-patchworkowe-podkladki","status":"publish","type":"post","link":"https:\/\/polskipatchwork.pl\/index.php\/2022\/12\/20\/szyjemy-patchworkowe-podkladki\/","title":{"rendered":"Szyjemy patchworkowe podk\u0142adki"},"content":{"rendered":"<p><img data-attachment-id=\"6277\" data-permalink=\"https:\/\/polskipatchwork.pl\/index.php\/2022\/12\/20\/szyjemy-patchworkowe-podkladki\/numer-jeden\/\" data-orig-file=\"https:\/\/polskipatchwork.pl\/wp-content\/uploads\/2022\/12\/numer-jeden-scaled.jpg\" data-orig-size=\"2560,1920\" data-comments-opened=\"0\" data-image-meta=\"{&quot;aperture&quot;:&quot;1.8&quot;,&quot;credit&quot;:&quot;&quot;,&quot;camera&quot;:&quot;SM-A528B&quot;,&quot;caption&quot;:&quot;&quot;,&quot;created_timestamp&quot;:&quot;1671282975&quot;,&quot;copyright&quot;:&quot;&quot;,&quot;focal_length&quot;:&quot;5.23&quot;,&quot;iso&quot;:&quot;250&quot;,&quot;shutter_speed&quot;:&quot;0.01&quot;,&quot;title&quot;:&quot;&quot;,&quot;orientation&quot;:&quot;1&quot;}\" data-image-title=\"numer jeden\" data-image-description=\"\" data-medium-file=\"https:\/\/polskipatchwork.pl\/wp-content\/uploads\/2022\/12\/numer-jeden-300x225.jpg\" data-large-file=\"https:\/\/polskipatchwork.pl\/wp-content\/uploads\/2022\/12\/numer-jeden-1024x768.jpg\" loading=\"lazy\" class=\"alignleft wp-image-6277\" src=\"http:\/\/polskipatchwork.pl\/wp-content\/uploads\/2022\/12\/numer-jeden-1024x768.jpg\" alt=\"\" width=\"500\" height=\"375\" srcset=\"https:\/\/polskipatchwork.pl\/wp-content\/uploads\/2022\/12\/numer-jeden-1024x768.jpg 1024w, https:\/\/polskipatchwork.pl\/wp-content\/uploads\/2022\/12\/numer-jeden-300x225.jpg 300w, https:\/\/polskipatchwork.pl\/wp-content\/uploads\/2022\/12\/numer-jeden-768x576.jpg 768w, https:\/\/polskipatchwork.pl\/wp-content\/uploads\/2022\/12\/numer-jeden-1536x1152.jpg 1536w, https:\/\/polskipatchwork.pl\/wp-content\/uploads\/2022\/12\/numer-jeden-2048x1536.jpg 2048w\" sizes=\"(max-width: 500px) 100vw, 500px\" \/><\/p>\n<p>W sobot\u0119, 17 grudnia,\u00a0 w czytelni Biblioteki Publicznej w Piasecznie, cz\u0142onkinie Stowarzyszenia Polskiego Patchworku:<\/p>\n<ul>\n<li>Magdalena Durka,<\/li>\n<li>Magdalena Gali\u0144ska,<\/li>\n<li>Magdalena Kowalczyk<\/li>\n<li>Teresa Tarlecka,<\/li>\n<\/ul>\n<p>poprowadzi\u0142y warsztaty szycia patchworkowych podk\u0142adek pod kubek.<\/p>\n<p>W czytelni ca\u0142y czas cieszy oczy wystawa &#8220;Kolory&#8221; i prace naszych cz\u0142onki\u0144 zbieraj\u0105 wiele pochwa\u0142.<\/p>\n<p>Kole\u017canki opowiedzia\u0142y o historii patchworku, przygotowa\u0142y przyk\u0142ady poszczeg\u00f3lnych etap\u00f3w szycia quiltu i zaprosi\u0142y do szycia. Uczestnicy z ogromnym entuzjazmem zabrali si\u0119 do pracy. I chocia\u017c maszyn by\u0142o mniej ni\u017c ch\u0119tnych do szycia, w niczym to nie przeszkadza\u0142o, a niekt\u00f3rzy skorzystali z okazji i uszyli po kilka podk\u0142adek. Ch\u0119tnie sprawdzali te\u017c swoje si\u0142y w pikowaniu z wolnej r\u0119ki. Jedna z uczestniczek ca\u0142\u0105 prac\u0119 uszy\u0142a i wypikowa\u0142a r\u0119cznie (to ta sze\u015bciok\u0105tna podk\u0142adka).<\/p>\n<p>Wszyscy wyszli zadowoleni i pada\u0142y pytania, kiedy b\u0119dzie nast\u0119pny patchworkowy warsztat. Mamy zaproszenie na wiosn\u0119.<\/p>\n<p>Poni\u017cej jeszcze kilka zdj\u0119\u0107 z wydarzenia.<\/p>\n<p><img data-attachment-id=\"6276\" data-permalink=\"https:\/\/polskipatchwork.pl\/index.php\/2022\/12\/20\/szyjemy-patchworkowe-podkladki\/20221217_131548\/\" data-orig-file=\"https:\/\/polskipatchwork.pl\/wp-content\/uploads\/2022\/12\/20221217_131548-scaled.jpg\" data-orig-size=\"1920,2560\" data-comments-opened=\"0\" data-image-meta=\"{&quot;aperture&quot;:&quot;1.8&quot;,&quot;credit&quot;:&quot;&quot;,&quot;camera&quot;:&quot;SM-A528B&quot;,&quot;caption&quot;:&quot;&quot;,&quot;created_timestamp&quot;:&quot;1671282948&quot;,&quot;copyright&quot;:&quot;&quot;,&quot;focal_length&quot;:&quot;5.23&quot;,&quot;iso&quot;:&quot;320&quot;,&quot;shutter_speed&quot;:&quot;0.01&quot;,&quot;title&quot;:&quot;&quot;,&quot;orientation&quot;:&quot;1&quot;}\" data-image-title=\"20221217_131548\" data-image-description=\"\" data-medium-file=\"https:\/\/polskipatchwork.pl\/wp-content\/uploads\/2022\/12\/20221217_131548-225x300.jpg\" data-large-file=\"https:\/\/polskipatchwork.pl\/wp-content\/uploads\/2022\/12\/20221217_131548-768x1024.jpg\" loading=\"lazy\" class=\"wp-image-6276 size-large aligncenter\" src=\"http:\/\/polskipatchwork.pl\/wp-content\/uploads\/2022\/12\/20221217_131548-768x1024.jpg\" alt=\"\" width=\"768\" height=\"1024\" srcset=\"https:\/\/polskipatchwork.pl\/wp-content\/uploads\/2022\/12\/20221217_131548-768x1024.jpg 768w, https:\/\/polskipatchwork.pl\/wp-content\/uploads\/2022\/12\/20221217_131548-225x300.jpg 225w, https:\/\/polskipatchwork.pl\/wp-content\/uploads\/2022\/12\/20221217_131548-1152x1536.jpg 1152w, https:\/\/polskipatchwork.pl\/wp-content\/uploads\/2022\/12\/20221217_131548-1536x2048.jpg 1536w, https:\/\/polskipatchwork.pl\/wp-content\/uploads\/2022\/12\/20221217_131548-scaled.jpg 1920w\" sizes=\"(max-width: 768px) 100vw, 768px\" \/><\/p>\n<p><img data-attachment-id=\"6275\" data-permalink=\"https:\/\/polskipatchwork.pl\/index.php\/2022\/12\/20\/szyjemy-patchworkowe-podkladki\/20221217_124639\/\" data-orig-file=\"https:\/\/polskipatchwork.pl\/wp-content\/uploads\/2022\/12\/20221217_124639-scaled.jpg\" data-orig-size=\"1920,2560\" data-comments-opened=\"0\" data-image-meta=\"{&quot;aperture&quot;:&quot;1.8&quot;,&quot;credit&quot;:&quot;&quot;,&quot;camera&quot;:&quot;SM-A528B&quot;,&quot;caption&quot;:&quot;&quot;,&quot;created_timestamp&quot;:&quot;1671281199&quot;,&quot;copyright&quot;:&quot;&quot;,&quot;focal_length&quot;:&quot;5.23&quot;,&quot;iso&quot;:&quot;250&quot;,&quot;shutter_speed&quot;:&quot;0.01&quot;,&quot;title&quot;:&quot;&quot;,&quot;orientation&quot;:&quot;1&quot;}\" data-image-title=\"20221217_124639\" data-image-description=\"\" data-medium-file=\"https:\/\/polskipatchwork.pl\/wp-content\/uploads\/2022\/12\/20221217_124639-225x300.jpg\" data-large-file=\"https:\/\/polskipatchwork.pl\/wp-content\/uploads\/2022\/12\/20221217_124639-768x1024.jpg\" loading=\"lazy\" class=\"wp-image-6275 size-large aligncenter\" src=\"http:\/\/polskipatchwork.pl\/wp-content\/uploads\/2022\/12\/20221217_124639-768x1024.jpg\" alt=\"\" width=\"768\" height=\"1024\" srcset=\"https:\/\/polskipatchwork.pl\/wp-content\/uploads\/2022\/12\/20221217_124639-768x1024.jpg 768w, https:\/\/polskipatchwork.pl\/wp-content\/uploads\/2022\/12\/20221217_124639-225x300.jpg 225w, https:\/\/polskipatchwork.pl\/wp-content\/uploads\/2022\/12\/20221217_124639-1152x1536.jpg 1152w, https:\/\/polskipatchwork.pl\/wp-content\/uploads\/2022\/12\/20221217_124639-1536x2048.jpg 1536w, https:\/\/polskipatchwork.pl\/wp-content\/uploads\/2022\/12\/20221217_124639-scaled.jpg 1920w\" sizes=\"(max-width: 768px) 100vw, 768px\" \/><\/p>\n<p><img data-attachment-id=\"6274\" data-permalink=\"https:\/\/polskipatchwork.pl\/index.php\/2022\/12\/20\/szyjemy-patchworkowe-podkladki\/20221217_112920\/\" data-orig-file=\"https:\/\/polskipatchwork.pl\/wp-content\/uploads\/2022\/12\/20221217_112920-scaled.jpg\" data-orig-size=\"1920,2560\" data-comments-opened=\"0\" data-image-meta=\"{&quot;aperture&quot;:&quot;1.8&quot;,&quot;credit&quot;:&quot;&quot;,&quot;camera&quot;:&quot;SM-A528B&quot;,&quot;caption&quot;:&quot;&quot;,&quot;created_timestamp&quot;:&quot;1671276561&quot;,&quot;copyright&quot;:&quot;&quot;,&quot;focal_length&quot;:&quot;5.23&quot;,&quot;iso&quot;:&quot;125&quot;,&quot;shutter_speed&quot;:&quot;0.02&quot;,&quot;title&quot;:&quot;&quot;,&quot;orientation&quot;:&quot;1&quot;}\" data-image-title=\"20221217_112920\" data-image-description=\"\" data-medium-file=\"https:\/\/polskipatchwork.pl\/wp-content\/uploads\/2022\/12\/20221217_112920-225x300.jpg\" data-large-file=\"https:\/\/polskipatchwork.pl\/wp-content\/uploads\/2022\/12\/20221217_112920-768x1024.jpg\" loading=\"lazy\" class=\"wp-image-6274 size-large aligncenter\" src=\"http:\/\/polskipatchwork.pl\/wp-content\/uploads\/2022\/12\/20221217_112920-768x1024.jpg\" alt=\"\" width=\"768\" height=\"1024\" srcset=\"https:\/\/polskipatchwork.pl\/wp-content\/uploads\/2022\/12\/20221217_112920-768x1024.jpg 768w, https:\/\/polskipatchwork.pl\/wp-content\/uploads\/2022\/12\/20221217_112920-225x300.jpg 225w, https:\/\/polskipatchwork.pl\/wp-content\/uploads\/2022\/12\/20221217_112920-1152x1536.jpg 1152w, https:\/\/polskipatchwork.pl\/wp-content\/uploads\/2022\/12\/20221217_112920-1536x2048.jpg 1536w, https:\/\/polskipatchwork.pl\/wp-content\/uploads\/2022\/12\/20221217_112920-scaled.jpg 1920w\" sizes=\"(max-width: 768px) 100vw, 768px\" \/><\/p>\n<p><img data-attachment-id=\"6273\" data-permalink=\"https:\/\/polskipatchwork.pl\/index.php\/2022\/12\/20\/szyjemy-patchworkowe-podkladki\/20221217_112915\/\" data-orig-file=\"https:\/\/polskipatchwork.pl\/wp-content\/uploads\/2022\/12\/20221217_112915-scaled.jpg\" data-orig-size=\"1920,2560\" data-comments-opened=\"0\" data-image-meta=\"{&quot;aperture&quot;:&quot;1.8&quot;,&quot;credit&quot;:&quot;&quot;,&quot;camera&quot;:&quot;SM-A528B&quot;,&quot;caption&quot;:&quot;&quot;,&quot;created_timestamp&quot;:&quot;1671276556&quot;,&quot;copyright&quot;:&quot;&quot;,&quot;focal_length&quot;:&quot;5.23&quot;,&quot;iso&quot;:&quot;64&quot;,&quot;shutter_speed&quot;:&quot;0.02&quot;,&quot;title&quot;:&quot;&quot;,&quot;orientation&quot;:&quot;1&quot;}\" data-image-title=\"20221217_112915\" data-image-description=\"\" data-medium-file=\"https:\/\/polskipatchwork.pl\/wp-content\/uploads\/2022\/12\/20221217_112915-225x300.jpg\" data-large-file=\"https:\/\/polskipatchwork.pl\/wp-content\/uploads\/2022\/12\/20221217_112915-768x1024.jpg\" loading=\"lazy\" class=\"aligncenter wp-image-6273 size-large\" src=\"http:\/\/polskipatchwork.pl\/wp-content\/uploads\/2022\/12\/20221217_112915-768x1024.jpg\" alt=\"\" width=\"768\" height=\"1024\" srcset=\"https:\/\/polskipatchwork.pl\/wp-content\/uploads\/2022\/12\/20221217_112915-768x1024.jpg 768w, https:\/\/polskipatchwork.pl\/wp-content\/uploads\/2022\/12\/20221217_112915-225x300.jpg 225w, https:\/\/polskipatchwork.pl\/wp-content\/uploads\/2022\/12\/20221217_112915-1152x1536.jpg 1152w, https:\/\/polskipatchwork.pl\/wp-content\/uploads\/2022\/12\/20221217_112915-1536x2048.jpg 1536w, https:\/\/polskipatchwork.pl\/wp-content\/uploads\/2022\/12\/20221217_112915-scaled.jpg 1920w\" sizes=\"(max-width: 768px) 100vw, 768px\" \/><\/p>\n<p><img data-attachment-id=\"6272\" data-permalink=\"https:\/\/polskipatchwork.pl\/index.php\/2022\/12\/20\/szyjemy-patchworkowe-podkladki\/20221217_111729\/\" data-orig-file=\"https:\/\/polskipatchwork.pl\/wp-content\/uploads\/2022\/12\/20221217_111729-scaled.jpg\" data-orig-size=\"1920,2560\" data-comments-opened=\"0\" data-image-meta=\"{&quot;aperture&quot;:&quot;1.8&quot;,&quot;credit&quot;:&quot;&quot;,&quot;camera&quot;:&quot;SM-A528B&quot;,&quot;caption&quot;:&quot;&quot;,&quot;created_timestamp&quot;:&quot;1671275849&quot;,&quot;copyright&quot;:&quot;&quot;,&quot;focal_length&quot;:&quot;5.23&quot;,&quot;iso&quot;:&quot;125&quot;,&quot;shutter_speed&quot;:&quot;0.02&quot;,&quot;title&quot;:&quot;&quot;,&quot;orientation&quot;:&quot;1&quot;}\" data-image-title=\"20221217_111729\" data-image-description=\"\" data-medium-file=\"https:\/\/polskipatchwork.pl\/wp-content\/uploads\/2022\/12\/20221217_111729-225x300.jpg\" data-large-file=\"https:\/\/polskipatchwork.pl\/wp-content\/uploads\/2022\/12\/20221217_111729-768x1024.jpg\" loading=\"lazy\" class=\"aligncenter wp-image-6272 size-large\" src=\"http:\/\/polskipatchwork.pl\/wp-content\/uploads\/2022\/12\/20221217_111729-768x1024.jpg\" alt=\"\" width=\"768\" height=\"1024\" srcset=\"https:\/\/polskipatchwork.pl\/wp-content\/uploads\/2022\/12\/20221217_111729-768x1024.jpg 768w, https:\/\/polskipatchwork.pl\/wp-content\/uploads\/2022\/12\/20221217_111729-225x300.jpg 225w, https:\/\/polskipatchwork.pl\/wp-content\/uploads\/2022\/12\/20221217_111729-1152x1536.jpg 1152w, https:\/\/polskipatchwork.pl\/wp-content\/uploads\/2022\/12\/20221217_111729-1536x2048.jpg 1536w, https:\/\/polskipatchwork.pl\/wp-content\/uploads\/2022\/12\/20221217_111729-scaled.jpg 1920w\" sizes=\"(max-width: 768px) 100vw, 768px\" \/><\/p>\n<p><img data-attachment-id=\"6271\" data-permalink=\"https:\/\/polskipatchwork.pl\/index.php\/2022\/12\/20\/szyjemy-patchworkowe-podkladki\/20221217_111141\/\" data-orig-file=\"https:\/\/polskipatchwork.pl\/wp-content\/uploads\/2022\/12\/20221217_111141-scaled.jpg\" data-orig-size=\"1920,2560\" data-comments-opened=\"0\" data-image-meta=\"{&quot;aperture&quot;:&quot;1.8&quot;,&quot;credit&quot;:&quot;&quot;,&quot;camera&quot;:&quot;SM-A528B&quot;,&quot;caption&quot;:&quot;&quot;,&quot;created_timestamp&quot;:&quot;1671275501&quot;,&quot;copyright&quot;:&quot;&quot;,&quot;focal_length&quot;:&quot;5.23&quot;,&quot;iso&quot;:&quot;100&quot;,&quot;shutter_speed&quot;:&quot;0.02&quot;,&quot;title&quot;:&quot;&quot;,&quot;orientation&quot;:&quot;1&quot;}\" data-image-title=\"20221217_111141\" data-image-description=\"\" data-medium-file=\"https:\/\/polskipatchwork.pl\/wp-content\/uploads\/2022\/12\/20221217_111141-225x300.jpg\" data-large-file=\"https:\/\/polskipatchwork.pl\/wp-content\/uploads\/2022\/12\/20221217_111141-768x1024.jpg\" loading=\"lazy\" class=\"aligncenter wp-image-6271 size-large\" src=\"http:\/\/polskipatchwork.pl\/wp-content\/uploads\/2022\/12\/20221217_111141-768x1024.jpg\" alt=\"\" width=\"768\" height=\"1024\" srcset=\"https:\/\/polskipatchwork.pl\/wp-content\/uploads\/2022\/12\/20221217_111141-768x1024.jpg 768w, https:\/\/polskipatchwork.pl\/wp-content\/uploads\/2022\/12\/20221217_111141-225x300.jpg 225w, https:\/\/polskipatchwork.pl\/wp-content\/uploads\/2022\/12\/20221217_111141-1152x1536.jpg 1152w, https:\/\/polskipatchwork.pl\/wp-content\/uploads\/2022\/12\/20221217_111141-1536x2048.jpg 1536w, https:\/\/polskipatchwork.pl\/wp-content\/uploads\/2022\/12\/20221217_111141-scaled.jpg 1920w\" sizes=\"(max-width: 768px) 100vw, 768px\" \/><\/p>\n<p><img data-attachment-id=\"6270\" data-permalink=\"https:\/\/polskipatchwork.pl\/index.php\/2022\/12\/20\/szyjemy-patchworkowe-podkladki\/20221217_105926\/\" data-orig-file=\"https:\/\/polskipatchwork.pl\/wp-content\/uploads\/2022\/12\/20221217_105926-scaled.jpg\" data-orig-size=\"1920,2560\" data-comments-opened=\"0\" data-image-meta=\"{&quot;aperture&quot;:&quot;1.8&quot;,&quot;credit&quot;:&quot;&quot;,&quot;camera&quot;:&quot;SM-A528B&quot;,&quot;caption&quot;:&quot;&quot;,&quot;created_timestamp&quot;:&quot;1671274766&quot;,&quot;copyright&quot;:&quot;&quot;,&quot;focal_length&quot;:&quot;5.23&quot;,&quot;iso&quot;:&quot;160&quot;,&quot;shutter_speed&quot;:&quot;0.01&quot;,&quot;title&quot;:&quot;&quot;,&quot;orientation&quot;:&quot;1&quot;}\" data-image-title=\"20221217_105926\" data-image-description=\"\" data-medium-file=\"https:\/\/polskipatchwork.pl\/wp-content\/uploads\/2022\/12\/20221217_105926-225x300.jpg\" data-large-file=\"https:\/\/polskipatchwork.pl\/wp-content\/uploads\/2022\/12\/20221217_105926-768x1024.jpg\" loading=\"lazy\" class=\"wp-image-6270 size-large aligncenter\" src=\"http:\/\/polskipatchwork.pl\/wp-content\/uploads\/2022\/12\/20221217_105926-768x1024.jpg\" alt=\"\" width=\"768\" height=\"1024\" srcset=\"https:\/\/polskipatchwork.pl\/wp-content\/uploads\/2022\/12\/20221217_105926-768x1024.jpg 768w, https:\/\/polskipatchwork.pl\/wp-content\/uploads\/2022\/12\/20221217_105926-225x300.jpg 225w, https:\/\/polskipatchwork.pl\/wp-content\/uploads\/2022\/12\/20221217_105926-1152x1536.jpg 1152w, https:\/\/polskipatchwork.pl\/wp-content\/uploads\/2022\/12\/20221217_105926-1536x2048.jpg 1536w, https:\/\/polskipatchwork.pl\/wp-content\/uploads\/2022\/12\/20221217_105926-scaled.jpg 1920w\" sizes=\"(max-width: 768px) 100vw, 768px\" \/><\/p>\n","protected":false},"excerpt":{"rendered":"<p>W sobot\u0119, 17 grudnia,\u00a0 w czytelni Biblioteki Publicznej w Piasecznie, cz\u0142onkinie Stowarzyszenia Polskiego Patchworku: Magdalena Durka, Magdalena Gali\u0144ska, Magdalena Kowalczyk Teresa Tarlecka, poprowadzi\u0142y warsztaty szycia patchworkowych podk\u0142adek pod kubek. W czytelni ca\u0142y czas cieszy&#46;&#46;&#46;<\/p>\n","protected":false},"author":6,"featured_media":6278,"comment_status":"closed","ping_status":"open","sticky":false,"template":"","format":"standard","meta":{"_monsterinsights_skip_tracking":false,"_monsterinsights_sitenote_active":false,"_monsterinsights_sitenote_note":"","_monsterinsights_sitenote_category":0,"spay_email":"","jetpack_publicize_message":"","jetpack_is_tweetstorm":false},"categories":[1,75,15],"tags":[],"jetpack_featured_media_url":"https:\/\/polskipatchwork.pl\/wp-content\/uploads\/2022\/12\/numer-jeden-1-scaled.jpg","jetpack_publicize_connections":[],"jetpack-related-posts":[{"id":3341,"url":"https:\/\/polskipatchwork.pl\/index.php\/2018\/11\/26\/warsztaty-szycia-patchworkow-w-centrum-zdrowia-dziecka\/","url_meta":{"origin":6269,"position":0},"title":"Warsztaty szycia patchwork\u00f3w w Centrum Zdrowia Dziecka","date":"26 listopada 2018","format":false,"excerpt":"W ostatni czwartek, 22 listopada odwiedzili\u015bmy Centrum Zdrowia Dziecka. Wizyta by\u0142a odpowiedzi\u0105 na zaproszenie szko\u0142y przyszpitalnej w Instytucie Pedriatrii CZD i Stowarzyszenia \"CENTRU\u015a\". Tego dnia odby\u0142y si\u0119 warsztaty szycia patchwork\u00f3w dla nauczycieli tej szko\u0142y, za tydzie\u0144 spotkamy si\u0119 z dzie\u0107mi. \u00a0 \u00a0 Warsztaty by\u0142y cz\u0119\u015bci\u0105 akcji charytatywnej dla chorych dzieci\u2026","rel":"","context":"In &quot;Aktualno\u015bci&quot;","img":{"alt_text":"","src":"https:\/\/i2.wp.com\/polskipatchwork.pl\/wp-content\/uploads\/2018\/11\/warsztaty1.jpg?resize=350%2C200&ssl=1","width":350,"height":200},"classes":[]},{"id":5968,"url":"https:\/\/polskipatchwork.pl\/index.php\/2022\/04\/26\/boleslawiec-w-lazienkach\/","url_meta":{"origin":6269,"position":1},"title":"Boles\u0142awiec w \u0141azienkach","date":"26 kwietnia 2022","format":false,"excerpt":"Prace przygotowane na konkurs Stowarzyszenia Polskiego Patchworku \"Ceramika boles\u0142awiecka w patchworku\" zago\u015bci\u0142y w warszawskich \u0141azienkach. Mo\u017cna je podziwia\u0107 od 20 kwietnia do 14 maja w salach M\u0142odzie\u017cowego Domu Kultury, przy ulicy \u0141azienkowskiej 7 w Warszawie. Wystawa po\u0142\u0105czona jest z warsztatami w technice yo-yo, dyskusjami o patchworku u\u017cytkowym, a nawet quizem\u2026","rel":"","context":"In &quot;Aktualno\u015bci&quot;","img":{"alt_text":"","src":"https:\/\/i2.wp.com\/polskipatchwork.pl\/wp-content\/uploads\/2022\/04\/b_plakat.jpg?resize=350%2C200&ssl=1","width":350,"height":200},"classes":[]},{"id":6848,"url":"https:\/\/polskipatchwork.pl\/index.php\/2024\/04\/10\/dni-patchworku-w-zyrardowie\/","url_meta":{"origin":6269,"position":2},"title":"Dni Patchworku w \u017byrardowie","date":"10 kwietnia 2024","format":false,"excerpt":"Wszystkich mi\u0142o\u015bnik\u00f3w sztuki patchworku zapraszamy na wyj\u0105tkowe wydarzenie, organizowane przez Stowarzyszenie Polskiego Patchworku we wsp\u00f3\u0142pracy z Muzeum Lniarstwa w \u017byrardowie. To ju\u017c czwarta edycja wystaw patchwork\u00f3w, kt\u00f3re pokazujemy w Muzeum Lniarstwa podczas Europejskiej Nocy Muze\u00f3w. Ale tym razem poszli\u015bmy o krok dalej i przygotowali\u015bmy wydarzenie, na kt\u00f3re zapraszamy tych, kt\u00f3rzy\u2026","rel":"","context":"In &quot;Aktualno\u015bci&quot;","img":{"alt_text":"","src":"https:\/\/i2.wp.com\/polskipatchwork.pl\/wp-content\/uploads\/2024\/04\/logotyp_dni.jpg?resize=350%2C200&ssl=1","width":350,"height":200},"classes":[]},{"id":3361,"url":"https:\/\/polskipatchwork.pl\/index.php\/2018\/12\/02\/warsztaty-szycia-patchworkow-w-centrum-zdrowia-dziecka-cz-2\/","url_meta":{"origin":6269,"position":3},"title":"Warsztaty szycia patchwork\u00f3w w Centrum Zdrowia Dziecka - cz.2","date":"2 grudnia 2018","format":false,"excerpt":"Wczoraj, w sobot\u0119, odby\u0142y si\u0119 pierwsze warsztaty szycia patchwork\u00f3w z dzie\u0107mi w Centrum Zdrowia Dziecka. Warsztaty by\u0142y kontynuacj\u0105 wsp\u00f3\u0142pracy szko\u0142y przyszpitalnej w Instytucie Pediatrii CZD, Stowarzyszenia \u201eCentru\u015b\u201d oraz Stowarzyszenia Polskiego Patchworku. Na warsztatach szy\u0142y\u015bmy poszewki na poduszki wg wzoru 9-cio \u0142atki. Dzieci by\u0142y w bardzo r\u00f3\u017cnym wieku i wi\u0119kszo\u015b\u0107 nigdy\u2026","rel":"","context":"In &quot;Aktualno\u015bci&quot;","img":{"alt_text":"","src":"https:\/\/i1.wp.com\/polskipatchwork.pl\/wp-content\/uploads\/2018\/12\/CZD.jpg?resize=350%2C200&ssl=1","width":350,"height":200},"classes":[]},{"id":2071,"url":"https:\/\/polskipatchwork.pl\/index.php\/2017\/10\/11\/juki-pazdziernik-2017\/","url_meta":{"origin":6269,"position":4},"title":"Juki \u2013 pa\u017adziernik 2017","date":"11 pa\u017adziernika 2017","format":false,"excerpt":"JUKI Make it Yours otwarte warsztaty szycia w sobot\u0119 28 pa\u017adziernika w Warszawie Wszystkich, kt\u00f3rzy chc\u0105 spr\u00f3bowa\u0107 swoich si\u0142 w szyciu, pozna\u0107 podstawy patchworku, porozmawia\u0107 z blogerkami i projektantkami \u2013 marka JUKI zaprasza na dzie\u0144 otwarty - 28.10.2017 r w Warszawie, w budynku Mysia 3, w godz. 11-18. Wst\u0119p wolny.\u2026","rel":"","context":"In &quot;Aktualno\u015bci&quot;","img":{"alt_text":"","src":"https:\/\/i1.wp.com\/polskipatchwork.pl\/wp-content\/uploads\/2017\/07\/logo-Juki.png?resize=350%2C200&ssl=1","width":350,"height":200},"classes":[]},{"id":7107,"url":"https:\/\/polskipatchwork.pl\/index.php\/2025\/04\/15\/ii-dni-patchworku-w-zyrardowie\/","url_meta":{"origin":6269,"position":5},"title":"II Dni Patchworku w \u017byrardowie","date":"15 kwietnia 2025","format":false,"excerpt":"Wszystkich mi\u0142o\u015bnik\u00f3w sztuki patchworku zapraszamy w dniach 16-18 maja br na wyj\u0105tkowe wydarzenie, organizowane przez Stowarzyszenie Polskiego Patchworku we wsp\u00f3\u0142pracy z Miastem \u017byrard\u00f3w, Muzeum Lniarstwa i Centrum Kultury w \u017byrardowie. Ubieg\u0142oroczna edycja Dni Patchworku cieszy\u0142a si\u0119 ogromnym zainteresowaniem i liczymy, \u017ce i w tym roku odwiedz\u0105 nas ci, kt\u00f3rzy patchworki\u2026","rel":"","context":"In &quot;Aktualno\u015bci&quot;","img":{"alt_text":"","src":"https:\/\/i0.wp.com\/polskipatchwork.pl\/wp-content\/uploads\/2025\/04\/Dni_2025_logo.png?resize=350%2C200&ssl=1","width":350,"height":200},"classes":[]}],"jetpack_sharing_enabled":true,"jetpack_shortlink":"https:\/\/wp.me\/p7yhvX-1D7","_links":{"self":[{"href":"https:\/\/polskipatchwork.pl\/index.php\/wp-json\/wp\/v2\/posts\/6269"}],"collection":[{"href":"https:\/\/polskipatchwork.pl\/index.php\/wp-json\/wp\/v2\/posts"}],"about":[{"href":"https:\/\/polskipatchwork.pl\/index.php\/wp-json\/wp\/v2\/types\/post"}],"author":[{"embeddable":true,"href":"https:\/\/polskipatchwork.pl\/index.php\/wp-json\/wp\/v2\/users\/6"}],"replies":[{"embeddable":true,"href":"https:\/\/polskipatchwork.pl\/index.php\/wp-json\/wp\/v2\/comments?post=6269"}],"version-history":[{"count":1,"href":"https:\/\/polskipatchwork.pl\/index.php\/wp-json\/wp\/v2\/posts\/6269\/revisions"}],"predecessor-version":[{"id":6279,"href":"https:\/\/polskipatchwork.pl\/index.php\/wp-json\/wp\/v2\/posts\/6269\/revisions\/6279"}],"wp:featuredmedia":[{"embeddable":true,"href":"https:\/\/polskipatchwork.pl\/index.php\/wp-json\/wp\/v2\/media\/6278"}],"wp:attachment":[{"href":"https:\/\/polskipatchwork.pl\/index.php\/wp-json\/wp\/v2\/media?parent=6269"}],"wp:term":[{"taxonomy":"category","embeddable":true,"href":"https:\/\/polskipatchwork.pl\/index.php\/wp-json\/wp\/v2\/categories?post=6269"},{"taxonomy":"post_tag","embeddable":true,"href":"https:\/\/polskipatchwork.pl\/index.php\/wp-json\/wp\/v2\/tags?post=6269"}],"curies":[{"name":"wp","href":"https:\/\/api.w.org\/{rel}","templated":true}]}}