{"id":7026,"date":"2025-01-19T21:42:20","date_gmt":"2025-01-19T20:42:20","guid":{"rendered":"https:\/\/polskipatchwork.pl\/?p=7026"},"modified":"2025-01-19T22:01:21","modified_gmt":"2025-01-19T21:01:21","slug":"zapraszamy-na-licytacje-narzuty-patchworkowej-dla-wosp","status":"publish","type":"post","link":"https:\/\/polskipatchwork.pl\/index.php\/2025\/01\/19\/zapraszamy-na-licytacje-narzuty-patchworkowej-dla-wosp\/","title":{"rendered":"Zapraszamy na licytacj\u0119 narzuty patchworkowej dla WO\u015aP"},"content":{"rendered":"<p>Od wielu lat Stowarzyszenie Polskiego Patchworku wystawia narzuty na licytacj\u0119 dla WO\u015aP . Narzuta zosta\u0142a uszyta z bawe\u0142nianych tkanin patchworkowych, a pomi\u0119dzy patchworkowym wierzchem i jednolitym spodem znajduje si\u0119 bawe\u0142niane wype\u0142nienie.<\/p>\n<p>Tegoroczna narzuta jest pi\u0119kna, kolorowa i przytulna, wi\u0119c mamy nadziej\u0119, \u017ce i w tym roku znajdzie si\u0119 osoba, kt\u00f3ra doceni urok patchworku, a przy okazji zasili kas\u0119 fundacji WO\u015aP.<\/p>\n<p>Narzut\u0119 wykona\u0142o prawie czterdzie\u015bci os\u00f3b z r\u00f3\u017cnych stron kraju. Trzydzie\u015bci pi\u0119\u0107 os\u00f3b uszy\u0142o poszczeg\u00f3lne bloki (powtarzalne elementy), mniejsza grupka zszywa\u0142a je w ca\u0142o\u015b\u0107 w krakowskiej pracowni Anny Twardowskiej &#8220;Sztuka \u0141\u0105czenia&#8221;, a ca\u0142o\u015b\u0107 przepikowa\u0142a i wyko\u0144czy\u0142a Sylwia Ignatowska z \u017burawicy.<\/p>\n<p><a href=\"https:\/\/allegro.pl\/oferta\/narzuta-patchworkowa-kolorowe-diamenty-17150387462?fbclid=IwY2xjawH6RZNleHRuA2FlbQIxMAABHVN529sfeK_Eu6a3k4pJX2rfnJKj_NqjQE7e5nUDvp3gbBc_E6V2BDtMAg_aem_luiuEH2ZQbIuiF1yOHH8CA\"><strong>Zapraszamy do licytowania! &gt;&gt;&gt;<\/strong><\/a><\/p>\n<p>Narzuta ma wymiary 210&#215;211 cm.<\/p>\n<p><img data-attachment-id=\"7028\" data-permalink=\"https:\/\/polskipatchwork.pl\/index.php\/2025\/01\/19\/zapraszamy-na-licytacje-narzuty-patchworkowej-dla-wosp\/wosp_1\/\" data-orig-file=\"https:\/\/polskipatchwork.pl\/wp-content\/uploads\/2025\/01\/wosp_1.jpg\" data-orig-size=\"750,905\" data-comments-opened=\"0\" data-image-meta=\"{&quot;aperture&quot;:&quot;1.5&quot;,&quot;credit&quot;:&quot;&quot;,&quot;camera&quot;:&quot;iPhone 13 Pro&quot;,&quot;caption&quot;:&quot;&quot;,&quot;created_timestamp&quot;:&quot;1735978649&quot;,&quot;copyright&quot;:&quot;&quot;,&quot;focal_length&quot;:&quot;5.7&quot;,&quot;iso&quot;:&quot;50&quot;,&quot;shutter_speed&quot;:&quot;0.00042498937526562&quot;,&quot;title&quot;:&quot;&quot;,&quot;orientation&quot;:&quot;1&quot;}\" data-image-title=\"wosp_1\" data-image-description=\"\" data-medium-file=\"https:\/\/polskipatchwork.pl\/wp-content\/uploads\/2025\/01\/wosp_1-249x300.jpg\" data-large-file=\"https:\/\/polskipatchwork.pl\/wp-content\/uploads\/2025\/01\/wosp_1.jpg\" loading=\"lazy\" class=\"alignnone size-medium wp-image-7028\" src=\"http:\/\/polskipatchwork.pl\/wp-content\/uploads\/2025\/01\/wosp_1-249x300.jpg\" alt=\"\" width=\"249\" height=\"300\" srcset=\"https:\/\/polskipatchwork.pl\/wp-content\/uploads\/2025\/01\/wosp_1-249x300.jpg 249w, https:\/\/polskipatchwork.pl\/wp-content\/uploads\/2025\/01\/wosp_1.jpg 750w\" sizes=\"(max-width: 249px) 100vw, 249px\" \/>\u00a0\u00a0\u00a0\u00a0\u00a0\u00a0\u00a0\u00a0\u00a0\u00a0 <img data-attachment-id=\"7030\" data-permalink=\"https:\/\/polskipatchwork.pl\/index.php\/2025\/01\/19\/zapraszamy-na-licytacje-narzuty-patchworkowej-dla-wosp\/wosp_3\/\" data-orig-file=\"https:\/\/polskipatchwork.pl\/wp-content\/uploads\/2025\/01\/wosp_3.jpg\" data-orig-size=\"750,1000\" data-comments-opened=\"0\" data-image-meta=\"{&quot;aperture&quot;:&quot;1.5&quot;,&quot;credit&quot;:&quot;&quot;,&quot;camera&quot;:&quot;iPhone 13 Pro&quot;,&quot;caption&quot;:&quot;&quot;,&quot;created_timestamp&quot;:&quot;1736018731&quot;,&quot;copyright&quot;:&quot;&quot;,&quot;focal_length&quot;:&quot;5.7&quot;,&quot;iso&quot;:&quot;125&quot;,&quot;shutter_speed&quot;:&quot;0.01&quot;,&quot;title&quot;:&quot;&quot;,&quot;orientation&quot;:&quot;1&quot;}\" data-image-title=\"wosp_3\" data-image-description=\"\" data-medium-file=\"https:\/\/polskipatchwork.pl\/wp-content\/uploads\/2025\/01\/wosp_3-225x300.jpg\" data-large-file=\"https:\/\/polskipatchwork.pl\/wp-content\/uploads\/2025\/01\/wosp_3.jpg\" loading=\"lazy\" class=\"alignnone size-medium wp-image-7030\" src=\"http:\/\/polskipatchwork.pl\/wp-content\/uploads\/2025\/01\/wosp_3-225x300.jpg\" alt=\"\" width=\"225\" height=\"300\" srcset=\"https:\/\/polskipatchwork.pl\/wp-content\/uploads\/2025\/01\/wosp_3-225x300.jpg 225w, https:\/\/polskipatchwork.pl\/wp-content\/uploads\/2025\/01\/wosp_3.jpg 750w\" sizes=\"(max-width: 225px) 100vw, 225px\" \/> \u00a0 \u00a0 \u00a0 \u00a0 \u00a0 <img data-attachment-id=\"7029\" data-permalink=\"https:\/\/polskipatchwork.pl\/index.php\/2025\/01\/19\/zapraszamy-na-licytacje-narzuty-patchworkowej-dla-wosp\/wosp_2\/\" data-orig-file=\"https:\/\/polskipatchwork.pl\/wp-content\/uploads\/2025\/01\/wosp_2.jpg\" data-orig-size=\"750,1000\" data-comments-opened=\"0\" data-image-meta=\"{&quot;aperture&quot;:&quot;1.5&quot;,&quot;credit&quot;:&quot;&quot;,&quot;camera&quot;:&quot;iPhone 13 Pro&quot;,&quot;caption&quot;:&quot;&quot;,&quot;created_timestamp&quot;:&quot;1736018749&quot;,&quot;copyright&quot;:&quot;&quot;,&quot;focal_length&quot;:&quot;5.7&quot;,&quot;iso&quot;:&quot;64&quot;,&quot;shutter_speed&quot;:&quot;0.02&quot;,&quot;title&quot;:&quot;&quot;,&quot;orientation&quot;:&quot;1&quot;}\" data-image-title=\"wosp_2\" data-image-description=\"\" data-medium-file=\"https:\/\/polskipatchwork.pl\/wp-content\/uploads\/2025\/01\/wosp_2-225x300.jpg\" data-large-file=\"https:\/\/polskipatchwork.pl\/wp-content\/uploads\/2025\/01\/wosp_2.jpg\" loading=\"lazy\" class=\"alignnone size-medium wp-image-7029\" src=\"http:\/\/polskipatchwork.pl\/wp-content\/uploads\/2025\/01\/wosp_2-225x300.jpg\" alt=\"\" width=\"225\" height=\"300\" srcset=\"https:\/\/polskipatchwork.pl\/wp-content\/uploads\/2025\/01\/wosp_2-225x300.jpg 225w, https:\/\/polskipatchwork.pl\/wp-content\/uploads\/2025\/01\/wosp_2.jpg 750w\" sizes=\"(max-width: 225px) 100vw, 225px\" \/><\/p>\n<p>(Autorki zdj\u0119\u0107: Sylwia Ignatowska, Anna Twardowska)<\/p>\n","protected":false},"excerpt":{"rendered":"<p>Od wielu lat Stowarzyszenie Polskiego Patchworku wystawia narzuty na licytacj\u0119 dla WO\u015aP . Narzuta zosta\u0142a uszyta z bawe\u0142nianych tkanin patchworkowych, a pomi\u0119dzy patchworkowym wierzchem i jednolitym spodem znajduje si\u0119 bawe\u0142niane wype\u0142nienie. Tegoroczna narzuta jest&#46;&#46;&#46;<\/p>\n","protected":false},"author":14,"featured_media":7029,"comment_status":"closed","ping_status":"open","sticky":false,"template":"","format":"standard","meta":{"_monsterinsights_skip_tracking":false,"_monsterinsights_sitenote_active":false,"_monsterinsights_sitenote_note":"","_monsterinsights_sitenote_category":0,"spay_email":"","jetpack_publicize_message":"","jetpack_is_tweetstorm":false},"categories":[1,75,76,85],"tags":[],"jetpack_featured_media_url":"https:\/\/polskipatchwork.pl\/wp-content\/uploads\/2025\/01\/wosp_2.jpg","jetpack_publicize_connections":[],"jetpack-related-posts":[{"id":6221,"url":"https:\/\/polskipatchwork.pl\/index.php\/2022\/10\/14\/wosp-2023\/","url_meta":{"origin":7026,"position":0},"title":"WO\u015aP 2023","date":"14 pa\u017adziernika 2022","format":false,"excerpt":"Kolejny rok z rz\u0119du nasze Stowarzyszenie do\u0142\u0105cza patchworkowo do styczniowego\u00a0Fina\u0142u Wielkiej Orkiestry \u015awi\u0105tecznej Pomocy. W\u0142a\u015bnie trwa pierwszy etap naszych przygotowa\u0144: szycie niebieskiej narzuty. Oznacza to, \u017ce swoje bloki szyj\u0105 Cz\u0142onkinie, Cz\u0142onkowie SPP i dobre dusze chcace wesprze\u0107 akcj\u0119, a nast\u0119pnie przesy\u0142aj\u0105 je do os\u00f3b zszywaj\u0105cych bloki w top. Potem narzuta\u2026","rel":"","context":"In &quot;Aktualno\u015bci&quot;","img":{"alt_text":"","src":"https:\/\/i2.wp.com\/polskipatchwork.pl\/wp-content\/uploads\/2022\/10\/311103579_599290575274414_5160015561689239146_n.png?resize=350%2C200&ssl=1","width":350,"height":200},"classes":[]},{"id":6719,"url":"https:\/\/polskipatchwork.pl\/index.php\/2024\/01\/25\/zapraszamy-do-udzialu-w-aukcji-na-rzecz-wosp\/","url_meta":{"origin":7026,"position":1},"title":"Zapraszamy do udzia\u0142u w aukcji na rzecz WO\u015aP","date":"25 stycznia 2024","format":false,"excerpt":"Stowarzyszenie Polskiego Patchworku zaprasza do licytacji niezwyk\u0142ej i jedynej w swoim rodzaju narzuty patchworkowej. https:\/\/allegro.pl\/oferta\/narzuta-patchworkowa-205-cm-x-230-cm-14997700484 Jak co roku, polskie Quilterki wspieraj\u0105 Wielk\u0105 Orkiestr\u0119 \u015awi\u0105tecznej Pomocy. Tym razem uszy\u0142y dwustronn\u0105 narzut\u0119 inspirowan\u0105 postaci\u0105... lalki Barbie. Praca sk\u0142ada si\u0119 ze 187 blok\u00f3w w kolorystyce czarno \u2013 r\u00f3\u017cowo - fioletowej o wymiarach 205\u2026","rel":"","context":"In &quot;Aktualno\u015bci&quot;","img":{"alt_text":"","src":"https:\/\/i1.wp.com\/polskipatchwork.pl\/wp-content\/uploads\/2024\/01\/Screenshot-2024-01-25-at-22-40-45-Narzuta-patchworkowa-205-cm-x-230-cm-241x300.png?resize=350%2C200","width":350,"height":200},"classes":[]},{"id":6285,"url":"https:\/\/polskipatchwork.pl\/index.php\/2023\/01\/05\/glebia-oceanu-na-wosp-2023\/","url_meta":{"origin":7026,"position":2},"title":"\"G\u0142\u0119bia oceanu\" na WO\u015aP 2023","date":"5 stycznia 2023","format":false,"excerpt":"Siema! Jak co roku nasze Stowarzyszenie przy\u0142\u0105cza si\u0119 do grania z Wielk\u0105 Orkiestr\u0105 \u015awi\u0105tecznej Pomocy. Na tegoroczny fina\u0142 przygotowa\u0142y\u015bmy narzut\u0119: \"G\u0142\u0119bia oceanu\". Poni\u017cej opiszemy Wam histori\u0119 jej powstania. Od wrze\u015bnia\u00a050 Quilterek\u00a0z Polski i zagranicy szy\u0142o bloczki patchworkowe o nazwie\u00a0znikaj\u0105ca cztero\u0142atka\u00a0we wszystkich mo\u017cliwych odcieniach niebieskiego. Nast\u0119pnie uszyte\u00a0189 blok\u00f3w pow\u0119drowa\u0142o do Wielkopolski,\u2026","rel":"","context":"In &quot;Aktualno\u015bci&quot;","img":{"alt_text":"","src":"https:\/\/i1.wp.com\/polskipatchwork.pl\/wp-content\/uploads\/2023\/01\/Narzuta-WOSP-1-2023.jpg?resize=350%2C200&ssl=1","width":350,"height":200},"classes":[]},{"id":5146,"url":"https:\/\/polskipatchwork.pl\/index.php\/2021\/01\/23\/gramy-w-29-finale-wielkiej-orkiestry-swiatecznej-pomocy\/","url_meta":{"origin":7026,"position":3},"title":"Gramy w 29. Finale Wielkiej Orkiestry \u015awi\u0105tecznej Pomocy!","date":"23 stycznia 2021","format":false,"excerpt":"Tradycj\u0105 ju\u017c sta\u0142o si\u0119, \u017ce stycze\u0144 to czas, kiedy gramy z Orkiestr\u0105 Jurka Owsiaka. Na 29 Finale WO\u015aP te\u017c nie mog\u0142o nas zabrakn\u0105\u0107. Tym razem na licytacj\u0119 trafi\u0142a narzuta, pod jak\u017ce wymownym w trudnym czasie pandemii tytu\u0142em - Nadzieja. 66 quilterek z Polski, W\u0142och, Kanady, Irlandii, Niemiec i W\u0119gier nale\u017c\u0105cych\u2026","rel":"","context":"In &quot;Aktualno\u015bci&quot;","img":{"alt_text":"","src":"https:\/\/i1.wp.com\/polskipatchwork.pl\/wp-content\/uploads\/2021\/01\/Narzuta-patchworkowa-Nadzieja5.jpg?resize=350%2C200&ssl=1","width":350,"height":200},"classes":[]},{"id":2485,"url":"https:\/\/polskipatchwork.pl\/index.php\/2018\/01\/11\/gramy-w-26-finale-wosp-kolejne-aukcje\/","url_meta":{"origin":7026,"position":4},"title":"Gramy w 26. Finale WO\u015aP - kolejne aukcje","date":"11 stycznia 2018","format":false,"excerpt":"Zach\u0119camy Was do udzia\u0142u w naszych charytatywnych aukcjach, z kt\u00f3rych doch\u00f3d przeznaczy\u0142y\u015bmy na Wielk\u0105 Orkiestr\u0119 \u015awi\u0105tecznej Pomocy. O narzucie \"Niesforne serce\" ju\u017c wiecie. Licytacja trwa w najlepsze!\u00a0 Mamy dla Was niespodziank\u0119 w postaci trzech serduszkowych poduszek. Poduszki powsta\u0142y razem z narzut\u0105. S\u0105 uszyte przez cz\u0142onkinie Stowarzyszenia Polskiego Patchworku. Masz ochot\u0119\u2026","rel":"","context":"In &quot;Aktualno\u015bci&quot;","img":{"alt_text":"","src":"https:\/\/i1.wp.com\/polskipatchwork.pl\/wp-content\/uploads\/2018\/01\/poducha.jpg?resize=350%2C200&ssl=1","width":350,"height":200},"classes":[]},{"id":2459,"url":"https:\/\/polskipatchwork.pl\/index.php\/2018\/01\/09\/gramy-w-26-finale-wielkiej-orkiestry-swiatecznej-pomocy\/","url_meta":{"origin":7026,"position":5},"title":"Gramy w 26. Finale Wielkiej Orkiestry \u015awi\u0105tecznej Pomocy!","date":"9 stycznia 2018","format":false,"excerpt":"Gracie z nami? Ju\u017c dzisiaj startuje nasza aukcja charytatywna. Doch\u00f3d z aukcji przeznaczamy w ca\u0142o\u015bci na Wielk\u0105 Orkiestr\u0119 \u015awi\u0105tecznej Pomocy. http:\/\/aukcje.wosp.org.pl\/narzuta-niesforne-serce-i5900479 Do licytacji przeznaczyli\u015bmy narzut\u0119 \"Niesforne serce\"\u00a0 uszyt\u0105 i wypikowan\u0105 przez\u00a0przez cz\u0142onkinie Stowarzyszenia Polskiego Patchworku.\u00a0Jedno z serc zosta\u0142o obr\u00f3cone i ma to znaczenie symboliczne - nic nie jest w \u017cyciu\u2026","rel":"","context":"In &quot;Aktualno\u015bci&quot;","img":{"alt_text":"","src":"https:\/\/i0.wp.com\/polskipatchwork.pl\/wp-content\/uploads\/2018\/01\/1363660_4c2eee2_1024x768..jpg?resize=350%2C200&ssl=1","width":350,"height":200},"classes":[]}],"jetpack_sharing_enabled":true,"jetpack_shortlink":"https:\/\/wp.me\/p7yhvX-1Pk","_links":{"self":[{"href":"https:\/\/polskipatchwork.pl\/index.php\/wp-json\/wp\/v2\/posts\/7026"}],"collection":[{"href":"https:\/\/polskipatchwork.pl\/index.php\/wp-json\/wp\/v2\/posts"}],"about":[{"href":"https:\/\/polskipatchwork.pl\/index.php\/wp-json\/wp\/v2\/types\/post"}],"author":[{"embeddable":true,"href":"https:\/\/polskipatchwork.pl\/index.php\/wp-json\/wp\/v2\/users\/14"}],"replies":[{"embeddable":true,"href":"https:\/\/polskipatchwork.pl\/index.php\/wp-json\/wp\/v2\/comments?post=7026"}],"version-history":[{"count":5,"href":"https:\/\/polskipatchwork.pl\/index.php\/wp-json\/wp\/v2\/posts\/7026\/revisions"}],"predecessor-version":[{"id":7038,"href":"https:\/\/polskipatchwork.pl\/index.php\/wp-json\/wp\/v2\/posts\/7026\/revisions\/7038"}],"wp:featuredmedia":[{"embeddable":true,"href":"https:\/\/polskipatchwork.pl\/index.php\/wp-json\/wp\/v2\/media\/7029"}],"wp:attachment":[{"href":"https:\/\/polskipatchwork.pl\/index.php\/wp-json\/wp\/v2\/media?parent=7026"}],"wp:term":[{"taxonomy":"category","embeddable":true,"href":"https:\/\/polskipatchwork.pl\/index.php\/wp-json\/wp\/v2\/categories?post=7026"},{"taxonomy":"post_tag","embeddable":true,"href":"https:\/\/polskipatchwork.pl\/index.php\/wp-json\/wp\/v2\/tags?post=7026"}],"curies":[{"name":"wp","href":"https:\/\/api.w.org\/{rel}","templated":true}]}}