{"id":7145,"date":"2025-05-13T22:15:07","date_gmt":"2025-05-13T20:15:07","guid":{"rendered":"https:\/\/polskipatchwork.pl\/?p=7145"},"modified":"2025-05-14T13:21:13","modified_gmt":"2025-05-14T11:21:13","slug":"zapraszamy-na-wystawe-swiat-owadow","status":"publish","type":"post","link":"https:\/\/polskipatchwork.pl\/index.php\/2025\/05\/13\/zapraszamy-na-wystawe-swiat-owadow\/","title":{"rendered":"Zapraszamy na wystaw\u0119 &#8220;\u015awiat owad\u00f3w&#8221;"},"content":{"rendered":"<p><img data-attachment-id=\"7149\" data-permalink=\"https:\/\/polskipatchwork.pl\/index.php\/2025\/05\/13\/zapraszamy-na-wystawe-swiat-owadow\/wystawa-patchworkow_plakat-owady\/\" data-orig-file=\"https:\/\/polskipatchwork.pl\/wp-content\/uploads\/2025\/05\/wystawa-patchworkow_plakat-owady.png\" data-orig-size=\"1920,1080\" data-comments-opened=\"0\" data-image-meta=\"{&quot;aperture&quot;:&quot;0&quot;,&quot;credit&quot;:&quot;&quot;,&quot;camera&quot;:&quot;&quot;,&quot;caption&quot;:&quot;&quot;,&quot;created_timestamp&quot;:&quot;0&quot;,&quot;copyright&quot;:&quot;&quot;,&quot;focal_length&quot;:&quot;0&quot;,&quot;iso&quot;:&quot;0&quot;,&quot;shutter_speed&quot;:&quot;0&quot;,&quot;title&quot;:&quot;&quot;,&quot;orientation&quot;:&quot;0&quot;}\" data-image-title=\"wystawa patchwork\u00f3w_plakat owady\" data-image-description=\"\" data-medium-file=\"https:\/\/polskipatchwork.pl\/wp-content\/uploads\/2025\/05\/wystawa-patchworkow_plakat-owady-300x169.png\" data-large-file=\"https:\/\/polskipatchwork.pl\/wp-content\/uploads\/2025\/05\/wystawa-patchworkow_plakat-owady-1024x576.png\" loading=\"lazy\" src=\"http:\/\/polskipatchwork.pl\/wp-content\/uploads\/2025\/05\/wystawa-patchworkow_plakat-owady-1024x576.png\" alt=\"\" width=\"1024\" height=\"576\" class=\"aligncenter size-large wp-image-7149\" srcset=\"https:\/\/polskipatchwork.pl\/wp-content\/uploads\/2025\/05\/wystawa-patchworkow_plakat-owady-1024x576.png 1024w, https:\/\/polskipatchwork.pl\/wp-content\/uploads\/2025\/05\/wystawa-patchworkow_plakat-owady-300x169.png 300w, https:\/\/polskipatchwork.pl\/wp-content\/uploads\/2025\/05\/wystawa-patchworkow_plakat-owady-768x432.png 768w, https:\/\/polskipatchwork.pl\/wp-content\/uploads\/2025\/05\/wystawa-patchworkow_plakat-owady-1536x864.png 1536w, https:\/\/polskipatchwork.pl\/wp-content\/uploads\/2025\/05\/wystawa-patchworkow_plakat-owady.png 1920w\" sizes=\"(max-width: 1024px) 100vw, 1024px\" \/><strong>Stowarzyszenie Polskiego Patchworku<\/strong> oraz <strong>miasto \u017byrard\u00f3w<\/strong> zapraszaj\u0105 na wystaw\u0119 patchwork\u00f3w pt. \u00a0\u201e<strong>\u015awiat Owad\u00f3w<\/strong>\u201d. Jest to czwarta ods\u0142ona tzw. \u201ewystawy walizkowej\u201d,<\/p>\n<p>Tegoroczna edycja to wyj\u0105tkowo barwna ekspozycja patchworkowych prac, stworzonych przez cz\u0142onkinie Stowarzyszenia Polskiego Patchworku. R\u00f3\u017cnorodno\u015b\u0107 zastosowanych technik, zestawienie pozornie niezestawialnych tkanin \u00a0sprawia, \u017ce na pierwszy rzut oka\u00a0 trudno jednoznacznie rozr\u00f3\u017cni\u0107,\u00a0 czy mamy do czynienia z namalowanym obrazem, czy z tekstyln\u0105 kompozycj\u0105. Ka\u017cda praca odzwierciedla indywidualne spojrzenie autora na temat i przez to\u00a0 jest niepowtarzalna.<\/p>\n<p><strong>Prezentowane prace mo\u017cna podziwia\u0107 w siedzibie Urz\u0119du Miasta \u017byrard\u00f3w (Kantor) ul. B. Limanowskiego 44, w godzinach pracy urz\u0119du<\/strong>.<\/p>\n<p><strong>Otwarcie wystawy nast\u0105pi 16 maja 2025 r., godz. 12.00-12.30<\/strong>. B\u0119dzie mo\u017cna j\u0105 ogl\u0105da\u0107 <strong>do ko\u0144ca maja 2025 r.,<\/strong> a p\u00f3\u017aniej wyruszy w podr\u00f3\u017c po miastach i miasteczkach, \u00a0jak to by\u0142o w przypadku innych wystaw \u201ewalizkowych\u201d. To, mi\u0119dzy innymi, dzi\u0119ki takim wystawom sztuka patchworku w Polsce dynamicznie si\u0119 rozwija i zyskuje coraz wi\u0119ksze uznanie. Stowarzyszenie Polskiego Patchworku, do kt\u00f3rego nale\u017c\u0105 autorki prac, zrzesza pasjonat\u00f3w tej techniki promuj\u0105c j\u0105 na terenie kraju, a prace tw\u00f3rczy\u0144 i tw\u00f3rc\u00f3w Stowarzyszenia zdobywaj\u0105 \u00a0liczne nagrody na wystawach w Polsce i za granic\u0105.<\/p>\n<p>Wystawa walizkowa to mobilna ekspozycja, kt\u00f3r\u0105 mo\u017cna zamkn\u0105\u0107 w umownej walizce i \u0142atwo przenosi\u0107 z miejsca na miejsce. S\u0105 to prace niewielkich rozmiar\u00f3w, co u\u0142atwia ich transport i monta\u017c, \u00a0w jednolitym formacie, zgodnie z ustalonym tematem. Wystawy walizkowe patchwork\u00f3w to doskona\u0142a forma promocji i prezentacji tej fascynuj\u0105cej techniki szycia, kt\u00f3ra \u0142\u0105czy tradycj\u0119 z nowoczesno\u015bci\u0105 i pozwala na wyra\u017cenie kreatywno\u015bci poprzez tkaniny.<\/p>\n<p><img data-attachment-id=\"7140\" data-permalink=\"https:\/\/polskipatchwork.pl\/index.php\/2025\/05\/13\/zapraszamy-na-wystawe-swiat-owadow\/szalpuk_joanna_najezowkach\/\" data-orig-file=\"https:\/\/polskipatchwork.pl\/wp-content\/uploads\/2025\/05\/Szalpuk_joanna_najezowkach.jpg\" data-orig-size=\"1651,1629\" data-comments-opened=\"0\" data-image-meta=\"{&quot;aperture&quot;:&quot;0&quot;,&quot;credit&quot;:&quot;&quot;,&quot;camera&quot;:&quot;&quot;,&quot;caption&quot;:&quot;&quot;,&quot;created_timestamp&quot;:&quot;0&quot;,&quot;copyright&quot;:&quot;&quot;,&quot;focal_length&quot;:&quot;0&quot;,&quot;iso&quot;:&quot;0&quot;,&quot;shutter_speed&quot;:&quot;0&quot;,&quot;title&quot;:&quot;&quot;,&quot;orientation&quot;:&quot;0&quot;}\" data-image-title=\"Szalpuk_joanna_najezowkach\" data-image-description=\"\" data-medium-file=\"https:\/\/polskipatchwork.pl\/wp-content\/uploads\/2025\/05\/Szalpuk_joanna_najezowkach-300x296.jpg\" data-large-file=\"https:\/\/polskipatchwork.pl\/wp-content\/uploads\/2025\/05\/Szalpuk_joanna_najezowkach-1024x1010.jpg\" loading=\"lazy\" class=\"alignnone size-medium wp-image-7140\" src=\"http:\/\/polskipatchwork.pl\/wp-content\/uploads\/2025\/05\/Szalpuk_joanna_najezowkach-300x296.jpg\" alt=\"\" width=\"300\" height=\"296\" srcset=\"https:\/\/polskipatchwork.pl\/wp-content\/uploads\/2025\/05\/Szalpuk_joanna_najezowkach-300x296.jpg 300w, https:\/\/polskipatchwork.pl\/wp-content\/uploads\/2025\/05\/Szalpuk_joanna_najezowkach-1024x1010.jpg 1024w, https:\/\/polskipatchwork.pl\/wp-content\/uploads\/2025\/05\/Szalpuk_joanna_najezowkach-768x758.jpg 768w, https:\/\/polskipatchwork.pl\/wp-content\/uploads\/2025\/05\/Szalpuk_joanna_najezowkach-1536x1516.jpg 1536w, https:\/\/polskipatchwork.pl\/wp-content\/uploads\/2025\/05\/Szalpuk_joanna_najezowkach.jpg 1651w\" sizes=\"(max-width: 300px) 100vw, 300px\" \/> \u00a0\u00a0 <img data-attachment-id=\"7141\" data-permalink=\"https:\/\/polskipatchwork.pl\/index.php\/2025\/05\/13\/zapraszamy-na-wystawe-swiat-owadow\/pieczynska_barbara_pan-robak\/\" data-orig-file=\"https:\/\/polskipatchwork.pl\/wp-content\/uploads\/2025\/05\/Pieczynska_Barbara_Pan-Robak.png\" data-orig-size=\"968,1080\" data-comments-opened=\"0\" data-image-meta=\"{&quot;aperture&quot;:&quot;0&quot;,&quot;credit&quot;:&quot;&quot;,&quot;camera&quot;:&quot;&quot;,&quot;caption&quot;:&quot;&quot;,&quot;created_timestamp&quot;:&quot;0&quot;,&quot;copyright&quot;:&quot;&quot;,&quot;focal_length&quot;:&quot;0&quot;,&quot;iso&quot;:&quot;0&quot;,&quot;shutter_speed&quot;:&quot;0&quot;,&quot;title&quot;:&quot;&quot;,&quot;orientation&quot;:&quot;0&quot;}\" data-image-title=\"Pieczy\u0144ska_Barbara_Pan Robak\" data-image-description=\"\" data-medium-file=\"https:\/\/polskipatchwork.pl\/wp-content\/uploads\/2025\/05\/Pieczynska_Barbara_Pan-Robak-269x300.png\" data-large-file=\"https:\/\/polskipatchwork.pl\/wp-content\/uploads\/2025\/05\/Pieczynska_Barbara_Pan-Robak-918x1024.png\" loading=\"lazy\" class=\"alignnone size-medium wp-image-7141\" src=\"http:\/\/polskipatchwork.pl\/wp-content\/uploads\/2025\/05\/Pieczynska_Barbara_Pan-Robak-269x300.png\" alt=\"\" width=\"269\" height=\"300\" srcset=\"https:\/\/polskipatchwork.pl\/wp-content\/uploads\/2025\/05\/Pieczynska_Barbara_Pan-Robak-269x300.png 269w, https:\/\/polskipatchwork.pl\/wp-content\/uploads\/2025\/05\/Pieczynska_Barbara_Pan-Robak-918x1024.png 918w, https:\/\/polskipatchwork.pl\/wp-content\/uploads\/2025\/05\/Pieczynska_Barbara_Pan-Robak-768x857.png 768w, https:\/\/polskipatchwork.pl\/wp-content\/uploads\/2025\/05\/Pieczynska_Barbara_Pan-Robak.png 968w\" sizes=\"(max-width: 269px) 100vw, 269px\" \/> \u00a0\u00a0 <img data-attachment-id=\"7142\" data-permalink=\"https:\/\/polskipatchwork.pl\/index.php\/2025\/05\/13\/zapraszamy-na-wystawe-swiat-owadow\/monarcha11\/\" data-orig-file=\"https:\/\/polskipatchwork.pl\/wp-content\/uploads\/2025\/05\/Monarcha11-scaled.jpg\" data-orig-size=\"2560,2560\" data-comments-opened=\"0\" data-image-meta=\"{&quot;aperture&quot;:&quot;1.8&quot;,&quot;credit&quot;:&quot;&quot;,&quot;camera&quot;:&quot;SM-A528B&quot;,&quot;caption&quot;:&quot;&quot;,&quot;created_timestamp&quot;:&quot;1746102022&quot;,&quot;copyright&quot;:&quot;&quot;,&quot;focal_length&quot;:&quot;5.23&quot;,&quot;iso&quot;:&quot;160&quot;,&quot;shutter_speed&quot;:&quot;0.01&quot;,&quot;title&quot;:&quot;&quot;,&quot;orientation&quot;:&quot;0&quot;}\" data-image-title=\"Monarcha11\" data-image-description=\"\" data-medium-file=\"https:\/\/polskipatchwork.pl\/wp-content\/uploads\/2025\/05\/Monarcha11-300x300.jpg\" data-large-file=\"https:\/\/polskipatchwork.pl\/wp-content\/uploads\/2025\/05\/Monarcha11-1024x1024.jpg\" loading=\"lazy\" class=\"alignnone size-medium wp-image-7142\" src=\"http:\/\/polskipatchwork.pl\/wp-content\/uploads\/2025\/05\/Monarcha11-300x300.jpg\" alt=\"\" width=\"300\" height=\"300\" srcset=\"https:\/\/polskipatchwork.pl\/wp-content\/uploads\/2025\/05\/Monarcha11-300x300.jpg 300w, https:\/\/polskipatchwork.pl\/wp-content\/uploads\/2025\/05\/Monarcha11-1024x1024.jpg 1024w, https:\/\/polskipatchwork.pl\/wp-content\/uploads\/2025\/05\/Monarcha11-150x150.jpg 150w, https:\/\/polskipatchwork.pl\/wp-content\/uploads\/2025\/05\/Monarcha11-768x768.jpg 768w, https:\/\/polskipatchwork.pl\/wp-content\/uploads\/2025\/05\/Monarcha11-1536x1536.jpg 1536w, https:\/\/polskipatchwork.pl\/wp-content\/uploads\/2025\/05\/Monarcha11-2048x2048.jpg 2048w, https:\/\/polskipatchwork.pl\/wp-content\/uploads\/2025\/05\/Monarcha11-160x160.jpg 160w, https:\/\/polskipatchwork.pl\/wp-content\/uploads\/2025\/05\/Monarcha11-320x320.jpg 320w\" sizes=\"(max-width: 300px) 100vw, 300px\" \/><\/p>\n<p>&nbsp;<\/p>\n<p><img data-attachment-id=\"7144\" data-permalink=\"https:\/\/polskipatchwork.pl\/index.php\/2025\/05\/13\/zapraszamy-na-wystawe-swiat-owadow\/anna-karcz_owady_zdjecien\/\" data-orig-file=\"https:\/\/polskipatchwork.pl\/wp-content\/uploads\/2025\/05\/Anna-Karcz_owady_zdjecien.jpg\" data-orig-size=\"1500,1537\" data-comments-opened=\"0\" data-image-meta=\"{&quot;aperture&quot;:&quot;0&quot;,&quot;credit&quot;:&quot;&quot;,&quot;camera&quot;:&quot;&quot;,&quot;caption&quot;:&quot;&quot;,&quot;created_timestamp&quot;:&quot;0&quot;,&quot;copyright&quot;:&quot;&quot;,&quot;focal_length&quot;:&quot;0&quot;,&quot;iso&quot;:&quot;0&quot;,&quot;shutter_speed&quot;:&quot;0&quot;,&quot;title&quot;:&quot;&quot;,&quot;orientation&quot;:&quot;0&quot;}\" data-image-title=\"Anna Karcz_owady_zdj\u0119cien\" data-image-description=\"\" data-medium-file=\"https:\/\/polskipatchwork.pl\/wp-content\/uploads\/2025\/05\/Anna-Karcz_owady_zdjecien-293x300.jpg\" data-large-file=\"https:\/\/polskipatchwork.pl\/wp-content\/uploads\/2025\/05\/Anna-Karcz_owady_zdjecien-999x1024.jpg\" loading=\"lazy\" class=\"alignnone size-medium wp-image-7144\" src=\"http:\/\/polskipatchwork.pl\/wp-content\/uploads\/2025\/05\/Anna-Karcz_owady_zdjecien-293x300.jpg\" alt=\"\" width=\"293\" height=\"300\" srcset=\"https:\/\/polskipatchwork.pl\/wp-content\/uploads\/2025\/05\/Anna-Karcz_owady_zdjecien-293x300.jpg 293w, https:\/\/polskipatchwork.pl\/wp-content\/uploads\/2025\/05\/Anna-Karcz_owady_zdjecien-999x1024.jpg 999w, https:\/\/polskipatchwork.pl\/wp-content\/uploads\/2025\/05\/Anna-Karcz_owady_zdjecien-768x787.jpg 768w, https:\/\/polskipatchwork.pl\/wp-content\/uploads\/2025\/05\/Anna-Karcz_owady_zdjecien.jpg 1500w\" sizes=\"(max-width: 293px) 100vw, 293px\" \/> \u00a0 <img data-attachment-id=\"7143\" data-permalink=\"https:\/\/polskipatchwork.pl\/index.php\/2025\/05\/13\/zapraszamy-na-wystawe-swiat-owadow\/img_0839\/\" data-orig-file=\"https:\/\/polskipatchwork.pl\/wp-content\/uploads\/2025\/05\/IMG_0839-scaled.jpg\" data-orig-size=\"2560,2560\" data-comments-opened=\"0\" data-image-meta=\"{&quot;aperture&quot;:&quot;1.5&quot;,&quot;credit&quot;:&quot;&quot;,&quot;camera&quot;:&quot;iPhone 14&quot;,&quot;caption&quot;:&quot;&quot;,&quot;created_timestamp&quot;:&quot;1746137392&quot;,&quot;copyright&quot;:&quot;&quot;,&quot;focal_length&quot;:&quot;5.7&quot;,&quot;iso&quot;:&quot;320&quot;,&quot;shutter_speed&quot;:&quot;0.02&quot;,&quot;title&quot;:&quot;&quot;,&quot;orientation&quot;:&quot;1&quot;}\" data-image-title=\"IMG_0839\" data-image-description=\"\" data-medium-file=\"https:\/\/polskipatchwork.pl\/wp-content\/uploads\/2025\/05\/IMG_0839-300x300.jpg\" data-large-file=\"https:\/\/polskipatchwork.pl\/wp-content\/uploads\/2025\/05\/IMG_0839-1024x1024.jpg\" loading=\"lazy\" class=\"alignnone size-medium wp-image-7143\" src=\"http:\/\/polskipatchwork.pl\/wp-content\/uploads\/2025\/05\/IMG_0839-300x300.jpg\" alt=\"\" width=\"300\" height=\"300\" srcset=\"https:\/\/polskipatchwork.pl\/wp-content\/uploads\/2025\/05\/IMG_0839-300x300.jpg 300w, https:\/\/polskipatchwork.pl\/wp-content\/uploads\/2025\/05\/IMG_0839-1024x1024.jpg 1024w, https:\/\/polskipatchwork.pl\/wp-content\/uploads\/2025\/05\/IMG_0839-150x150.jpg 150w, https:\/\/polskipatchwork.pl\/wp-content\/uploads\/2025\/05\/IMG_0839-768x768.jpg 768w, https:\/\/polskipatchwork.pl\/wp-content\/uploads\/2025\/05\/IMG_0839-1536x1536.jpg 1536w, https:\/\/polskipatchwork.pl\/wp-content\/uploads\/2025\/05\/IMG_0839-2048x2048.jpg 2048w, https:\/\/polskipatchwork.pl\/wp-content\/uploads\/2025\/05\/IMG_0839-160x160.jpg 160w, https:\/\/polskipatchwork.pl\/wp-content\/uploads\/2025\/05\/IMG_0839-320x320.jpg 320w\" sizes=\"(max-width: 300px) 100vw, 300px\" \/><\/p>\n","protected":false},"excerpt":{"rendered":"<p>Stowarzyszenie Polskiego Patchworku oraz miasto \u017byrard\u00f3w zapraszaj\u0105 na wystaw\u0119 patchwork\u00f3w pt. \u00a0\u201e\u015awiat Owad\u00f3w\u201d. Jest to czwarta ods\u0142ona tzw. \u201ewystawy walizkowej\u201d, Tegoroczna edycja to wyj\u0105tkowo barwna ekspozycja patchworkowych prac, stworzonych przez cz\u0142onkinie Stowarzyszenia Polskiego Patchworku.&#46;&#46;&#46;<\/p>\n","protected":false},"author":14,"featured_media":7149,"comment_status":"closed","ping_status":"open","sticky":false,"template":"","format":"standard","meta":{"_monsterinsights_skip_tracking":false,"_monsterinsights_sitenote_active":false,"_monsterinsights_sitenote_note":"","_monsterinsights_sitenote_category":0,"spay_email":"","jetpack_publicize_message":"","jetpack_is_tweetstorm":false},"categories":[1,75,10],"tags":[],"jetpack_featured_media_url":"https:\/\/polskipatchwork.pl\/wp-content\/uploads\/2025\/05\/wystawa-patchworkow_plakat-owady.png","jetpack_publicize_connections":[],"jetpack-related-posts":[{"id":7286,"url":"https:\/\/polskipatchwork.pl\/index.php\/2025\/09\/09\/swiat-owadow-w-skierniewicach\/","url_meta":{"origin":7145,"position":0},"title":"\"\u015awiat Owad\u00f3w\" w Skierniewicach","date":"9 wrze\u015bnia 2025","format":false,"excerpt":"Stowarzyszenie Polskiego Patchworku oraz Centrum Kultury i Sztuki w Skierniewicach zapraszaj\u0105 na wystaw\u0119 patchwork\u00f3w pt.\"\u015awiat Owad\u00f3w\" Wystawa b\u0119dzie prezentowana od 12.09 - 12.10. 2025 r. podczas Skierniewickiego \u015awi\u0119ta Kwiat\u00f3w, Owoc\u00f3w i Warzyw. Jest to ju\u017c czwarta ods\u0142ona tzw. \"wystawy zamkni\u0119tej w walizce\". Edycja ta to wyj\u0105tkowo barwna ekspozycja patchworkowych prac,\u2026","rel":"","context":"In &quot;Aktualno\u015bci&quot;","img":{"alt_text":"","src":"https:\/\/i0.wp.com\/polskipatchwork.pl\/wp-content\/uploads\/2025\/09\/A4-OWADY.jpg?resize=350%2C200&ssl=1","width":350,"height":200},"classes":[]},{"id":7173,"url":"https:\/\/polskipatchwork.pl\/index.php\/2025\/06\/12\/7173\/","url_meta":{"origin":7145,"position":1},"title":"II Dni Patchworku w \u017byrardowie","date":"12 czerwca 2025","format":false,"excerpt":"W dniach 16-18 maja br odby\u0142y si\u0119 II Dni Patchworku zorganizowane przez Stowarzyszenie Polskiego Patchworku we wsp\u00f3\u0142pracy z Miastem \u017byrard\u00f3w, Muzeum Lniarstwa i Centrum Kultury w \u017byrardowie. Zwiedzaj\u0105cy Muzeum Lniarstwa oraz go\u015bcie Starego Kantoru mieli okazj\u0119 podziwia\u0107 trzy wystawy patchwork\u00f3w: mi\u0119dzynarodow\u0105 wystaw\u0119 pt. \u201eLegenda\u201d \u2013 projekt European Quilt Association, w\u2026","rel":"","context":"In &quot;Aktualno\u015bci&quot;","img":{"alt_text":"","src":"https:\/\/i2.wp.com\/polskipatchwork.pl\/wp-content\/uploads\/2025\/06\/legenda.jpg?resize=350%2C200&ssl=1","width":350,"height":200},"classes":[]},{"id":7340,"url":"https:\/\/polskipatchwork.pl\/index.php\/2025\/09\/25\/swiat-owadow-w-skierniewicach-2\/","url_meta":{"origin":7145,"position":2},"title":"\"\u015awiat Owad\u00f3w\" w Skierniewicach - relacja","date":"25 wrze\u015bnia 2025","format":false,"excerpt":"Wystawa walizkowa \"\u015awiat Owad\u00f3w\" obecnie zaw\u0119drowa\u0142a do Centrum Kultury i Sztuki w Skierniewicach i b\u0119dzie mo\u017cna j\u0105 obejrze\u0107 do 12.10.2025 r. Przepi\u0119kne 34 quilty o \"owadziej\" tematyce zosta\u0142y uszyte przez cz\u0142onkinie Stowarzyszenia Polskiego Patchworku (SPP). Ka\u017cdy z quilt\u00f3w zosta\u0142 bardzo starannie zaprojektowany i uszyty przez polsk\u0105 artystk\u0119 z wykorzystaniem r\u00f3\u017cnych\u2026","rel":"","context":"In &quot;Aktualno\u015bci&quot;","img":{"alt_text":"","src":"https:\/\/i2.wp.com\/polskipatchwork.pl\/wp-content\/uploads\/2025\/09\/70X50-plakat-owady-patchwork-12.09-12.10-scaled-1.jpg?resize=350%2C200&ssl=1","width":350,"height":200},"classes":[]},{"id":7511,"url":"https:\/\/polskipatchwork.pl\/index.php\/2026\/04\/06\/wystawa-patchworkow-ptasi-swiat\/","url_meta":{"origin":7145,"position":3},"title":"Wystawa patchwork\u00f3w \u201ePtasi \u015awiat\u201d","date":"6 kwietnia 2026","format":false,"excerpt":"Zapraszamy na niezwyk\u0142\u0105, mi\u0119dzynarodow\u0105 wystaw\u0119 patchwork\u00f3w \u201ePtasi \u015awiat\u201d, kt\u00f3ra zago\u015bci\u0142a w sali wystawowej Resursy w \u017byrardowie. To wyj\u0105tkowe wydarzenie artystyczne po\u015bwi\u0119cone pi\u0119knu i r\u00f3\u017cnorodno\u015bci ptak\u00f3w uchwyconych w tkaninie, kolorze i precyzyjnym pikowaniu. Ekspozycja prezentuje prace tw\u00f3rc\u00f3w sztuki tekstylnej, kt\u00f3rzy w swoich kompozycjach oddaj\u0105 bogactwo barw upierzenia oraz niezwyk\u0142y charakter skrzydlatych\u2026","rel":"","context":"In &quot;Aktualno\u015bci&quot;","img":{"alt_text":"","src":"https:\/\/i1.wp.com\/polskipatchwork.pl\/wp-content\/uploads\/2026\/04\/ptasi_swiat_plakat.jpg?resize=350%2C200&ssl=1","width":350,"height":200},"classes":[]},{"id":7016,"url":"https:\/\/polskipatchwork.pl\/index.php\/2024\/12\/30\/czwarta-edycja-wystawy-walizkowej-swiat-owadow\/","url_meta":{"origin":7145,"position":4},"title":"Czwarta edycja wystawy walizkowej \"\u015awiat owad\u00f3w\"","date":"30 grudnia 2024","format":false,"excerpt":"Zapraszamy do udzia\u0142u w kolejnej, czwartej ju\u017c edycji wystawy walizkowej. W tym roku kr\u00f3luj\u0105 owady! W projekcie mog\u0105 wzi\u0105\u0107 udzia\u0142 tylko cz\u0142onkowie Stowarzyszenia Polskiego Patchworku. Ka\u017cdy uczestnik mo\u017ce uszy\u0107 jedn\u0105 lub dwie prace o wymiarach 60x60cm (+\/-2cm). Najwa\u017cniejsze terminy projektu: 31 stycznia 2025 r.\u00a0 \u2013\u00a0 termin zg\u0142oszenia udzia\u0142u w projekcie,\u2026","rel":"","context":"In &quot;Aktualno\u015bci&quot;","img":{"alt_text":"","src":"https:\/\/i1.wp.com\/polskipatchwork.pl\/wp-content\/uploads\/2024\/12\/owady2_.jpg?resize=350%2C200&ssl=1","width":350,"height":200},"classes":[]},{"id":2518,"url":"https:\/\/polskipatchwork.pl\/index.php\/2018\/01\/25\/swiat-lat-i-kolorow-patchwork-w-boleslawcu\/","url_meta":{"origin":7145,"position":5},"title":"\u015awiat tkanin i kolor\u00f3w - Patchwork w Boles\u0142awcu","date":"25 stycznia 2018","format":false,"excerpt":"Nie przebrzmia\u0142y jeszcze echa wernisa\u017cu wystawy grupy Patchwork Cokolwiek Pomorski, a my mamy kolejn\u0105 niespodziank\u0119. Przedstawiamy Wam tre\u015b\u0107 og\u0142oszenia przygotowan\u0105 przez Jolant\u0119 Filipowicz. Dzi\u0119ki inicjatywie Boles\u0142awieckiego O\u015brodka Kultury \u2013 Mi\u0119dzynarodowe Centrum Ceramiki i cz\u0142onkini Stowarzyszenia Polskiego Patchworku, Jolancie Filipowicz z Boles\u0142awca, oraz wsparciu SPP mamy przyjemno\u015b\u0107 zaprosi\u0107 wszystkich do wzi\u0119cia\u2026","rel":"","context":"In &quot;Aktualno\u015bci&quot;","img":{"alt_text":"","src":"https:\/\/i0.wp.com\/polskipatchwork.pl\/wp-content\/uploads\/2018\/01\/\u015aWIAT-\u0141AT-I-KOLOR\u00d3W-\u2013-PATCHWORK-W-BOLES\u0141AWCU-3.png?resize=350%2C200&ssl=1","width":350,"height":200},"classes":[]}],"jetpack_sharing_enabled":true,"jetpack_shortlink":"https:\/\/wp.me\/p7yhvX-1Rf","_links":{"self":[{"href":"https:\/\/polskipatchwork.pl\/index.php\/wp-json\/wp\/v2\/posts\/7145"}],"collection":[{"href":"https:\/\/polskipatchwork.pl\/index.php\/wp-json\/wp\/v2\/posts"}],"about":[{"href":"https:\/\/polskipatchwork.pl\/index.php\/wp-json\/wp\/v2\/types\/post"}],"author":[{"embeddable":true,"href":"https:\/\/polskipatchwork.pl\/index.php\/wp-json\/wp\/v2\/users\/14"}],"replies":[{"embeddable":true,"href":"https:\/\/polskipatchwork.pl\/index.php\/wp-json\/wp\/v2\/comments?post=7145"}],"version-history":[{"count":5,"href":"https:\/\/polskipatchwork.pl\/index.php\/wp-json\/wp\/v2\/posts\/7145\/revisions"}],"predecessor-version":[{"id":7151,"href":"https:\/\/polskipatchwork.pl\/index.php\/wp-json\/wp\/v2\/posts\/7145\/revisions\/7151"}],"wp:featuredmedia":[{"embeddable":true,"href":"https:\/\/polskipatchwork.pl\/index.php\/wp-json\/wp\/v2\/media\/7149"}],"wp:attachment":[{"href":"https:\/\/polskipatchwork.pl\/index.php\/wp-json\/wp\/v2\/media?parent=7145"}],"wp:term":[{"taxonomy":"category","embeddable":true,"href":"https:\/\/polskipatchwork.pl\/index.php\/wp-json\/wp\/v2\/categories?post=7145"},{"taxonomy":"post_tag","embeddable":true,"href":"https:\/\/polskipatchwork.pl\/index.php\/wp-json\/wp\/v2\/tags?post=7145"}],"curies":[{"name":"wp","href":"https:\/\/api.w.org\/{rel}","templated":true}]}}