{"id":7177,"date":"2025-06-29T21:15:15","date_gmt":"2025-06-29T19:15:15","guid":{"rendered":"https:\/\/polskipatchwork.pl\/?p=7177"},"modified":"2025-07-06T10:21:54","modified_gmt":"2025-07-06T08:21:54","slug":"xx-jubileuszowa-wystawa-patchworku-fulnek-2025","status":"publish","type":"post","link":"https:\/\/polskipatchwork.pl\/index.php\/2025\/06\/29\/xx-jubileuszowa-wystawa-patchworku-fulnek-2025\/","title":{"rendered":"XX Jubileuszowa Wystawa Patchworku Fulnek 2025"},"content":{"rendered":"<div>W Fulneku, niewielkim miasteczku w Czechach w kraju morawsko-\u015bl\u0105skim, co roku w czerwcu odbywaj\u0105 si\u0119 wystawy patchworku organizowane przez Prvn\u00ed Moravsk\u00fd Patchworkow\u00fd Spolek (Pierwszy Morawski Klub Patchworkowy). Pierwsza wystawa odby\u0142a si\u0119 w 2004 roku i ta tradycja jest kontynuowana z du\u017cym rozmachem. W 2020 roku, z powodu pandemii, wystawa nie odby\u0142a si\u0119. Tegoroczna edycja wydarzenia odbywa\u0142a si\u0119 w dniach 20-22 czerwca.<\/div>\n<div><\/div>\n<div>\u015awi\u0119to patchworku w Fulneku, to nigdy nie jest jedna wystawa, a zazwyczaj trzy lub cztery, cho\u0107 pami\u0119tam lata, \u017ce by\u0142o ich jeszcze wi\u0119cej.<\/div>\n<div><\/div>\n<div>Najwi\u0119ksze patchworki prezentowane s\u0105 w Ko\u015bciele \u015bw. J\u00f3zefa. WW tym roku Stowarzyszenie Polskiego Patchworku zosta\u0142o zaproszone do do\u0142\u0105czenia do wystawy i zaprezentowanie prac z Polski. Przekazano prace zar\u00f3wno os\u00f3b nale\u017c\u0105cych do SPP, ale r\u00f3wnie\u017c niezrzeszonych. Swoje prace pokaza\u0142y Maryla Redli\u0144ska-Bernacka, Sylwia Haluch, Agata Jab\u0142o\u0144ska-Smoli\u0144ska, Magdalena Gali\u015bka, Hanna Siewbierska, Ma\u0142gorzata Mirkiewicz, Marta Pytel, Monika Chmura, Anna Karcz, Barbara Pieczy\u0144sk, Beata Budze\u0144, Vera Janina Srodka i Agnieszka Kaczmarska. W sumie pokazano 25 prac z Polski. We wcze\u015bniejszych latach mo\u017cna by\u0142o zobaczy\u0107 prace Polek, ale nigdy w takiej liczbie. S\u0105 w Polsce osoby, kt\u00f3re od lat odwiedzaj\u0105 Fulnek w czasie wystawy, r\u00f3wnie\u017c ze wzgl\u0119du na towarzysz\u0105c\u0105 wystawie sprzeda\u017c tkanin, akcesori\u00f3w patchworkowych, ale r\u00f3wnie\u017c gotowych prac.<\/div>\n<div><\/div>\n<div>W ko\u015bciele wystawiane s\u0105 r\u00f3rnie\u017c prace konkursowe. W tym roku tematem przewodnim by\u0142o serce. Je\u017celi kto\u015b jest zainteresowany udzia\u0142em w przysz\u0142orocznym konkursie, to w listopadzie mo\u017ce spodziewa\u0107 si\u0119 og\u0142oszenia tematu na konkurs w 2026 roku.<\/div>\n<div><\/div>\n<div>Tekst i zdj\u0119cia: Ma\u0142gorzata Kozio\u0142<\/div>\n<div><\/div>\n<div><\/div>\n<div><\/div>\n<div>\u00a0<img data-attachment-id=\"7193\" data-permalink=\"https:\/\/polskipatchwork.pl\/index.php\/2025\/06\/29\/xx-jubileuszowa-wystawa-patchworku-fulnek-2025\/wystawa-patchworkow-w-fulneku-2025-12\/\" data-orig-file=\"https:\/\/polskipatchwork.pl\/wp-content\/uploads\/2025\/06\/Fulnek-2025-Maryla-R-B-Hanna-S.jpg\" data-orig-size=\"1600,1066\" data-comments-opened=\"0\" data-image-meta=\"{&quot;aperture&quot;:&quot;1.8&quot;,&quot;credit&quot;:&quot;&quot;,&quot;camera&quot;:&quot;DSC-RX100M3&quot;,&quot;caption&quot;:&quot;&quot;,&quot;created_timestamp&quot;:&quot;1750510969&quot;,&quot;copyright&quot;:&quot;Ma\\u0142gorzata Kozio\\u0142&quot;,&quot;focal_length&quot;:&quot;8.8&quot;,&quot;iso&quot;:&quot;125&quot;,&quot;shutter_speed&quot;:&quot;0.033333333333333&quot;,&quot;title&quot;:&quot;Wystawa patchwork\\u00f3w w Fulneku 2025&quot;,&quot;orientation&quot;:&quot;0&quot;}\" data-image-title=\"Wystawa patchwork\u00f3w w Fulneku 2025\" data-image-description=\"\" data-medium-file=\"https:\/\/polskipatchwork.pl\/wp-content\/uploads\/2025\/06\/Fulnek-2025-Maryla-R-B-Hanna-S-300x200.jpg\" data-large-file=\"https:\/\/polskipatchwork.pl\/wp-content\/uploads\/2025\/06\/Fulnek-2025-Maryla-R-B-Hanna-S-1024x682.jpg\" loading=\"lazy\" class=\"alignnone size-medium wp-image-7193\" src=\"http:\/\/polskipatchwork.pl\/wp-content\/uploads\/2025\/06\/Fulnek-2025-Maryla-R-B-Hanna-S-300x200.jpg\" alt=\"\" width=\"300\" height=\"200\" srcset=\"https:\/\/polskipatchwork.pl\/wp-content\/uploads\/2025\/06\/Fulnek-2025-Maryla-R-B-Hanna-S-300x200.jpg 300w, https:\/\/polskipatchwork.pl\/wp-content\/uploads\/2025\/06\/Fulnek-2025-Maryla-R-B-Hanna-S-1024x682.jpg 1024w, https:\/\/polskipatchwork.pl\/wp-content\/uploads\/2025\/06\/Fulnek-2025-Maryla-R-B-Hanna-S-768x512.jpg 768w, https:\/\/polskipatchwork.pl\/wp-content\/uploads\/2025\/06\/Fulnek-2025-Maryla-R-B-Hanna-S-1536x1023.jpg 1536w, https:\/\/polskipatchwork.pl\/wp-content\/uploads\/2025\/06\/Fulnek-2025-Maryla-R-B-Hanna-S.jpg 1600w\" sizes=\"(max-width: 300px) 100vw, 300px\" \/> <img data-attachment-id=\"7192\" data-permalink=\"https:\/\/polskipatchwork.pl\/index.php\/2025\/06\/29\/xx-jubileuszowa-wystawa-patchworku-fulnek-2025\/wystawa-patchworkow-w-fulneku-2025-11\/\" data-orig-file=\"https:\/\/polskipatchwork.pl\/wp-content\/uploads\/2025\/06\/Fulnek-2025-Kosciol-sw-Jozefa.jpg\" data-orig-size=\"1600,1066\" data-comments-opened=\"0\" data-image-meta=\"{&quot;aperture&quot;:&quot;1.8&quot;,&quot;credit&quot;:&quot;&quot;,&quot;camera&quot;:&quot;DSC-RX100M3&quot;,&quot;caption&quot;:&quot;&quot;,&quot;created_timestamp&quot;:&quot;1750511357&quot;,&quot;copyright&quot;:&quot;Ma\\u0142gorzata Kozio\\u0142&quot;,&quot;focal_length&quot;:&quot;8.8&quot;,&quot;iso&quot;:&quot;250&quot;,&quot;shutter_speed&quot;:&quot;0.033333333333333&quot;,&quot;title&quot;:&quot;Wystawa patchwork\\u00f3w w Fulneku 2025&quot;,&quot;orientation&quot;:&quot;0&quot;}\" data-image-title=\"Wystawa patchwork\u00f3w w Fulneku 2025\" data-image-description=\"\" data-medium-file=\"https:\/\/polskipatchwork.pl\/wp-content\/uploads\/2025\/06\/Fulnek-2025-Kosciol-sw-Jozefa-300x200.jpg\" data-large-file=\"https:\/\/polskipatchwork.pl\/wp-content\/uploads\/2025\/06\/Fulnek-2025-Kosciol-sw-Jozefa-1024x682.jpg\" loading=\"lazy\" class=\"alignnone size-medium wp-image-7192\" src=\"http:\/\/polskipatchwork.pl\/wp-content\/uploads\/2025\/06\/Fulnek-2025-Kosciol-sw-Jozefa-300x200.jpg\" alt=\"\" width=\"300\" height=\"200\" srcset=\"https:\/\/polskipatchwork.pl\/wp-content\/uploads\/2025\/06\/Fulnek-2025-Kosciol-sw-Jozefa-300x200.jpg 300w, https:\/\/polskipatchwork.pl\/wp-content\/uploads\/2025\/06\/Fulnek-2025-Kosciol-sw-Jozefa-1024x682.jpg 1024w, https:\/\/polskipatchwork.pl\/wp-content\/uploads\/2025\/06\/Fulnek-2025-Kosciol-sw-Jozefa-768x512.jpg 768w, https:\/\/polskipatchwork.pl\/wp-content\/uploads\/2025\/06\/Fulnek-2025-Kosciol-sw-Jozefa-1536x1023.jpg 1536w, https:\/\/polskipatchwork.pl\/wp-content\/uploads\/2025\/06\/Fulnek-2025-Kosciol-sw-Jozefa.jpg 1600w\" sizes=\"(max-width: 300px) 100vw, 300px\" \/> <img data-attachment-id=\"7191\" data-permalink=\"https:\/\/polskipatchwork.pl\/index.php\/2025\/06\/29\/xx-jubileuszowa-wystawa-patchworku-fulnek-2025\/wystawa-patchworku-w-fulneku-2025\/\" data-orig-file=\"https:\/\/polskipatchwork.pl\/wp-content\/uploads\/2025\/06\/Fulnek-2025-Kaczmarska-Agnieszka.jpg\" data-orig-size=\"1600,1000\" data-comments-opened=\"0\" data-image-meta=\"{&quot;aperture&quot;:&quot;3.2&quot;,&quot;credit&quot;:&quot;&quot;,&quot;camera&quot;:&quot;DSC-RX100M3&quot;,&quot;caption&quot;:&quot;&quot;,&quot;created_timestamp&quot;:&quot;1750516244&quot;,&quot;copyright&quot;:&quot;Ma\\u0142gorzata Kozio\\u0142&quot;,&quot;focal_length&quot;:&quot;8.8&quot;,&quot;iso&quot;:&quot;125&quot;,&quot;shutter_speed&quot;:&quot;0.0125&quot;,&quot;title&quot;:&quot;Wystawa patchworku w Fulneku 2025&quot;,&quot;orientation&quot;:&quot;0&quot;}\" data-image-title=\"Wystawa patchworku w Fulneku 2025\" data-image-description=\"\" data-medium-file=\"https:\/\/polskipatchwork.pl\/wp-content\/uploads\/2025\/06\/Fulnek-2025-Kaczmarska-Agnieszka-300x188.jpg\" data-large-file=\"https:\/\/polskipatchwork.pl\/wp-content\/uploads\/2025\/06\/Fulnek-2025-Kaczmarska-Agnieszka-1024x640.jpg\" loading=\"lazy\" class=\"alignnone size-medium wp-image-7191\" src=\"http:\/\/polskipatchwork.pl\/wp-content\/uploads\/2025\/06\/Fulnek-2025-Kaczmarska-Agnieszka-300x188.jpg\" alt=\"\" width=\"300\" height=\"188\" srcset=\"https:\/\/polskipatchwork.pl\/wp-content\/uploads\/2025\/06\/Fulnek-2025-Kaczmarska-Agnieszka-300x188.jpg 300w, https:\/\/polskipatchwork.pl\/wp-content\/uploads\/2025\/06\/Fulnek-2025-Kaczmarska-Agnieszka-1024x640.jpg 1024w, https:\/\/polskipatchwork.pl\/wp-content\/uploads\/2025\/06\/Fulnek-2025-Kaczmarska-Agnieszka-768x480.jpg 768w, https:\/\/polskipatchwork.pl\/wp-content\/uploads\/2025\/06\/Fulnek-2025-Kaczmarska-Agnieszka-1536x960.jpg 1536w, https:\/\/polskipatchwork.pl\/wp-content\/uploads\/2025\/06\/Fulnek-2025-Kaczmarska-Agnieszka.jpg 1600w\" sizes=\"(max-width: 300px) 100vw, 300px\" \/>\u00a0<img data-attachment-id=\"7194\" data-permalink=\"https:\/\/polskipatchwork.pl\/index.php\/2025\/06\/29\/xx-jubileuszowa-wystawa-patchworku-fulnek-2025\/wystawa-patchworkow-w-fulneku-2025-13\/\" data-orig-file=\"https:\/\/polskipatchwork.pl\/wp-content\/uploads\/2025\/06\/Fulnek-2025-Mirkiewicz-Malgorzata.jpg\" data-orig-size=\"1600,1066\" data-comments-opened=\"0\" data-image-meta=\"{&quot;aperture&quot;:&quot;1.8&quot;,&quot;credit&quot;:&quot;&quot;,&quot;camera&quot;:&quot;DSC-RX100M3&quot;,&quot;caption&quot;:&quot;&quot;,&quot;created_timestamp&quot;:&quot;1750511163&quot;,&quot;copyright&quot;:&quot;Ma\\u0142gorzata Kozio\\u0142&quot;,&quot;focal_length&quot;:&quot;8.8&quot;,&quot;iso&quot;:&quot;800&quot;,&quot;shutter_speed&quot;:&quot;0.033333333333333&quot;,&quot;title&quot;:&quot;Wystawa patchwork\\u00f3w w Fulneku 2025&quot;,&quot;orientation&quot;:&quot;0&quot;}\" data-image-title=\"Wystawa patchwork\u00f3w w Fulneku 2025\" data-image-description=\"\" data-medium-file=\"https:\/\/polskipatchwork.pl\/wp-content\/uploads\/2025\/06\/Fulnek-2025-Mirkiewicz-Malgorzata-300x200.jpg\" data-large-file=\"https:\/\/polskipatchwork.pl\/wp-content\/uploads\/2025\/06\/Fulnek-2025-Mirkiewicz-Malgorzata-1024x682.jpg\" loading=\"lazy\" class=\"alignnone size-medium wp-image-7194\" src=\"http:\/\/polskipatchwork.pl\/wp-content\/uploads\/2025\/06\/Fulnek-2025-Mirkiewicz-Malgorzata-300x200.jpg\" alt=\"\" width=\"300\" height=\"200\" srcset=\"https:\/\/polskipatchwork.pl\/wp-content\/uploads\/2025\/06\/Fulnek-2025-Mirkiewicz-Malgorzata-300x200.jpg 300w, https:\/\/polskipatchwork.pl\/wp-content\/uploads\/2025\/06\/Fulnek-2025-Mirkiewicz-Malgorzata-1024x682.jpg 1024w, https:\/\/polskipatchwork.pl\/wp-content\/uploads\/2025\/06\/Fulnek-2025-Mirkiewicz-Malgorzata-768x512.jpg 768w, https:\/\/polskipatchwork.pl\/wp-content\/uploads\/2025\/06\/Fulnek-2025-Mirkiewicz-Malgorzata-1536x1023.jpg 1536w, https:\/\/polskipatchwork.pl\/wp-content\/uploads\/2025\/06\/Fulnek-2025-Mirkiewicz-Malgorzata.jpg 1600w\" sizes=\"(max-width: 300px) 100vw, 300px\" \/><\/div>\n<div><\/div>\n<div><img data-attachment-id=\"7187\" data-permalink=\"https:\/\/polskipatchwork.pl\/index.php\/2025\/06\/29\/xx-jubileuszowa-wystawa-patchworku-fulnek-2025\/wystawa-patchworkow-w-fulneku-2025-7\/\" data-orig-file=\"https:\/\/polskipatchwork.pl\/wp-content\/uploads\/2025\/06\/Fulnek-2025-Haluch-Sylwia-1.jpg\" data-orig-size=\"1600,1066\" data-comments-opened=\"0\" data-image-meta=\"{&quot;aperture&quot;:&quot;5.6&quot;,&quot;credit&quot;:&quot;&quot;,&quot;camera&quot;:&quot;DSC-RX100M3&quot;,&quot;caption&quot;:&quot;&quot;,&quot;created_timestamp&quot;:&quot;1750510872&quot;,&quot;copyright&quot;:&quot;Ma\\u0142gorzata Kozio\\u0142&quot;,&quot;focal_length&quot;:&quot;8.8&quot;,&quot;iso&quot;:&quot;3200&quot;,&quot;shutter_speed&quot;:&quot;0.1&quot;,&quot;title&quot;:&quot;Wystawa patchwork\\u00f3w w Fulneku 2025&quot;,&quot;orientation&quot;:&quot;0&quot;}\" data-image-title=\"Wystawa patchwork\u00f3w w Fulneku 2025\" data-image-description=\"\" data-medium-file=\"https:\/\/polskipatchwork.pl\/wp-content\/uploads\/2025\/06\/Fulnek-2025-Haluch-Sylwia-1-300x200.jpg\" data-large-file=\"https:\/\/polskipatchwork.pl\/wp-content\/uploads\/2025\/06\/Fulnek-2025-Haluch-Sylwia-1-1024x682.jpg\" loading=\"lazy\" class=\"alignnone size-medium wp-image-7187\" src=\"http:\/\/polskipatchwork.pl\/wp-content\/uploads\/2025\/06\/Fulnek-2025-Haluch-Sylwia-1-300x200.jpg\" alt=\"\" width=\"300\" height=\"200\" srcset=\"https:\/\/polskipatchwork.pl\/wp-content\/uploads\/2025\/06\/Fulnek-2025-Haluch-Sylwia-1-300x200.jpg 300w, https:\/\/polskipatchwork.pl\/wp-content\/uploads\/2025\/06\/Fulnek-2025-Haluch-Sylwia-1-1024x682.jpg 1024w, https:\/\/polskipatchwork.pl\/wp-content\/uploads\/2025\/06\/Fulnek-2025-Haluch-Sylwia-1-768x512.jpg 768w, https:\/\/polskipatchwork.pl\/wp-content\/uploads\/2025\/06\/Fulnek-2025-Haluch-Sylwia-1-1536x1023.jpg 1536w, https:\/\/polskipatchwork.pl\/wp-content\/uploads\/2025\/06\/Fulnek-2025-Haluch-Sylwia-1.jpg 1600w\" sizes=\"(max-width: 300px) 100vw, 300px\" \/>\u00a0\u00a0<img data-attachment-id=\"7189\" data-permalink=\"https:\/\/polskipatchwork.pl\/index.php\/2025\/06\/29\/xx-jubileuszowa-wystawa-patchworku-fulnek-2025\/wystawa-patchworkow-w-fulneku-2025-9\/\" data-orig-file=\"https:\/\/polskipatchwork.pl\/wp-content\/uploads\/2025\/06\/Fulnek-2025-Jablonska-Smolinska-Agata-1.jpg\" data-orig-size=\"1600,1066\" data-comments-opened=\"0\" data-image-meta=\"{&quot;aperture&quot;:&quot;1.8&quot;,&quot;credit&quot;:&quot;&quot;,&quot;camera&quot;:&quot;DSC-RX100M3&quot;,&quot;caption&quot;:&quot;&quot;,&quot;created_timestamp&quot;:&quot;1750510909&quot;,&quot;copyright&quot;:&quot;Ma\\u0142gorzata Kozio\\u0142&quot;,&quot;focal_length&quot;:&quot;8.8&quot;,&quot;iso&quot;:&quot;200&quot;,&quot;shutter_speed&quot;:&quot;0.033333333333333&quot;,&quot;title&quot;:&quot;Wystawa patchwork\\u00f3w w Fulneku 2025&quot;,&quot;orientation&quot;:&quot;0&quot;}\" data-image-title=\"Wystawa patchwork\u00f3w w Fulneku 2025\" data-image-description=\"\" data-medium-file=\"https:\/\/polskipatchwork.pl\/wp-content\/uploads\/2025\/06\/Fulnek-2025-Jablonska-Smolinska-Agata-1-300x200.jpg\" data-large-file=\"https:\/\/polskipatchwork.pl\/wp-content\/uploads\/2025\/06\/Fulnek-2025-Jablonska-Smolinska-Agata-1-1024x682.jpg\" loading=\"lazy\" class=\"alignnone size-medium wp-image-7189\" src=\"http:\/\/polskipatchwork.pl\/wp-content\/uploads\/2025\/06\/Fulnek-2025-Jablonska-Smolinska-Agata-1-300x200.jpg\" alt=\"\" width=\"300\" height=\"200\" srcset=\"https:\/\/polskipatchwork.pl\/wp-content\/uploads\/2025\/06\/Fulnek-2025-Jablonska-Smolinska-Agata-1-300x200.jpg 300w, https:\/\/polskipatchwork.pl\/wp-content\/uploads\/2025\/06\/Fulnek-2025-Jablonska-Smolinska-Agata-1-1024x682.jpg 1024w, https:\/\/polskipatchwork.pl\/wp-content\/uploads\/2025\/06\/Fulnek-2025-Jablonska-Smolinska-Agata-1-768x512.jpg 768w, https:\/\/polskipatchwork.pl\/wp-content\/uploads\/2025\/06\/Fulnek-2025-Jablonska-Smolinska-Agata-1-1536x1023.jpg 1536w, https:\/\/polskipatchwork.pl\/wp-content\/uploads\/2025\/06\/Fulnek-2025-Jablonska-Smolinska-Agata-1.jpg 1600w\" sizes=\"(max-width: 300px) 100vw, 300px\" \/>\u00a0\u00a0<img data-attachment-id=\"7184\" data-permalink=\"https:\/\/polskipatchwork.pl\/index.php\/2025\/06\/29\/xx-jubileuszowa-wystawa-patchworku-fulnek-2025\/wystawa-patchworkow-w-fulneku-2025-4\/\" data-orig-file=\"https:\/\/polskipatchwork.pl\/wp-content\/uploads\/2025\/06\/Fulnek-2025-Radlinska-Bernacka-Maryla-3.jpg\" data-orig-size=\"1600,1066\" data-comments-opened=\"0\" data-image-meta=\"{&quot;aperture&quot;:&quot;1.8&quot;,&quot;credit&quot;:&quot;&quot;,&quot;camera&quot;:&quot;DSC-RX100M3&quot;,&quot;caption&quot;:&quot;&quot;,&quot;created_timestamp&quot;:&quot;1750511720&quot;,&quot;copyright&quot;:&quot;Ma\\u0142gorzata Kozio\\u0142&quot;,&quot;focal_length&quot;:&quot;8.8&quot;,&quot;iso&quot;:&quot;200&quot;,&quot;shutter_speed&quot;:&quot;0.033333333333333&quot;,&quot;title&quot;:&quot;Wystawa patchwork\\u00f3w w Fulneku 2025&quot;,&quot;orientation&quot;:&quot;0&quot;}\" data-image-title=\"Wystawa patchwork\u00f3w w Fulneku 2025\" data-image-description=\"\" data-medium-file=\"https:\/\/polskipatchwork.pl\/wp-content\/uploads\/2025\/06\/Fulnek-2025-Radlinska-Bernacka-Maryla-3-300x200.jpg\" data-large-file=\"https:\/\/polskipatchwork.pl\/wp-content\/uploads\/2025\/06\/Fulnek-2025-Radlinska-Bernacka-Maryla-3-1024x682.jpg\" loading=\"lazy\" class=\"alignnone size-medium wp-image-7184\" src=\"http:\/\/polskipatchwork.pl\/wp-content\/uploads\/2025\/06\/Fulnek-2025-Radlinska-Bernacka-Maryla-3-300x200.jpg\" alt=\"\" width=\"300\" height=\"200\" srcset=\"https:\/\/polskipatchwork.pl\/wp-content\/uploads\/2025\/06\/Fulnek-2025-Radlinska-Bernacka-Maryla-3-300x200.jpg 300w, https:\/\/polskipatchwork.pl\/wp-content\/uploads\/2025\/06\/Fulnek-2025-Radlinska-Bernacka-Maryla-3-1024x682.jpg 1024w, https:\/\/polskipatchwork.pl\/wp-content\/uploads\/2025\/06\/Fulnek-2025-Radlinska-Bernacka-Maryla-3-768x512.jpg 768w, https:\/\/polskipatchwork.pl\/wp-content\/uploads\/2025\/06\/Fulnek-2025-Radlinska-Bernacka-Maryla-3-1536x1023.jpg 1536w, https:\/\/polskipatchwork.pl\/wp-content\/uploads\/2025\/06\/Fulnek-2025-Radlinska-Bernacka-Maryla-3.jpg 1600w\" sizes=\"(max-width: 300px) 100vw, 300px\" \/>\u00a0\u00a0<img data-attachment-id=\"7183\" data-permalink=\"https:\/\/polskipatchwork.pl\/index.php\/2025\/06\/29\/xx-jubileuszowa-wystawa-patchworku-fulnek-2025\/wystawa-patchworkow-w-fulneku-2025-3\/\" data-orig-file=\"https:\/\/polskipatchwork.pl\/wp-content\/uploads\/2025\/06\/Fulnek-2025-Radlinska-Bernacka-Maryla-2.jpg\" data-orig-size=\"1600,1066\" data-comments-opened=\"0\" data-image-meta=\"{&quot;aperture&quot;:&quot;1.8&quot;,&quot;credit&quot;:&quot;&quot;,&quot;camera&quot;:&quot;DSC-RX100M3&quot;,&quot;caption&quot;:&quot;&quot;,&quot;created_timestamp&quot;:&quot;1750511510&quot;,&quot;copyright&quot;:&quot;Ma\\u0142gorzata Kozio\\u0142&quot;,&quot;focal_length&quot;:&quot;8.8&quot;,&quot;iso&quot;:&quot;1000&quot;,&quot;shutter_speed&quot;:&quot;0.033333333333333&quot;,&quot;title&quot;:&quot;Wystawa patchwork\\u00f3w w Fulneku 2025&quot;,&quot;orientation&quot;:&quot;0&quot;}\" data-image-title=\"Wystawa patchwork\u00f3w w Fulneku 2025\" data-image-description=\"\" data-medium-file=\"https:\/\/polskipatchwork.pl\/wp-content\/uploads\/2025\/06\/Fulnek-2025-Radlinska-Bernacka-Maryla-2-300x200.jpg\" data-large-file=\"https:\/\/polskipatchwork.pl\/wp-content\/uploads\/2025\/06\/Fulnek-2025-Radlinska-Bernacka-Maryla-2-1024x682.jpg\" loading=\"lazy\" class=\"alignnone size-medium wp-image-7183\" src=\"http:\/\/polskipatchwork.pl\/wp-content\/uploads\/2025\/06\/Fulnek-2025-Radlinska-Bernacka-Maryla-2-300x200.jpg\" alt=\"\" width=\"300\" height=\"200\" srcset=\"https:\/\/polskipatchwork.pl\/wp-content\/uploads\/2025\/06\/Fulnek-2025-Radlinska-Bernacka-Maryla-2-300x200.jpg 300w, https:\/\/polskipatchwork.pl\/wp-content\/uploads\/2025\/06\/Fulnek-2025-Radlinska-Bernacka-Maryla-2-1024x682.jpg 1024w, https:\/\/polskipatchwork.pl\/wp-content\/uploads\/2025\/06\/Fulnek-2025-Radlinska-Bernacka-Maryla-2-768x512.jpg 768w, https:\/\/polskipatchwork.pl\/wp-content\/uploads\/2025\/06\/Fulnek-2025-Radlinska-Bernacka-Maryla-2-1536x1023.jpg 1536w, https:\/\/polskipatchwork.pl\/wp-content\/uploads\/2025\/06\/Fulnek-2025-Radlinska-Bernacka-Maryla-2.jpg 1600w\" sizes=\"(max-width: 300px) 100vw, 300px\" \/><\/div>\n<div><\/div>\n<div>\u00a0\u00a0<img data-attachment-id=\"7190\" data-permalink=\"https:\/\/polskipatchwork.pl\/index.php\/2025\/06\/29\/xx-jubileuszowa-wystawa-patchworku-fulnek-2025\/wystawa-patchworkow-w-fulneku-2025-10\/\" data-orig-file=\"https:\/\/polskipatchwork.pl\/wp-content\/uploads\/2025\/06\/Fulnek-2025-Jablonska-Smolinska-Agata-2.jpg\" data-orig-size=\"1600,1066\" data-comments-opened=\"0\" data-image-meta=\"{&quot;aperture&quot;:&quot;1.8&quot;,&quot;credit&quot;:&quot;&quot;,&quot;camera&quot;:&quot;DSC-RX100M3&quot;,&quot;caption&quot;:&quot;&quot;,&quot;created_timestamp&quot;:&quot;1750510923&quot;,&quot;copyright&quot;:&quot;Ma\\u0142gorzata Kozio\\u0142&quot;,&quot;focal_length&quot;:&quot;8.8&quot;,&quot;iso&quot;:&quot;200&quot;,&quot;shutter_speed&quot;:&quot;0.033333333333333&quot;,&quot;title&quot;:&quot;Wystawa patchwork\\u00f3w w Fulneku 2025&quot;,&quot;orientation&quot;:&quot;0&quot;}\" data-image-title=\"Wystawa patchwork\u00f3w w Fulneku 2025\" data-image-description=\"\" data-medium-file=\"https:\/\/polskipatchwork.pl\/wp-content\/uploads\/2025\/06\/Fulnek-2025-Jablonska-Smolinska-Agata-2-300x200.jpg\" data-large-file=\"https:\/\/polskipatchwork.pl\/wp-content\/uploads\/2025\/06\/Fulnek-2025-Jablonska-Smolinska-Agata-2-1024x682.jpg\" loading=\"lazy\" class=\"alignnone size-medium wp-image-7190\" src=\"http:\/\/polskipatchwork.pl\/wp-content\/uploads\/2025\/06\/Fulnek-2025-Jablonska-Smolinska-Agata-2-300x200.jpg\" alt=\"\" width=\"300\" height=\"200\" srcset=\"https:\/\/polskipatchwork.pl\/wp-content\/uploads\/2025\/06\/Fulnek-2025-Jablonska-Smolinska-Agata-2-300x200.jpg 300w, https:\/\/polskipatchwork.pl\/wp-content\/uploads\/2025\/06\/Fulnek-2025-Jablonska-Smolinska-Agata-2-1024x682.jpg 1024w, https:\/\/polskipatchwork.pl\/wp-content\/uploads\/2025\/06\/Fulnek-2025-Jablonska-Smolinska-Agata-2-768x512.jpg 768w, https:\/\/polskipatchwork.pl\/wp-content\/uploads\/2025\/06\/Fulnek-2025-Jablonska-Smolinska-Agata-2-1536x1023.jpg 1536w, https:\/\/polskipatchwork.pl\/wp-content\/uploads\/2025\/06\/Fulnek-2025-Jablonska-Smolinska-Agata-2.jpg 1600w\" sizes=\"(max-width: 300px) 100vw, 300px\" \/>\u00a0\u00a0<img data-attachment-id=\"7200\" data-permalink=\"https:\/\/polskipatchwork.pl\/index.php\/2025\/06\/29\/xx-jubileuszowa-wystawa-patchworku-fulnek-2025\/wystawa-patchworku-w-fulneku-2025-3\/\" data-orig-file=\"https:\/\/polskipatchwork.pl\/wp-content\/uploads\/2025\/07\/Fulnek-2025-Haluch-Sylwia-4.jpg\" data-orig-size=\"1600,1135\" data-comments-opened=\"0\" data-image-meta=\"{&quot;aperture&quot;:&quot;2.8&quot;,&quot;credit&quot;:&quot;&quot;,&quot;camera&quot;:&quot;DSC-RX100M3&quot;,&quot;caption&quot;:&quot;&quot;,&quot;created_timestamp&quot;:&quot;1750516261&quot;,&quot;copyright&quot;:&quot;Ma\\u0142gorzata Kozio\\u0142&quot;,&quot;focal_length&quot;:&quot;8.8&quot;,&quot;iso&quot;:&quot;125&quot;,&quot;shutter_speed&quot;:&quot;0.02&quot;,&quot;title&quot;:&quot;Wystawa patchworku w Fulneku 2025&quot;,&quot;orientation&quot;:&quot;0&quot;}\" data-image-title=\"Wystawa patchworku w Fulneku 2025\" data-image-description=\"\" data-medium-file=\"https:\/\/polskipatchwork.pl\/wp-content\/uploads\/2025\/07\/Fulnek-2025-Haluch-Sylwia-4-300x213.jpg\" data-large-file=\"https:\/\/polskipatchwork.pl\/wp-content\/uploads\/2025\/07\/Fulnek-2025-Haluch-Sylwia-4-1024x726.jpg\" loading=\"lazy\" class=\"alignnone size-medium wp-image-7200\" src=\"http:\/\/polskipatchwork.pl\/wp-content\/uploads\/2025\/07\/Fulnek-2025-Haluch-Sylwia-4-300x213.jpg\" alt=\"\" width=\"300\" height=\"213\" srcset=\"https:\/\/polskipatchwork.pl\/wp-content\/uploads\/2025\/07\/Fulnek-2025-Haluch-Sylwia-4-300x213.jpg 300w, https:\/\/polskipatchwork.pl\/wp-content\/uploads\/2025\/07\/Fulnek-2025-Haluch-Sylwia-4-1024x726.jpg 1024w, https:\/\/polskipatchwork.pl\/wp-content\/uploads\/2025\/07\/Fulnek-2025-Haluch-Sylwia-4-768x545.jpg 768w, https:\/\/polskipatchwork.pl\/wp-content\/uploads\/2025\/07\/Fulnek-2025-Haluch-Sylwia-4-1536x1090.jpg 1536w, https:\/\/polskipatchwork.pl\/wp-content\/uploads\/2025\/07\/Fulnek-2025-Haluch-Sylwia-4.jpg 1600w\" sizes=\"(max-width: 300px) 100vw, 300px\" \/><\/div>\n<div><\/div>\n<div><img data-attachment-id=\"7199\" data-permalink=\"https:\/\/polskipatchwork.pl\/index.php\/2025\/06\/29\/xx-jubileuszowa-wystawa-patchworku-fulnek-2025\/wystawa-patchworku-w-fulneku-2025-2\/\" data-orig-file=\"https:\/\/polskipatchwork.pl\/wp-content\/uploads\/2025\/07\/Fulnek-2025-Karcz-Anna.jpg\" data-orig-size=\"1103,1600\" data-comments-opened=\"0\" data-image-meta=\"{&quot;aperture&quot;:&quot;2.2&quot;,&quot;credit&quot;:&quot;&quot;,&quot;camera&quot;:&quot;DSC-RX100M3&quot;,&quot;caption&quot;:&quot;&quot;,&quot;created_timestamp&quot;:&quot;1750516211&quot;,&quot;copyright&quot;:&quot;Ma\\u0142gorzata Kozio\\u0142&quot;,&quot;focal_length&quot;:&quot;8.8&quot;,&quot;iso&quot;:&quot;125&quot;,&quot;shutter_speed&quot;:&quot;0.033333333333333&quot;,&quot;title&quot;:&quot;Wystawa patchworku w Fulneku 2025&quot;,&quot;orientation&quot;:&quot;0&quot;}\" data-image-title=\"Wystawa patchworku w Fulneku 2025\" data-image-description=\"\" data-medium-file=\"https:\/\/polskipatchwork.pl\/wp-content\/uploads\/2025\/07\/Fulnek-2025-Karcz-Anna-207x300.jpg\" data-large-file=\"https:\/\/polskipatchwork.pl\/wp-content\/uploads\/2025\/07\/Fulnek-2025-Karcz-Anna-706x1024.jpg\" loading=\"lazy\" class=\"alignnone size-medium wp-image-7199\" src=\"http:\/\/polskipatchwork.pl\/wp-content\/uploads\/2025\/07\/Fulnek-2025-Karcz-Anna-207x300.jpg\" alt=\"\" width=\"207\" height=\"300\" srcset=\"https:\/\/polskipatchwork.pl\/wp-content\/uploads\/2025\/07\/Fulnek-2025-Karcz-Anna-207x300.jpg 207w, https:\/\/polskipatchwork.pl\/wp-content\/uploads\/2025\/07\/Fulnek-2025-Karcz-Anna-706x1024.jpg 706w, https:\/\/polskipatchwork.pl\/wp-content\/uploads\/2025\/07\/Fulnek-2025-Karcz-Anna-768x1114.jpg 768w, https:\/\/polskipatchwork.pl\/wp-content\/uploads\/2025\/07\/Fulnek-2025-Karcz-Anna-1059x1536.jpg 1059w, https:\/\/polskipatchwork.pl\/wp-content\/uploads\/2025\/07\/Fulnek-2025-Karcz-Anna.jpg 1103w\" sizes=\"(max-width: 207px) 100vw, 207px\" \/> \u00a0<img data-attachment-id=\"7201\" data-permalink=\"https:\/\/polskipatchwork.pl\/index.php\/2025\/06\/29\/xx-jubileuszowa-wystawa-patchworku-fulnek-2025\/wystawa-patchworkow-w-fulneku-2025-14\/\" data-orig-file=\"https:\/\/polskipatchwork.pl\/wp-content\/uploads\/2025\/07\/Fulnek-2025-Pieczynska-Barbara-1.jpg\" data-orig-size=\"1066,1600\" data-comments-opened=\"0\" data-image-meta=\"{&quot;aperture&quot;:&quot;1.8&quot;,&quot;credit&quot;:&quot;&quot;,&quot;camera&quot;:&quot;DSC-RX100M3&quot;,&quot;caption&quot;:&quot;&quot;,&quot;created_timestamp&quot;:&quot;1750511336&quot;,&quot;copyright&quot;:&quot;Ma\\u0142gorzata Kozio\\u0142&quot;,&quot;focal_length&quot;:&quot;8.8&quot;,&quot;iso&quot;:&quot;320&quot;,&quot;shutter_speed&quot;:&quot;0.033333333333333&quot;,&quot;title&quot;:&quot;Wystawa patchwork\\u00f3w w Fulneku 2025&quot;,&quot;orientation&quot;:&quot;0&quot;}\" data-image-title=\"Wystawa patchwork\u00f3w w Fulneku 2025\" data-image-description=\"\" data-medium-file=\"https:\/\/polskipatchwork.pl\/wp-content\/uploads\/2025\/07\/Fulnek-2025-Pieczynska-Barbara-1-200x300.jpg\" data-large-file=\"https:\/\/polskipatchwork.pl\/wp-content\/uploads\/2025\/07\/Fulnek-2025-Pieczynska-Barbara-1-682x1024.jpg\" loading=\"lazy\" class=\"alignnone size-medium wp-image-7201\" src=\"http:\/\/polskipatchwork.pl\/wp-content\/uploads\/2025\/07\/Fulnek-2025-Pieczynska-Barbara-1-200x300.jpg\" alt=\"\" width=\"200\" height=\"300\" srcset=\"https:\/\/polskipatchwork.pl\/wp-content\/uploads\/2025\/07\/Fulnek-2025-Pieczynska-Barbara-1-200x300.jpg 200w, https:\/\/polskipatchwork.pl\/wp-content\/uploads\/2025\/07\/Fulnek-2025-Pieczynska-Barbara-1-682x1024.jpg 682w, https:\/\/polskipatchwork.pl\/wp-content\/uploads\/2025\/07\/Fulnek-2025-Pieczynska-Barbara-1-768x1153.jpg 768w, https:\/\/polskipatchwork.pl\/wp-content\/uploads\/2025\/07\/Fulnek-2025-Pieczynska-Barbara-1-1023x1536.jpg 1023w, https:\/\/polskipatchwork.pl\/wp-content\/uploads\/2025\/07\/Fulnek-2025-Pieczynska-Barbara-1.jpg 1066w\" sizes=\"(max-width: 200px) 100vw, 200px\" \/> <img data-attachment-id=\"7202\" data-permalink=\"https:\/\/polskipatchwork.pl\/index.php\/2025\/06\/29\/xx-jubileuszowa-wystawa-patchworku-fulnek-2025\/wystawa-patchworku-w-fulneku-2025-4\/\" data-orig-file=\"https:\/\/polskipatchwork.pl\/wp-content\/uploads\/2025\/07\/Fulnek-2025-Galinska-Magdalena.jpg\" data-orig-size=\"1066,1600\" data-comments-opened=\"0\" data-image-meta=\"{&quot;aperture&quot;:&quot;2.8&quot;,&quot;credit&quot;:&quot;&quot;,&quot;camera&quot;:&quot;DSC-RX100M3&quot;,&quot;caption&quot;:&quot;&quot;,&quot;created_timestamp&quot;:&quot;1750515945&quot;,&quot;copyright&quot;:&quot;Ma\\u0142gorzata Kozio\\u0142&quot;,&quot;focal_length&quot;:&quot;8.8&quot;,&quot;iso&quot;:&quot;125&quot;,&quot;shutter_speed&quot;:&quot;0.025&quot;,&quot;title&quot;:&quot;Wystawa patchworku w Fulneku 2025&quot;,&quot;orientation&quot;:&quot;0&quot;}\" data-image-title=\"Wystawa patchworku w Fulneku 2025\" data-image-description=\"\" data-medium-file=\"https:\/\/polskipatchwork.pl\/wp-content\/uploads\/2025\/07\/Fulnek-2025-Galinska-Magdalena-200x300.jpg\" data-large-file=\"https:\/\/polskipatchwork.pl\/wp-content\/uploads\/2025\/07\/Fulnek-2025-Galinska-Magdalena-682x1024.jpg\" loading=\"lazy\" class=\"alignnone size-medium wp-image-7202\" src=\"http:\/\/polskipatchwork.pl\/wp-content\/uploads\/2025\/07\/Fulnek-2025-Galinska-Magdalena-200x300.jpg\" alt=\"\" width=\"200\" height=\"300\" srcset=\"https:\/\/polskipatchwork.pl\/wp-content\/uploads\/2025\/07\/Fulnek-2025-Galinska-Magdalena-200x300.jpg 200w, https:\/\/polskipatchwork.pl\/wp-content\/uploads\/2025\/07\/Fulnek-2025-Galinska-Magdalena-682x1024.jpg 682w, https:\/\/polskipatchwork.pl\/wp-content\/uploads\/2025\/07\/Fulnek-2025-Galinska-Magdalena-768x1153.jpg 768w, https:\/\/polskipatchwork.pl\/wp-content\/uploads\/2025\/07\/Fulnek-2025-Galinska-Magdalena-1023x1536.jpg 1023w, https:\/\/polskipatchwork.pl\/wp-content\/uploads\/2025\/07\/Fulnek-2025-Galinska-Magdalena.jpg 1066w\" sizes=\"(max-width: 200px) 100vw, 200px\" \/>\u00a0\u00a0<img data-attachment-id=\"7188\" data-permalink=\"https:\/\/polskipatchwork.pl\/index.php\/2025\/06\/29\/xx-jubileuszowa-wystawa-patchworku-fulnek-2025\/wystawa-patchworkow-w-fulneku-2025-8\/\" data-orig-file=\"https:\/\/polskipatchwork.pl\/wp-content\/uploads\/2025\/06\/Fulnek-2025-Haluch-Sylwia-2.jpg\" data-orig-size=\"1066,1600\" data-comments-opened=\"0\" data-image-meta=\"{&quot;aperture&quot;:&quot;1.8&quot;,&quot;credit&quot;:&quot;&quot;,&quot;camera&quot;:&quot;DSC-RX100M3&quot;,&quot;caption&quot;:&quot;&quot;,&quot;created_timestamp&quot;:&quot;1750511142&quot;,&quot;copyright&quot;:&quot;Ma\\u0142gorzata Kozio\\u0142&quot;,&quot;focal_length&quot;:&quot;8.8&quot;,&quot;iso&quot;:&quot;160&quot;,&quot;shutter_speed&quot;:&quot;0.033333333333333&quot;,&quot;title&quot;:&quot;Wystawa patchwork\\u00f3w w Fulneku 2025&quot;,&quot;orientation&quot;:&quot;0&quot;}\" data-image-title=\"Wystawa patchwork\u00f3w w Fulneku 2025\" data-image-description=\"\" data-medium-file=\"https:\/\/polskipatchwork.pl\/wp-content\/uploads\/2025\/06\/Fulnek-2025-Haluch-Sylwia-2-200x300.jpg\" data-large-file=\"https:\/\/polskipatchwork.pl\/wp-content\/uploads\/2025\/06\/Fulnek-2025-Haluch-Sylwia-2-682x1024.jpg\" loading=\"lazy\" class=\"alignnone size-medium wp-image-7188\" src=\"http:\/\/polskipatchwork.pl\/wp-content\/uploads\/2025\/06\/Fulnek-2025-Haluch-Sylwia-2-200x300.jpg\" alt=\"\" width=\"200\" height=\"300\" srcset=\"https:\/\/polskipatchwork.pl\/wp-content\/uploads\/2025\/06\/Fulnek-2025-Haluch-Sylwia-2-200x300.jpg 200w, https:\/\/polskipatchwork.pl\/wp-content\/uploads\/2025\/06\/Fulnek-2025-Haluch-Sylwia-2-682x1024.jpg 682w, https:\/\/polskipatchwork.pl\/wp-content\/uploads\/2025\/06\/Fulnek-2025-Haluch-Sylwia-2-768x1153.jpg 768w, https:\/\/polskipatchwork.pl\/wp-content\/uploads\/2025\/06\/Fulnek-2025-Haluch-Sylwia-2-1023x1536.jpg 1023w, https:\/\/polskipatchwork.pl\/wp-content\/uploads\/2025\/06\/Fulnek-2025-Haluch-Sylwia-2.jpg 1066w\" sizes=\"(max-width: 200px) 100vw, 200px\" \/><\/div>\n<div><\/div>\n<div><\/div>\n<div><img data-attachment-id=\"7182\" data-permalink=\"https:\/\/polskipatchwork.pl\/index.php\/2025\/06\/29\/xx-jubileuszowa-wystawa-patchworku-fulnek-2025\/wystawa-patchworkow-w-fulneku-2025-2\/\" data-orig-file=\"https:\/\/polskipatchwork.pl\/wp-content\/uploads\/2025\/06\/Fulnek-2025-Radlinska-Bernacka-Maryla-1.jpg\" data-orig-size=\"1066,1600\" data-comments-opened=\"0\" data-image-meta=\"{&quot;aperture&quot;:&quot;1.8&quot;,&quot;credit&quot;:&quot;&quot;,&quot;camera&quot;:&quot;DSC-RX100M3&quot;,&quot;caption&quot;:&quot;&quot;,&quot;created_timestamp&quot;:&quot;1750511117&quot;,&quot;copyright&quot;:&quot;Ma\\u0142gorzata Kozio\\u0142&quot;,&quot;focal_length&quot;:&quot;8.8&quot;,&quot;iso&quot;:&quot;250&quot;,&quot;shutter_speed&quot;:&quot;0.033333333333333&quot;,&quot;title&quot;:&quot;Wystawa patchwork\\u00f3w w Fulneku 2025&quot;,&quot;orientation&quot;:&quot;0&quot;}\" data-image-title=\"Wystawa patchwork\u00f3w w Fulneku 2025\" data-image-description=\"\" data-medium-file=\"https:\/\/polskipatchwork.pl\/wp-content\/uploads\/2025\/06\/Fulnek-2025-Radlinska-Bernacka-Maryla-1-200x300.jpg\" data-large-file=\"https:\/\/polskipatchwork.pl\/wp-content\/uploads\/2025\/06\/Fulnek-2025-Radlinska-Bernacka-Maryla-1-682x1024.jpg\" loading=\"lazy\" class=\"alignnone size-medium wp-image-7182\" src=\"http:\/\/polskipatchwork.pl\/wp-content\/uploads\/2025\/06\/Fulnek-2025-Radlinska-Bernacka-Maryla-1-200x300.jpg\" alt=\"\" width=\"200\" height=\"300\" srcset=\"https:\/\/polskipatchwork.pl\/wp-content\/uploads\/2025\/06\/Fulnek-2025-Radlinska-Bernacka-Maryla-1-200x300.jpg 200w, https:\/\/polskipatchwork.pl\/wp-content\/uploads\/2025\/06\/Fulnek-2025-Radlinska-Bernacka-Maryla-1-682x1024.jpg 682w, https:\/\/polskipatchwork.pl\/wp-content\/uploads\/2025\/06\/Fulnek-2025-Radlinska-Bernacka-Maryla-1-768x1153.jpg 768w, https:\/\/polskipatchwork.pl\/wp-content\/uploads\/2025\/06\/Fulnek-2025-Radlinska-Bernacka-Maryla-1-1023x1536.jpg 1023w, https:\/\/polskipatchwork.pl\/wp-content\/uploads\/2025\/06\/Fulnek-2025-Radlinska-Bernacka-Maryla-1.jpg 1066w\" sizes=\"(max-width: 200px) 100vw, 200px\" \/> <img data-attachment-id=\"7181\" data-permalink=\"https:\/\/polskipatchwork.pl\/index.php\/2025\/06\/29\/xx-jubileuszowa-wystawa-patchworku-fulnek-2025\/wystawa-patchworkow-w-fulneku-2025\/\" data-orig-file=\"https:\/\/polskipatchwork.pl\/wp-content\/uploads\/2025\/06\/Fulnek-2025-Pytel-Marta.jpg\" data-orig-size=\"1066,1600\" data-comments-opened=\"0\" data-image-meta=\"{&quot;aperture&quot;:&quot;1.8&quot;,&quot;credit&quot;:&quot;&quot;,&quot;camera&quot;:&quot;DSC-RX100M3&quot;,&quot;caption&quot;:&quot;&quot;,&quot;created_timestamp&quot;:&quot;1750511297&quot;,&quot;copyright&quot;:&quot;Ma\\u0142gorzata Kozio\\u0142&quot;,&quot;focal_length&quot;:&quot;8.8&quot;,&quot;iso&quot;:&quot;250&quot;,&quot;shutter_speed&quot;:&quot;0.033333333333333&quot;,&quot;title&quot;:&quot;Wystawa patchwork\\u00f3w w Fulneku 2025&quot;,&quot;orientation&quot;:&quot;0&quot;}\" data-image-title=\"Wystawa patchwork\u00f3w w Fulneku 2025\" data-image-description=\"\" data-medium-file=\"https:\/\/polskipatchwork.pl\/wp-content\/uploads\/2025\/06\/Fulnek-2025-Pytel-Marta-200x300.jpg\" data-large-file=\"https:\/\/polskipatchwork.pl\/wp-content\/uploads\/2025\/06\/Fulnek-2025-Pytel-Marta-682x1024.jpg\" loading=\"lazy\" class=\"alignnone size-medium wp-image-7181\" src=\"http:\/\/polskipatchwork.pl\/wp-content\/uploads\/2025\/06\/Fulnek-2025-Pytel-Marta-200x300.jpg\" alt=\"\" width=\"200\" height=\"300\" srcset=\"https:\/\/polskipatchwork.pl\/wp-content\/uploads\/2025\/06\/Fulnek-2025-Pytel-Marta-200x300.jpg 200w, https:\/\/polskipatchwork.pl\/wp-content\/uploads\/2025\/06\/Fulnek-2025-Pytel-Marta-682x1024.jpg 682w, https:\/\/polskipatchwork.pl\/wp-content\/uploads\/2025\/06\/Fulnek-2025-Pytel-Marta-768x1153.jpg 768w, https:\/\/polskipatchwork.pl\/wp-content\/uploads\/2025\/06\/Fulnek-2025-Pytel-Marta-1023x1536.jpg 1023w, https:\/\/polskipatchwork.pl\/wp-content\/uploads\/2025\/06\/Fulnek-2025-Pytel-Marta.jpg 1066w\" sizes=\"(max-width: 200px) 100vw, 200px\" \/>\u00a0\u00a0<img data-attachment-id=\"7185\" data-permalink=\"https:\/\/polskipatchwork.pl\/index.php\/2025\/06\/29\/xx-jubileuszowa-wystawa-patchworku-fulnek-2025\/wystawa-patchworkow-w-fulneku-2025-5\/\" data-orig-file=\"https:\/\/polskipatchwork.pl\/wp-content\/uploads\/2025\/06\/Fulnek-2025-Siebiewierska-Hanna.jpg\" data-orig-size=\"1066,1600\" data-comments-opened=\"0\" data-image-meta=\"{&quot;aperture&quot;:&quot;1.8&quot;,&quot;credit&quot;:&quot;&quot;,&quot;camera&quot;:&quot;DSC-RX100M3&quot;,&quot;caption&quot;:&quot;&quot;,&quot;created_timestamp&quot;:&quot;1750511095&quot;,&quot;copyright&quot;:&quot;Ma\\u0142gorzata Kozio\\u0142&quot;,&quot;focal_length&quot;:&quot;8.8&quot;,&quot;iso&quot;:&quot;320&quot;,&quot;shutter_speed&quot;:&quot;0.033333333333333&quot;,&quot;title&quot;:&quot;Wystawa patchwork\\u00f3w w Fulneku 2025&quot;,&quot;orientation&quot;:&quot;0&quot;}\" data-image-title=\"Wystawa patchwork\u00f3w w Fulneku 2025\" data-image-description=\"\" data-medium-file=\"https:\/\/polskipatchwork.pl\/wp-content\/uploads\/2025\/06\/Fulnek-2025-Siebiewierska-Hanna-200x300.jpg\" data-large-file=\"https:\/\/polskipatchwork.pl\/wp-content\/uploads\/2025\/06\/Fulnek-2025-Siebiewierska-Hanna-682x1024.jpg\" loading=\"lazy\" class=\"alignnone size-medium wp-image-7185\" src=\"http:\/\/polskipatchwork.pl\/wp-content\/uploads\/2025\/06\/Fulnek-2025-Siebiewierska-Hanna-200x300.jpg\" alt=\"\" width=\"200\" height=\"300\" srcset=\"https:\/\/polskipatchwork.pl\/wp-content\/uploads\/2025\/06\/Fulnek-2025-Siebiewierska-Hanna-200x300.jpg 200w, https:\/\/polskipatchwork.pl\/wp-content\/uploads\/2025\/06\/Fulnek-2025-Siebiewierska-Hanna-682x1024.jpg 682w, https:\/\/polskipatchwork.pl\/wp-content\/uploads\/2025\/06\/Fulnek-2025-Siebiewierska-Hanna-768x1153.jpg 768w, https:\/\/polskipatchwork.pl\/wp-content\/uploads\/2025\/06\/Fulnek-2025-Siebiewierska-Hanna-1023x1536.jpg 1023w, https:\/\/polskipatchwork.pl\/wp-content\/uploads\/2025\/06\/Fulnek-2025-Siebiewierska-Hanna.jpg 1066w\" sizes=\"(max-width: 200px) 100vw, 200px\" \/> \u00a0<img data-attachment-id=\"7186\" data-permalink=\"https:\/\/polskipatchwork.pl\/index.php\/2025\/06\/29\/xx-jubileuszowa-wystawa-patchworku-fulnek-2025\/wystawa-patchworkow-w-fulneku-2025-6\/\" data-orig-file=\"https:\/\/polskipatchwork.pl\/wp-content\/uploads\/2025\/06\/Fulnek-2025-Budzen-Beata.jpg\" data-orig-size=\"1066,1600\" data-comments-opened=\"0\" data-image-meta=\"{&quot;aperture&quot;:&quot;1.8&quot;,&quot;credit&quot;:&quot;&quot;,&quot;camera&quot;:&quot;DSC-RX100M3&quot;,&quot;caption&quot;:&quot;&quot;,&quot;created_timestamp&quot;:&quot;1750511316&quot;,&quot;copyright&quot;:&quot;Ma\\u0142gorzata Kozio\\u0142&quot;,&quot;focal_length&quot;:&quot;8.8&quot;,&quot;iso&quot;:&quot;640&quot;,&quot;shutter_speed&quot;:&quot;0.033333333333333&quot;,&quot;title&quot;:&quot;Wystawa patchwork\\u00f3w w Fulneku 2025&quot;,&quot;orientation&quot;:&quot;0&quot;}\" data-image-title=\"Wystawa patchwork\u00f3w w Fulneku 2025\" data-image-description=\"\" data-medium-file=\"https:\/\/polskipatchwork.pl\/wp-content\/uploads\/2025\/06\/Fulnek-2025-Budzen-Beata-200x300.jpg\" data-large-file=\"https:\/\/polskipatchwork.pl\/wp-content\/uploads\/2025\/06\/Fulnek-2025-Budzen-Beata-682x1024.jpg\" loading=\"lazy\" class=\"alignnone size-medium wp-image-7186\" src=\"http:\/\/polskipatchwork.pl\/wp-content\/uploads\/2025\/06\/Fulnek-2025-Budzen-Beata-200x300.jpg\" alt=\"\" width=\"200\" height=\"300\" srcset=\"https:\/\/polskipatchwork.pl\/wp-content\/uploads\/2025\/06\/Fulnek-2025-Budzen-Beata-200x300.jpg 200w, https:\/\/polskipatchwork.pl\/wp-content\/uploads\/2025\/06\/Fulnek-2025-Budzen-Beata-682x1024.jpg 682w, https:\/\/polskipatchwork.pl\/wp-content\/uploads\/2025\/06\/Fulnek-2025-Budzen-Beata-768x1153.jpg 768w, https:\/\/polskipatchwork.pl\/wp-content\/uploads\/2025\/06\/Fulnek-2025-Budzen-Beata-1023x1536.jpg 1023w, https:\/\/polskipatchwork.pl\/wp-content\/uploads\/2025\/06\/Fulnek-2025-Budzen-Beata.jpg 1066w\" sizes=\"(max-width: 200px) 100vw, 200px\" \/><\/div>\n<div><\/div>\n<div><\/div>\n","protected":false},"excerpt":{"rendered":"<p>W Fulneku, niewielkim miasteczku w Czechach w kraju morawsko-\u015bl\u0105skim, co roku w czerwcu odbywaj\u0105 si\u0119 wystawy patchworku organizowane przez Prvn\u00ed Moravsk\u00fd Patchworkow\u00fd Spolek (Pierwszy Morawski Klub Patchworkowy). Pierwsza wystawa odby\u0142a si\u0119 w 2004 roku&#46;&#46;&#46;<\/p>\n","protected":false},"author":14,"featured_media":7178,"comment_status":"closed","ping_status":"open","sticky":false,"template":"","format":"standard","meta":{"_monsterinsights_skip_tracking":false,"_monsterinsights_sitenote_active":false,"_monsterinsights_sitenote_note":"","_monsterinsights_sitenote_category":0,"spay_email":"","jetpack_publicize_message":"","jetpack_is_tweetstorm":false},"categories":[1,75,10],"tags":[],"jetpack_featured_media_url":"https:\/\/polskipatchwork.pl\/wp-content\/uploads\/2025\/06\/Funlek-2025.jpg","jetpack_publicize_connections":[],"jetpack-related-posts":[{"id":1158,"url":"https:\/\/polskipatchwork.pl\/index.php\/2016\/09\/17\/patchworkowy-swiat-kolorowych-lat-czyli-wystawa-ewy-pawlowskiej\/","url_meta":{"origin":7177,"position":0},"title":"\u201ePatchworkowy \u015bwiat kolorowych \u0142at\u201d czyli wystawa Ewy Paw\u0142owskiej","date":"17 wrze\u015bnia 2016","format":false,"excerpt":"Lex Gallery w Okr\u0119gowej Izbie Radc\u00f3w Prawnych w\u00a0Warszawie go\u015bci w dniach 5 - 11 pa\u017adziernika wystaw\u0119 kolejnej naszej patchworkowej kole\u017canki - Ewy (Kiltowo) Paw\u0142owskiej. Jak m\u00f3wi o sobie sama Ewa w wywiadzie na stronie OIRP: \u2013 Szycie patchwork\u00f3w daje mi rado\u015b\u0107 stworzenia w\u0142asnor\u0119cznie czego\u015b z niczego, ze skrawk\u00f3w \u2013 m\u00f3wi\u2026","rel":"","context":"In &quot;Aktualno\u015bci&quot;","img":{"alt_text":"","src":"https:\/\/i0.wp.com\/polskipatchwork.pl\/wp-content\/uploads\/2016\/09\/1-DSC_0797-001-e1474142602557.jpg?resize=350%2C200&ssl=1","width":350,"height":200},"classes":[]},{"id":6553,"url":"https:\/\/polskipatchwork.pl\/index.php\/2023\/05\/28\/brother-zaprasza-na-event-patchworkowy\/","url_meta":{"origin":7177,"position":1},"title":"Brother zaprasza na event patchworkowy","date":"28 maja 2023","format":false,"excerpt":"3 czerwca 2023 r.\u00a0 w siedzibie Partnera Stowarzyszenia Polskiego Patchworku - firmy EMB Systems przy ulicy Szczotkarskkiej 25 w Warszawie,\u00a0 odb\u0119dzie si\u0119 DZIE\u0143 OTWARTY dla fan\u00f3w PATCHWORKU. Rozpocznie si\u0119 o godzinie 11:00. Wernisa\u017c wystawy konkursowej \"Opowiedz mi histori\u0119\" b\u0119dzie pretekstem do spotka\u0144 i prezentacji o tematyce patchworkowej. Wystawa do obejrzenia\u2026","rel":"","context":"In &quot;Aktualno\u015bci&quot;","img":{"alt_text":"","src":"https:\/\/i2.wp.com\/polskipatchwork.pl\/wp-content\/uploads\/2023\/05\/wernisaz.jpg?resize=350%2C200&ssl=1","width":350,"height":200},"classes":[]},{"id":5972,"url":"https:\/\/polskipatchwork.pl\/index.php\/2022\/04\/27\/premiera-wystawy-walizkowej-kolory\/","url_meta":{"origin":7177,"position":2},"title":"Premiera wystawy walizkowej \"Kolory\"","date":"27 kwietnia 2022","format":false,"excerpt":"Po raz pierwszy pokazujemy prace przygotowane przez cz\u0142onkinie i cz\u0142onk\u00f3w Stowarzyszenia Polskiego Patchworku w ramach projektu walizkowej wystawy \"Kolory\". Sale wystawowe Domu Kultury w \u017babiej Woli nie po raz pierwszy goszcz\u0105 nasze patchworki. Tak\u0105 wiadomo\u015b\u0107 otrzymali\u015bmy z Domu Kultury: Z wielk\u0105 przyjemno\u015bci\u0105 informuj\u0119, \u017ce wystawa premierowa \"Kolory\" prezentuj\u0105ca 52 prace\u2026","rel":"","context":"In &quot;Aktualno\u015bci&quot;","img":{"alt_text":"","src":"https:\/\/i0.wp.com\/polskipatchwork.pl\/wp-content\/uploads\/2022\/04\/KOLORY-PLAKATv3b.png?resize=350%2C200&ssl=1","width":350,"height":200},"classes":[]},{"id":5813,"url":"https:\/\/polskipatchwork.pl\/index.php\/2022\/01\/24\/lniane-patchworki-w-belchatowie\/","url_meta":{"origin":7177,"position":3},"title":"Lniane patchworki w Be\u0142chatowie","date":"24 stycznia 2022","format":false,"excerpt":"Niecz\u0119sto pojawia si\u0119 mo\u017cliwo\u015b\u0107 prezentowania prac patchworkowych wi\u0119kszych rozmiar\u00f3w, a takie w\u0142a\u015bnie zawiera kolekcja konkursowa \u201eJak to ze lnem by\u0142o\u201d. Dzi\u0119ki uprzejmo\u015bci Miejskiego Centrum Kultury w Be\u0142chatowie, w listopadzie i grudniu 2021 i styczniu tego roku mogli\u015bmy podziwia\u0107 cz\u0119\u015b\u0107 prac uszytych przez nasze kole\u017canki w zwi\u0105zku z w\/w konkursem. \u0141\u0105cznie\u2026","rel":"","context":"In &quot;Aktualno\u015bci&quot;","img":{"alt_text":"","src":"https:\/\/i1.wp.com\/polskipatchwork.pl\/wp-content\/uploads\/2022\/01\/PC141597-scaled.jpg?resize=350%2C200&ssl=1","width":350,"height":200},"classes":[]},{"id":357,"url":"https:\/\/polskipatchwork.pl\/index.php\/2016\/05\/17\/wystawa-na-kongresie-kobiet-warszawa-maj-2016\/","url_meta":{"origin":7177,"position":4},"title":"Wystawa na Kongresie Kobiet, Warszawa, maj 2016","date":"17 maja 2016","format":false,"excerpt":"Stoisko Stowarzyszenia Polskiego Patchworku na Kongresie Kobiet, kt\u00f3re dzielili\u015bmy z \u00a0polskim przedstawicielem firmy Bernina\u00a0(BMDPolska)\u00a0cieszy\u0142o si\u0119 bardzo du\u017cym zainteresowaniem. Cz\u0142onkinie SPP przez ca\u0142y czas trwania wystawy odpowiada\u0142y na pytania dotycz\u0105ce\u00a0szycia patchwork\u00f3w. Nie ogranicza\u0142y si\u0119 tylko do wyja\u015bniania - t\u0142umaczy\u0142y i pokazywa\u0142y \"jak to si\u0119 robi\", a tak\u017ce udziela\u0142y praktycznych lekcji pikowania,\u2026","rel":"","context":"In &quot;Aktualno\u015bci&quot;","img":{"alt_text":"","src":"https:\/\/i0.wp.com\/polskipatchwork.pl\/wp-content\/uploads\/2016\/05\/stoisko3.jpg?resize=350%2C200","width":350,"height":200},"classes":[]},{"id":3861,"url":"https:\/\/polskipatchwork.pl\/index.php\/2019\/06\/12\/na-plocie-spontaniczna-wystawa-patchworku\/","url_meta":{"origin":7177,"position":5},"title":"\"Na p\u0142ocie - spontaniczna wystawa patchworku\"","date":"12 czerwca 2019","format":false,"excerpt":"W niedziel\u0119 9 czerwca w B\u0142oniu pod Warszaw\u0105 odby\u0142a si\u0119 \"Na p\u0142ocie - spontaniczna wystawa patchworku\". Organizatorem by\u0142o Stowarzyszenie Polskiego Patchworku oraz B\u0142o\u0144ski Uniwersytet Trzeciego Wieku. Wystawa by\u0142a jednym z wydarze\u0144 dorocznych Dni B\u0142onia, kt\u00f3re trwa\u0142y one od 7 do 9 czerwca. Nasza wystawa wisia\u0142a, jak wskazuje na to nazwa,\u2026","rel":"","context":"In &quot;Aktualno\u015bci&quot;","img":{"alt_text":"","src":"https:\/\/i1.wp.com\/polskipatchwork.pl\/wp-content\/uploads\/2019\/07\/spon2.jpg?resize=350%2C200&ssl=1","width":350,"height":200},"classes":[]}],"jetpack_sharing_enabled":true,"jetpack_shortlink":"https:\/\/wp.me\/p7yhvX-1RL","_links":{"self":[{"href":"https:\/\/polskipatchwork.pl\/index.php\/wp-json\/wp\/v2\/posts\/7177"}],"collection":[{"href":"https:\/\/polskipatchwork.pl\/index.php\/wp-json\/wp\/v2\/posts"}],"about":[{"href":"https:\/\/polskipatchwork.pl\/index.php\/wp-json\/wp\/v2\/types\/post"}],"author":[{"embeddable":true,"href":"https:\/\/polskipatchwork.pl\/index.php\/wp-json\/wp\/v2\/users\/14"}],"replies":[{"embeddable":true,"href":"https:\/\/polskipatchwork.pl\/index.php\/wp-json\/wp\/v2\/comments?post=7177"}],"version-history":[{"count":7,"href":"https:\/\/polskipatchwork.pl\/index.php\/wp-json\/wp\/v2\/posts\/7177\/revisions"}],"predecessor-version":[{"id":7204,"href":"https:\/\/polskipatchwork.pl\/index.php\/wp-json\/wp\/v2\/posts\/7177\/revisions\/7204"}],"wp:featuredmedia":[{"embeddable":true,"href":"https:\/\/polskipatchwork.pl\/index.php\/wp-json\/wp\/v2\/media\/7178"}],"wp:attachment":[{"href":"https:\/\/polskipatchwork.pl\/index.php\/wp-json\/wp\/v2\/media?parent=7177"}],"wp:term":[{"taxonomy":"category","embeddable":true,"href":"https:\/\/polskipatchwork.pl\/index.php\/wp-json\/wp\/v2\/categories?post=7177"},{"taxonomy":"post_tag","embeddable":true,"href":"https:\/\/polskipatchwork.pl\/index.php\/wp-json\/wp\/v2\/tags?post=7177"}],"curies":[{"name":"wp","href":"https:\/\/api.w.org\/{rel}","templated":true}]}}