{"id":7277,"date":"2025-08-24T20:37:24","date_gmt":"2025-08-24T18:37:24","guid":{"rendered":"https:\/\/polskipatchwork.pl\/?p=7277"},"modified":"2025-08-24T20:37:24","modified_gmt":"2025-08-24T18:37:24","slug":"origins-siegamy-do-poczatkow","status":"publish","type":"post","link":"https:\/\/polskipatchwork.pl\/index.php\/2025\/08\/24\/origins-siegamy-do-poczatkow\/","title":{"rendered":"&#8220;Origins&#8221;- si\u0119gamy do pocz\u0105tk\u00f3w"},"content":{"rendered":"<p><img data-attachment-id=\"7281\" data-permalink=\"https:\/\/polskipatchwork.pl\/index.php\/2025\/08\/24\/origins-siegamy-do-poczatkow\/origins\/\" data-orig-file=\"https:\/\/polskipatchwork.pl\/wp-content\/uploads\/2025\/08\/origins.jpeg\" data-orig-size=\"1354,757\" data-comments-opened=\"0\" data-image-meta=\"{&quot;aperture&quot;:&quot;0&quot;,&quot;credit&quot;:&quot;&quot;,&quot;camera&quot;:&quot;&quot;,&quot;caption&quot;:&quot;&quot;,&quot;created_timestamp&quot;:&quot;0&quot;,&quot;copyright&quot;:&quot;&quot;,&quot;focal_length&quot;:&quot;0&quot;,&quot;iso&quot;:&quot;0&quot;,&quot;shutter_speed&quot;:&quot;0&quot;,&quot;title&quot;:&quot;&quot;,&quot;orientation&quot;:&quot;0&quot;}\" data-image-title=\"origins\" data-image-description=\"\" data-medium-file=\"https:\/\/polskipatchwork.pl\/wp-content\/uploads\/2025\/08\/origins-300x168.jpeg\" data-large-file=\"https:\/\/polskipatchwork.pl\/wp-content\/uploads\/2025\/08\/origins-1024x573.jpeg\" loading=\"lazy\" src=\"http:\/\/polskipatchwork.pl\/wp-content\/uploads\/2025\/08\/origins-1024x573.jpeg\" alt=\"\" width=\"1024\" height=\"573\" class=\"aligncenter size-large wp-image-7281\" srcset=\"https:\/\/polskipatchwork.pl\/wp-content\/uploads\/2025\/08\/origins-1024x573.jpeg 1024w, https:\/\/polskipatchwork.pl\/wp-content\/uploads\/2025\/08\/origins-300x168.jpeg 300w, https:\/\/polskipatchwork.pl\/wp-content\/uploads\/2025\/08\/origins-768x429.jpeg 768w, https:\/\/polskipatchwork.pl\/wp-content\/uploads\/2025\/08\/origins.jpeg 1354w\" sizes=\"(max-width: 1024px) 100vw, 1024px\" \/>Temat tegorocznego konkursu og\u0142oszonego przez European Quilt Association, o czym ju\u017c wcze\u015bniej informowali\u015bmy, to \u201eOrigins\u201d \u2013 \u201ePochodzenie\/Pocz\u0105tki\u201d.<br \/>\nPocz\u0105tki to punkty, w kt\u00f3rych co\u015b si\u0119 zaczyna, powstaje lub z kt\u00f3rych co\u015b powstaje \u2013 etniczne, kulturowe, j\u0119zykowe lub naukowe.<br \/>\nTemat wieloznaczny, z szerokimi mo\u017cliwo\u015bciami interpretacji, pozwalaj\u0105cy na puszczenie wodzy wyobra\u017ani.<br \/>\nS\u0142ownik synonim\u00f3w daje nam tak\u017ce takie opcje:<br \/>\n1. rodow\u00f3d, genealogia, proweniencja, przynale\u017cno\u015b\u0107, narodowo\u015b\u0107, metryka,<br \/>\ngeneza, korzenie, t\u0142o, \u2020urodzenie<br \/>\n2. \u017a\u00f3d\u0142o, pra\u017ar\u00f3d\u0142o, autorstwo<br \/>\nMo\u017cemy jeszcze doda\u0107: pocz\u0105tek, orygina\u0142y, powstanie (utworzenie).<br \/>\nZach\u0119camy do wzi\u0119cia udzia\u0142u w tym wyzwaniu. Wykorzystajcie w\u0142asn\u0105 interpretacj\u0119 i wyobra\u017ani\u0119, aby stworzy\u0107 sw\u00f3j oryginalny quilt.<br \/>\nZg\u0142oszenia przyjmujemy do 30 wrze\u015bnia, zdj\u0119cia gotowych quilt\u00f3w nale\u017cy przes\u0142a\u0107 do 30 listopada (lub wcze\u015bniej), gotowe prace dostarczy\u0107 do 31 grudnia 2025 r. Regulamin i formularz zg\u0142oszeniowy b\u0119d\u0105 dost\u0119pne w naszej grupie cz\u0142onkowskiej.<br \/>\nKonkurs przeznaczony jest dla cz\u0142onk\u00f3w Stowarzyszenia Polskiego Patchworku, ale zainteresowane osoby nieb\u0119d\u0105ce w stowarzyszeniu, zach\u0119camy do przyst\u0105pienia do nas.<br \/>\nZach\u0119camy tym bardziej, \u017ce w ubieg\u0142orocznej edycji konkursu, na mi\u0119dzynaroodwej wystawie Ablimente w Vicenza, we W\u0142oszech nasze cz\u0142onkinie zg\u0142osi\u0142y 6 prac, z kt\u00f3rych a\u017c 3 trafi\u0142y do \u015bcis\u0142ego fina\u0142u (spo\u015br\u00f3d 72). A praca Anny Zychory-Dudy zaj\u0119\u0142a II miejsce.<br \/>\nPoni\u017cej zdj\u0119cia polskich prac<br \/>\n\n\t\t<style type=\"text\/css\">\n\t\t\t#gallery-1 {\n\t\t\t\tmargin: auto;\n\t\t\t}\n\t\t\t#gallery-1 .gallery-item {\n\t\t\t\tfloat: left;\n\t\t\t\tmargin-top: 10px;\n\t\t\t\ttext-align: center;\n\t\t\t\twidth: 33%;\n\t\t\t}\n\t\t\t#gallery-1 img {\n\t\t\t\tborder: 2px solid #cfcfcf;\n\t\t\t}\n\t\t\t#gallery-1 .gallery-caption {\n\t\t\t\tmargin-left: 0;\n\t\t\t}\n\t\t\t\/* see gallery_shortcode() in wp-includes\/media.php *\/\n\t\t<\/style>\n\t\t<div data-carousel-extra='{\"blog_id\":1,\"permalink\":\"https:\\\/\\\/polskipatchwork.pl\\\/index.php\\\/2025\\\/08\\\/24\\\/origins-siegamy-do-poczatkow\\\/\"}' id='gallery-1' class='gallery galleryid-7277 gallery-columns-3 gallery-size-thumbnail'><dl class='gallery-item'>\n\t\t\t<dt class='gallery-icon portrait'>\n\t\t\t\t<a href='https:\/\/polskipatchwork.pl\/anna-zychora-duda-wcielenia-zla-diabla-boruty\/'><img width=\"150\" height=\"150\" src=\"https:\/\/polskipatchwork.pl\/wp-content\/uploads\/2025\/08\/Anna-Zychora-Duda-Wcielenia-zla-Diabla-Boruty-150x150.jpg\" class=\"attachment-thumbnail size-thumbnail\" alt=\"\" loading=\"lazy\" aria-describedby=\"gallery-1-7274\" srcset=\"https:\/\/polskipatchwork.pl\/wp-content\/uploads\/2025\/08\/Anna-Zychora-Duda-Wcielenia-zla-Diabla-Boruty-150x150.jpg 150w, https:\/\/polskipatchwork.pl\/wp-content\/uploads\/2025\/08\/Anna-Zychora-Duda-Wcielenia-zla-Diabla-Boruty-160x160.jpg 160w, https:\/\/polskipatchwork.pl\/wp-content\/uploads\/2025\/08\/Anna-Zychora-Duda-Wcielenia-zla-Diabla-Boruty-320x320.jpg 320w\" sizes=\"(max-width: 150px) 100vw, 150px\" data-attachment-id=\"7274\" data-permalink=\"https:\/\/polskipatchwork.pl\/anna-zychora-duda-wcielenia-zla-diabla-boruty\/\" data-orig-file=\"https:\/\/polskipatchwork.pl\/wp-content\/uploads\/2025\/08\/Anna-Zychora-Duda-Wcielenia-zla-Diabla-Boruty.jpg\" data-orig-size=\"1136,1699\" data-comments-opened=\"0\" data-image-meta=\"{&quot;aperture&quot;:&quot;0&quot;,&quot;credit&quot;:&quot;&quot;,&quot;camera&quot;:&quot;&quot;,&quot;caption&quot;:&quot;&quot;,&quot;created_timestamp&quot;:&quot;0&quot;,&quot;copyright&quot;:&quot;&quot;,&quot;focal_length&quot;:&quot;0&quot;,&quot;iso&quot;:&quot;0&quot;,&quot;shutter_speed&quot;:&quot;0&quot;,&quot;title&quot;:&quot;&quot;,&quot;orientation&quot;:&quot;0&quot;}\" data-image-title=\"Anna Zychora-Duda &#8211; Wcielenia zla Diabla Boruty\" data-image-description=\"\" data-medium-file=\"https:\/\/polskipatchwork.pl\/wp-content\/uploads\/2025\/08\/Anna-Zychora-Duda-Wcielenia-zla-Diabla-Boruty-201x300.jpg\" data-large-file=\"https:\/\/polskipatchwork.pl\/wp-content\/uploads\/2025\/08\/Anna-Zychora-Duda-Wcielenia-zla-Diabla-Boruty-685x1024.jpg\" \/><\/a>\n\t\t\t<\/dt>\n\t\t\t\t<dd class='wp-caption-text gallery-caption' id='gallery-1-7274'>\n\t\t\t\tAnna Zychora-Duda &#8211; Wcielenia zla Diabla Boruty\n\t\t\t\t<\/dd><\/dl><dl class='gallery-item'>\n\t\t\t<dt class='gallery-icon portrait'>\n\t\t\t\t<a href='https:\/\/polskipatchwork.pl\/magdalena-galinska-fryderyk\/'><img width=\"150\" height=\"150\" src=\"https:\/\/polskipatchwork.pl\/wp-content\/uploads\/2025\/08\/Magdalena-Galinska-Fryderyk-150x150.jpg\" class=\"attachment-thumbnail size-thumbnail\" alt=\"\" loading=\"lazy\" aria-describedby=\"gallery-1-7280\" srcset=\"https:\/\/polskipatchwork.pl\/wp-content\/uploads\/2025\/08\/Magdalena-Galinska-Fryderyk-150x150.jpg 150w, https:\/\/polskipatchwork.pl\/wp-content\/uploads\/2025\/08\/Magdalena-Galinska-Fryderyk-160x160.jpg 160w, https:\/\/polskipatchwork.pl\/wp-content\/uploads\/2025\/08\/Magdalena-Galinska-Fryderyk-320x320.jpg 320w\" sizes=\"(max-width: 150px) 100vw, 150px\" data-attachment-id=\"7280\" data-permalink=\"https:\/\/polskipatchwork.pl\/magdalena-galinska-fryderyk\/\" data-orig-file=\"https:\/\/polskipatchwork.pl\/wp-content\/uploads\/2025\/08\/Magdalena-Galinska-Fryderyk.jpg\" data-orig-size=\"1536,2048\" data-comments-opened=\"0\" data-image-meta=\"{&quot;aperture&quot;:&quot;0&quot;,&quot;credit&quot;:&quot;&quot;,&quot;camera&quot;:&quot;&quot;,&quot;caption&quot;:&quot;&quot;,&quot;created_timestamp&quot;:&quot;0&quot;,&quot;copyright&quot;:&quot;&quot;,&quot;focal_length&quot;:&quot;0&quot;,&quot;iso&quot;:&quot;0&quot;,&quot;shutter_speed&quot;:&quot;0&quot;,&quot;title&quot;:&quot;&quot;,&quot;orientation&quot;:&quot;0&quot;}\" data-image-title=\"Magdalena Galinska &#8211; Fryderyk\" data-image-description=\"\" data-medium-file=\"https:\/\/polskipatchwork.pl\/wp-content\/uploads\/2025\/08\/Magdalena-Galinska-Fryderyk-225x300.jpg\" data-large-file=\"https:\/\/polskipatchwork.pl\/wp-content\/uploads\/2025\/08\/Magdalena-Galinska-Fryderyk-768x1024.jpg\" \/><\/a>\n\t\t\t<\/dt>\n\t\t\t\t<dd class='wp-caption-text gallery-caption' id='gallery-1-7280'>\n\t\t\t\tMagdalena Gali\u0144ska  &#8211; Fryderyk\n\t\t\t\t<\/dd><\/dl><dl class='gallery-item'>\n\t\t\t<dt class='gallery-icon portrait'>\n\t\t\t\t<a href='https:\/\/polskipatchwork.pl\/sylwia-haluch-smok-wawelski\/'><img width=\"150\" height=\"150\" src=\"https:\/\/polskipatchwork.pl\/wp-content\/uploads\/2025\/08\/Sylwia-Haluch-Smok-wawelski-150x150.jpg\" class=\"attachment-thumbnail size-thumbnail\" alt=\"\" loading=\"lazy\" aria-describedby=\"gallery-1-7275\" srcset=\"https:\/\/polskipatchwork.pl\/wp-content\/uploads\/2025\/08\/Sylwia-Haluch-Smok-wawelski-150x150.jpg 150w, https:\/\/polskipatchwork.pl\/wp-content\/uploads\/2025\/08\/Sylwia-Haluch-Smok-wawelski-160x160.jpg 160w, https:\/\/polskipatchwork.pl\/wp-content\/uploads\/2025\/08\/Sylwia-Haluch-Smok-wawelski-320x320.jpg 320w\" sizes=\"(max-width: 150px) 100vw, 150px\" data-attachment-id=\"7275\" data-permalink=\"https:\/\/polskipatchwork.pl\/sylwia-haluch-smok-wawelski\/\" data-orig-file=\"https:\/\/polskipatchwork.pl\/wp-content\/uploads\/2025\/08\/Sylwia-Haluch-Smok-wawelski.jpg\" data-orig-size=\"1317,2048\" data-comments-opened=\"0\" data-image-meta=\"{&quot;aperture&quot;:&quot;0&quot;,&quot;credit&quot;:&quot;&quot;,&quot;camera&quot;:&quot;&quot;,&quot;caption&quot;:&quot;&quot;,&quot;created_timestamp&quot;:&quot;0&quot;,&quot;copyright&quot;:&quot;&quot;,&quot;focal_length&quot;:&quot;0&quot;,&quot;iso&quot;:&quot;0&quot;,&quot;shutter_speed&quot;:&quot;0&quot;,&quot;title&quot;:&quot;&quot;,&quot;orientation&quot;:&quot;0&quot;}\" data-image-title=\"Sylwia Haluch &#8211; Smok wawelski\" data-image-description=\"\" data-medium-file=\"https:\/\/polskipatchwork.pl\/wp-content\/uploads\/2025\/08\/Sylwia-Haluch-Smok-wawelski-193x300.jpg\" data-large-file=\"https:\/\/polskipatchwork.pl\/wp-content\/uploads\/2025\/08\/Sylwia-Haluch-Smok-wawelski-659x1024.jpg\" \/><\/a>\n\t\t\t<\/dt>\n\t\t\t\t<dd class='wp-caption-text gallery-caption' id='gallery-1-7275'>\n\t\t\t\tSylwia Haluch &#8211; Smok wawelski\n\t\t\t\t<\/dd><\/dl><br style=\"clear: both\" \/>\n\t\t<\/div>\n<br \/>\n\n\t\t<style type=\"text\/css\">\n\t\t\t#gallery-2 {\n\t\t\t\tmargin: auto;\n\t\t\t}\n\t\t\t#gallery-2 .gallery-item {\n\t\t\t\tfloat: left;\n\t\t\t\tmargin-top: 10px;\n\t\t\t\ttext-align: center;\n\t\t\t\twidth: 33%;\n\t\t\t}\n\t\t\t#gallery-2 img {\n\t\t\t\tborder: 2px solid #cfcfcf;\n\t\t\t}\n\t\t\t#gallery-2 .gallery-caption {\n\t\t\t\tmargin-left: 0;\n\t\t\t}\n\t\t\t\/* see gallery_shortcode() in wp-includes\/media.php *\/\n\t\t<\/style>\n\t\t<div data-carousel-extra='{\"blog_id\":1,\"permalink\":\"https:\\\/\\\/polskipatchwork.pl\\\/index.php\\\/2025\\\/08\\\/24\\\/origins-siegamy-do-poczatkow\\\/\"}' id='gallery-2' class='gallery galleryid-7277 gallery-columns-3 gallery-size-thumbnail'><dl class='gallery-item'>\n\t\t\t<dt class='gallery-icon portrait'>\n\t\t\t\t<a href='https:\/\/polskipatchwork.pl\/agata-jablonska-smolinska-pan-twardowski\/'><img width=\"150\" height=\"150\" src=\"https:\/\/polskipatchwork.pl\/wp-content\/uploads\/2025\/08\/Agata-Jablonska-Smolinska-Pan-Twardowski-150x150.jpg\" class=\"attachment-thumbnail size-thumbnail\" alt=\"\" loading=\"lazy\" aria-describedby=\"gallery-2-7276\" srcset=\"https:\/\/polskipatchwork.pl\/wp-content\/uploads\/2025\/08\/Agata-Jablonska-Smolinska-Pan-Twardowski-150x150.jpg 150w, https:\/\/polskipatchwork.pl\/wp-content\/uploads\/2025\/08\/Agata-Jablonska-Smolinska-Pan-Twardowski-160x160.jpg 160w, https:\/\/polskipatchwork.pl\/wp-content\/uploads\/2025\/08\/Agata-Jablonska-Smolinska-Pan-Twardowski-320x320.jpg 320w\" sizes=\"(max-width: 150px) 100vw, 150px\" data-attachment-id=\"7276\" data-permalink=\"https:\/\/polskipatchwork.pl\/agata-jablonska-smolinska-pan-twardowski\/\" data-orig-file=\"https:\/\/polskipatchwork.pl\/wp-content\/uploads\/2025\/08\/Agata-Jablonska-Smolinska-Pan-Twardowski.jpg\" data-orig-size=\"1355,2048\" data-comments-opened=\"0\" data-image-meta=\"{&quot;aperture&quot;:&quot;0&quot;,&quot;credit&quot;:&quot;DJSMOLINSKA&quot;,&quot;camera&quot;:&quot;&quot;,&quot;caption&quot;:&quot;&quot;,&quot;created_timestamp&quot;:&quot;0&quot;,&quot;copyright&quot;:&quot;DJSMOLIMSKA&quot;,&quot;focal_length&quot;:&quot;0&quot;,&quot;iso&quot;:&quot;0&quot;,&quot;shutter_speed&quot;:&quot;0&quot;,&quot;title&quot;:&quot;&quot;,&quot;orientation&quot;:&quot;0&quot;}\" data-image-title=\"Agata Jab\u0142onska-Smolinska &#8211; Pan Twardowski\" data-image-description=\"\" data-medium-file=\"https:\/\/polskipatchwork.pl\/wp-content\/uploads\/2025\/08\/Agata-Jablonska-Smolinska-Pan-Twardowski-198x300.jpg\" data-large-file=\"https:\/\/polskipatchwork.pl\/wp-content\/uploads\/2025\/08\/Agata-Jablonska-Smolinska-Pan-Twardowski-678x1024.jpg\" \/><\/a>\n\t\t\t<\/dt>\n\t\t\t\t<dd class='wp-caption-text gallery-caption' id='gallery-2-7276'>\n\t\t\t\tAgata Jab\u0142o\u0144ska-Smoli\u0144ska &#8211; Pan Twardowski \n\t\t\t\t<\/dd><\/dl><dl class='gallery-item'>\n\t\t\t<dt class='gallery-icon portrait'>\n\t\t\t\t<a href='https:\/\/polskipatchwork.pl\/dominika-orzolek-mokosz-slowianska-bogini\/'><img width=\"150\" height=\"150\" src=\"https:\/\/polskipatchwork.pl\/wp-content\/uploads\/2025\/08\/Dominika-Orzolek-Mokosz-Slowianska-bogini-150x150.jpg\" class=\"attachment-thumbnail size-thumbnail\" alt=\"\" loading=\"lazy\" aria-describedby=\"gallery-2-7278\" srcset=\"https:\/\/polskipatchwork.pl\/wp-content\/uploads\/2025\/08\/Dominika-Orzolek-Mokosz-Slowianska-bogini-150x150.jpg 150w, https:\/\/polskipatchwork.pl\/wp-content\/uploads\/2025\/08\/Dominika-Orzolek-Mokosz-Slowianska-bogini-160x160.jpg 160w, https:\/\/polskipatchwork.pl\/wp-content\/uploads\/2025\/08\/Dominika-Orzolek-Mokosz-Slowianska-bogini-320x320.jpg 320w\" sizes=\"(max-width: 150px) 100vw, 150px\" data-attachment-id=\"7278\" data-permalink=\"https:\/\/polskipatchwork.pl\/dominika-orzolek-mokosz-slowianska-bogini\/\" data-orig-file=\"https:\/\/polskipatchwork.pl\/wp-content\/uploads\/2025\/08\/Dominika-Orzolek-Mokosz-Slowianska-bogini.jpg\" data-orig-size=\"1536,2048\" data-comments-opened=\"0\" data-image-meta=\"{&quot;aperture&quot;:&quot;0&quot;,&quot;credit&quot;:&quot;&quot;,&quot;camera&quot;:&quot;&quot;,&quot;caption&quot;:&quot;&quot;,&quot;created_timestamp&quot;:&quot;0&quot;,&quot;copyright&quot;:&quot;&quot;,&quot;focal_length&quot;:&quot;0&quot;,&quot;iso&quot;:&quot;0&quot;,&quot;shutter_speed&quot;:&quot;0&quot;,&quot;title&quot;:&quot;&quot;,&quot;orientation&quot;:&quot;0&quot;}\" data-image-title=\"Dominika Orzolek &#8211; Mokosz &#8211; Slowianska bogini\" data-image-description=\"\" data-medium-file=\"https:\/\/polskipatchwork.pl\/wp-content\/uploads\/2025\/08\/Dominika-Orzolek-Mokosz-Slowianska-bogini-225x300.jpg\" data-large-file=\"https:\/\/polskipatchwork.pl\/wp-content\/uploads\/2025\/08\/Dominika-Orzolek-Mokosz-Slowianska-bogini-768x1024.jpg\" \/><\/a>\n\t\t\t<\/dt>\n\t\t\t\t<dd class='wp-caption-text gallery-caption' id='gallery-2-7278'>\n\t\t\t\tDominika Orzo\u0142ek &#8211; Mokosz &#8211; S\u0142owia\u0144ska bogini\n\t\t\t\t<\/dd><\/dl><dl class='gallery-item'>\n\t\t\t<dt class='gallery-icon portrait'>\n\t\t\t\t<a href='https:\/\/polskipatchwork.pl\/zofia-nowobilska-janosik\/'><img width=\"150\" height=\"150\" src=\"https:\/\/polskipatchwork.pl\/wp-content\/uploads\/2025\/08\/Zofia-Nowobilska-Janosik-150x150.jpg\" class=\"attachment-thumbnail size-thumbnail\" alt=\"\" loading=\"lazy\" aria-describedby=\"gallery-2-7279\" srcset=\"https:\/\/polskipatchwork.pl\/wp-content\/uploads\/2025\/08\/Zofia-Nowobilska-Janosik-150x150.jpg 150w, https:\/\/polskipatchwork.pl\/wp-content\/uploads\/2025\/08\/Zofia-Nowobilska-Janosik-160x160.jpg 160w, https:\/\/polskipatchwork.pl\/wp-content\/uploads\/2025\/08\/Zofia-Nowobilska-Janosik-320x320.jpg 320w\" sizes=\"(max-width: 150px) 100vw, 150px\" data-attachment-id=\"7279\" data-permalink=\"https:\/\/polskipatchwork.pl\/zofia-nowobilska-janosik\/\" data-orig-file=\"https:\/\/polskipatchwork.pl\/wp-content\/uploads\/2025\/08\/Zofia-Nowobilska-Janosik.jpg\" data-orig-size=\"1536,2048\" data-comments-opened=\"0\" data-image-meta=\"{&quot;aperture&quot;:&quot;0&quot;,&quot;credit&quot;:&quot;&quot;,&quot;camera&quot;:&quot;&quot;,&quot;caption&quot;:&quot;&quot;,&quot;created_timestamp&quot;:&quot;0&quot;,&quot;copyright&quot;:&quot;&quot;,&quot;focal_length&quot;:&quot;0&quot;,&quot;iso&quot;:&quot;0&quot;,&quot;shutter_speed&quot;:&quot;0&quot;,&quot;title&quot;:&quot;&quot;,&quot;orientation&quot;:&quot;0&quot;}\" data-image-title=\"Zofia Nowobilska &#8211; Janosik\" data-image-description=\"\" data-medium-file=\"https:\/\/polskipatchwork.pl\/wp-content\/uploads\/2025\/08\/Zofia-Nowobilska-Janosik-225x300.jpg\" data-large-file=\"https:\/\/polskipatchwork.pl\/wp-content\/uploads\/2025\/08\/Zofia-Nowobilska-Janosik-768x1024.jpg\" \/><\/a>\n\t\t\t<\/dt>\n\t\t\t\t<dd class='wp-caption-text gallery-caption' id='gallery-2-7279'>\n\t\t\t\tZofia Nowobilska &#8211; Janosik\n\t\t\t\t<\/dd><\/dl><br style=\"clear: both\" \/>\n\t\t<\/div>\n<\/p>\n","protected":false},"excerpt":{"rendered":"<p>Temat tegorocznego konkursu og\u0142oszonego przez European Quilt Association, o czym ju\u017c wcze\u015bniej informowali\u015bmy, to \u201eOrigins\u201d \u2013 \u201ePochodzenie\/Pocz\u0105tki\u201d. Pocz\u0105tki to punkty, w kt\u00f3rych co\u015b si\u0119 zaczyna, powstaje lub z kt\u00f3rych co\u015b powstaje \u2013 etniczne, kulturowe,&#46;&#46;&#46;<\/p>\n","protected":false},"author":6,"featured_media":7281,"comment_status":"closed","ping_status":"open","sticky":false,"template":"","format":"standard","meta":{"_monsterinsights_skip_tracking":false,"_monsterinsights_sitenote_active":false,"_monsterinsights_sitenote_note":"","_monsterinsights_sitenote_category":0,"spay_email":"","jetpack_publicize_message":"","jetpack_is_tweetstorm":false},"categories":[1,75,36,77],"tags":[],"jetpack_featured_media_url":"https:\/\/polskipatchwork.pl\/wp-content\/uploads\/2025\/08\/origins.jpeg","jetpack_publicize_connections":[],"jetpack-related-posts":[{"id":6153,"url":"https:\/\/polskipatchwork.pl\/index.php\/2022\/09\/02\/winobranie-w-zielonej-gorze-wernisaz\/","url_meta":{"origin":7277,"position":0},"title":"Winobranie w Zielonej G\u00f3rze - wernisa\u017c","date":"2 wrze\u015bnia 2022","format":false,"excerpt":"Wino jest dla duszy tym, czym woda jest dla cia\u0142a (Mario Soldati). Parafrazuj\u0105c - patchwork jest dla duszy tym, czym woda jest dla cia\u0142a. Tak \u015bmia\u0142o mo\u017cna by rzec po otwarciu wystawy \u201eWinobranie\u201d w Muzeum Ziemi Lubuskiej w Zielonej G\u00f3rze. Nasze cz\u0142onkinie mia\u0142y kolejn\u0105 okazj\u0119 wzi\u0105\u0107 udzia\u0142 w wystawie, kt\u00f3rej\u2026","rel":"","context":"In &quot;Aktualno\u015bci&quot;","img":{"alt_text":"","src":"https:\/\/i0.wp.com\/polskipatchwork.pl\/wp-content\/uploads\/2022\/09\/Grazyna-Ryszawa-_Ale-Beka-scaled.jpg?resize=350%2C200&ssl=1","width":350,"height":200},"classes":[]},{"id":2272,"url":"https:\/\/polskipatchwork.pl\/index.php\/2017\/11\/25\/granice-boundaries\/","url_meta":{"origin":7277,"position":1},"title":"GRANICE (Boundaries)","date":"25 listopada 2017","format":false,"excerpt":"Taki temat wybra\u0142a European Quilt Association na przysz\u0142oroczn\u0105 wystaw\u0119 podczas Festival of Quilts w Birmingham, do udzia\u0142u w kt\u00f3rej zosta\u0142y zaproszone wszystkie organizacje cz\u0142onkowskie. Stowarzyszenie Polskiego Patchworku ma po raz pierwszy okazj\u0119 wzi\u0105\u0107 w tym wyzwaniu\u00a0udzia\u0142. Europa to kontynent z wieloma krajami, oddzielonymi r\u00f3\u017cnymi rodzajami granic. Narodowymi, regionalnymi, j\u0119zykowymi, kulturalnymi,\u2026","rel":"","context":"In &quot;Aktualno\u015bci&quot;","img":{"alt_text":"","src":"https:\/\/i2.wp.com\/polskipatchwork.pl\/wp-content\/uploads\/2017\/10\/eqa.png?resize=350%2C200&ssl=1","width":350,"height":200},"classes":[]},{"id":3917,"url":"https:\/\/polskipatchwork.pl\/index.php\/2019\/08\/01\/nasz-udzial-w-projektach-eqa-na-festival-of-quilts-w-birmingham\/","url_meta":{"origin":7277,"position":2},"title":"Nasz udzia\u0142 w Festival of Quilts w Birmingham","date":"1 sierpnia 2019","format":false,"excerpt":"Dzisiaj rozpocz\u0105\u0142 si\u0119 The Festival of Quilts w Birmingham. Przedstawiamy relacj\u0119 z wystawy, gratulujemy sukces\u00f3w naszym cz\u0142onkiniom. Jak co roku w czasie festiwalu prezentowane s\u0105 prace powsta\u0142e w ramach mi\u0119dzynarodowych projekt\u00f3w organizowanych przez European Quilt Assiciation. Wsp\u00f3lny quilt na 30 rocznic\u0119 dzia\u0142alno\u015bci European Quilt Association Do European Quilt Association nale\u017cy\u2026","rel":"","context":"In &quot;Aktualno\u015bci&quot;","img":{"alt_text":"","src":"https:\/\/i1.wp.com\/polskipatchwork.pl\/wp-content\/uploads\/2019\/07\/67487632_2449309611972524_3649960089718095872_n.jpg?resize=350%2C200&ssl=1","width":350,"height":200},"classes":[]},{"id":7296,"url":"https:\/\/polskipatchwork.pl\/index.php\/2025\/09\/19\/polskie-prace-w-projekcie-eqa-kontrast\/","url_meta":{"origin":7277,"position":3},"title":"Polskie prace w projekcie EQA \"Kontrast\"","date":"19 wrze\u015bnia 2025","format":false,"excerpt":"W czwartek 18 wrze\u015bnia rozpocz\u0119\u0142a si\u0119 30. jubileuszowa wystawa patchwork\u00f3w w Sainte-Marie-Aux-Mines we Francji. Stowarzyszenia Polskiego Patchworku jest obecne na wystawie European Quilt Association. Tegoroczny temat \"Kontrast\" zgromadzi\u0142 476 prac z 19 kraj\u00f3w. Polsk\u0119 reprezentuj\u0105: Magda Ba\u0144czyk, Eva Blaschko, Sylwia Haluch, Czes\u0142awa Bordoszewska, Joanna Koz\u0142owska, Ma\u0142gorzata Mirkiewicz, Monika Chmura, Teresa\u2026","rel":"","context":"In &quot;Aktualno\u015bci&quot;","img":{"alt_text":"","src":"https:\/\/i1.wp.com\/polskipatchwork.pl\/wp-content\/uploads\/2025\/08\/CEP25_1200-x-630-EN.jpg?resize=350%2C200&ssl=1","width":350,"height":200},"classes":[]},{"id":1895,"url":"https:\/\/polskipatchwork.pl\/index.php\/2017\/08\/11\/quilterzy-wszystkich-krajow-laczcie-sie\/","url_meta":{"origin":7277,"position":4},"title":"Quilterzy wszystkich kraj\u00f3w, \u0142\u0105czcie si\u0119!","date":"11 sierpnia 2017","format":false,"excerpt":"Jak naj\u0142atwiej pozna\u0107 kogo\u015b ogarni\u0119tego t\u0105 sam\u0105 pasj\u0105, \u017ceby nie rzec mani\u0105, szale\u0144stwem, obsesj\u0105? I w dodatku popracowa\u0107 wsp\u00f3lnie nad jakim\u015b projektem? Kiedy\u015b na ostatnich stronach czasopism by\u0142y adresy ludzi z r\u00f3\u017cnych kraj\u00f3w gotowych nawi\u0105za\u0107 korespondencj\u0119 w j\u0119zyku mniej lub bardziej obcym. Pami\u0119tam, \u017ce mia\u0142am kole\u017cank\u0119 w ZSRR (wszyscy wtedy\u2026","rel":"","context":"In &quot;Aktualno\u015bci&quot;","img":{"alt_text":"","src":"https:\/\/i2.wp.com\/polskipatchwork.pl\/wp-content\/uploads\/2017\/08\/Nowy-obraz.png?resize=350%2C200&ssl=1","width":350,"height":200},"classes":[]},{"id":6031,"url":"https:\/\/polskipatchwork.pl\/index.php\/2022\/05\/15\/nici-nie-znaja-granic-wystawa-jubileuszowa-european-quilt-association-juz-otwarta\/","url_meta":{"origin":7277,"position":5},"title":"\"Nici nie znaj\u0105 granic\" \u2013 wystawa jubileuszowa European Quilt Association ju\u017c otwarta!","date":"15 maja 2022","format":false,"excerpt":"W sobot\u0119 14 maja wieczorem, w Muzeum Lniarstwa im. Filipa Girarda w \u017byrardowie, z okazji Nocy Muze\u00f3w 2022, zosta\u0142a otwarta wystawa \"Nici nie znaj\u0105 granic\". Jest to druga i jak do tej pory najwi\u0119ksza wystawa mi\u0119dzynarodowa w historii naszego Stowarzyszenia. Cieszymy si\u0119, \u017ce pi\u0119kne, industrialne wn\u0119trza starej fabryki po raz\u2026","rel":"","context":"In &quot;Aktualno\u015bci&quot;","img":{"alt_text":"","src":"https:\/\/i2.wp.com\/polskipatchwork.pl\/wp-content\/uploads\/2022\/05\/EQA.jpg?resize=350%2C200&ssl=1","width":350,"height":200},"classes":[]}],"jetpack_sharing_enabled":true,"jetpack_shortlink":"https:\/\/wp.me\/p7yhvX-1Tn","_links":{"self":[{"href":"https:\/\/polskipatchwork.pl\/index.php\/wp-json\/wp\/v2\/posts\/7277"}],"collection":[{"href":"https:\/\/polskipatchwork.pl\/index.php\/wp-json\/wp\/v2\/posts"}],"about":[{"href":"https:\/\/polskipatchwork.pl\/index.php\/wp-json\/wp\/v2\/types\/post"}],"author":[{"embeddable":true,"href":"https:\/\/polskipatchwork.pl\/index.php\/wp-json\/wp\/v2\/users\/6"}],"replies":[{"embeddable":true,"href":"https:\/\/polskipatchwork.pl\/index.php\/wp-json\/wp\/v2\/comments?post=7277"}],"version-history":[{"count":1,"href":"https:\/\/polskipatchwork.pl\/index.php\/wp-json\/wp\/v2\/posts\/7277\/revisions"}],"predecessor-version":[{"id":7282,"href":"https:\/\/polskipatchwork.pl\/index.php\/wp-json\/wp\/v2\/posts\/7277\/revisions\/7282"}],"wp:featuredmedia":[{"embeddable":true,"href":"https:\/\/polskipatchwork.pl\/index.php\/wp-json\/wp\/v2\/media\/7281"}],"wp:attachment":[{"href":"https:\/\/polskipatchwork.pl\/index.php\/wp-json\/wp\/v2\/media?parent=7277"}],"wp:term":[{"taxonomy":"category","embeddable":true,"href":"https:\/\/polskipatchwork.pl\/index.php\/wp-json\/wp\/v2\/categories?post=7277"},{"taxonomy":"post_tag","embeddable":true,"href":"https:\/\/polskipatchwork.pl\/index.php\/wp-json\/wp\/v2\/tags?post=7277"}],"curies":[{"name":"wp","href":"https:\/\/api.w.org\/{rel}","templated":true}]}}