{"id":7493,"date":"2026-03-30T21:19:51","date_gmt":"2026-03-30T19:19:51","guid":{"rendered":"https:\/\/polskipatchwork.pl\/?p=7493"},"modified":"2026-03-30T21:19:51","modified_gmt":"2026-03-30T19:19:51","slug":"a-moze-patchworkowy-wrzesien-w-alzacji","status":"publish","type":"post","link":"https:\/\/polskipatchwork.pl\/index.php\/2026\/03\/30\/a-moze-patchworkowy-wrzesien-w-alzacji\/","title":{"rendered":"A mo\u017ce patchworkowy wrzesie\u0144 w Alzacji?"},"content":{"rendered":"<p><img data-attachment-id=\"7492\" data-permalink=\"https:\/\/polskipatchwork.pl\/index.php\/2026\/03\/30\/a-moze-patchworkowy-wrzesien-w-alzacji\/a3_raffle_en\/\" data-orig-file=\"https:\/\/polskipatchwork.pl\/wp-content\/uploads\/2026\/03\/A3_Raffle_EN.jpg\" data-orig-size=\"1194,1659\" data-comments-opened=\"0\" data-image-meta=\"{&quot;aperture&quot;:&quot;0&quot;,&quot;credit&quot;:&quot;&quot;,&quot;camera&quot;:&quot;&quot;,&quot;caption&quot;:&quot;&quot;,&quot;created_timestamp&quot;:&quot;0&quot;,&quot;copyright&quot;:&quot;&quot;,&quot;focal_length&quot;:&quot;0&quot;,&quot;iso&quot;:&quot;0&quot;,&quot;shutter_speed&quot;:&quot;0&quot;,&quot;title&quot;:&quot;&quot;,&quot;orientation&quot;:&quot;0&quot;}\" data-image-title=\"A3_Raffle_EN\" data-image-description=\"\" data-medium-file=\"https:\/\/polskipatchwork.pl\/wp-content\/uploads\/2026\/03\/A3_Raffle_EN-216x300.jpg\" data-large-file=\"https:\/\/polskipatchwork.pl\/wp-content\/uploads\/2026\/03\/A3_Raffle_EN-737x1024.jpg\" loading=\"lazy\" src=\"http:\/\/polskipatchwork.pl\/wp-content\/uploads\/2026\/03\/A3_Raffle_EN-737x1024.jpg\" alt=\"\" width=\"737\" height=\"1024\" class=\"aligncenter size-large wp-image-7492\" srcset=\"https:\/\/polskipatchwork.pl\/wp-content\/uploads\/2026\/03\/A3_Raffle_EN-737x1024.jpg 737w, https:\/\/polskipatchwork.pl\/wp-content\/uploads\/2026\/03\/A3_Raffle_EN-216x300.jpg 216w, https:\/\/polskipatchwork.pl\/wp-content\/uploads\/2026\/03\/A3_Raffle_EN-768x1067.jpg 768w, https:\/\/polskipatchwork.pl\/wp-content\/uploads\/2026\/03\/A3_Raffle_EN-1105x1536.jpg 1105w, https:\/\/polskipatchwork.pl\/wp-content\/uploads\/2026\/03\/A3_Raffle_EN.jpg 1194w\" sizes=\"(max-width: 737px) 100vw, 737px\" \/><br \/>\nW roku ubieg\u0142ym na 30. jubileuszowej wystawie <strong>Carrefour Europ\u00e9en du Patchwork<\/strong> mogli\u015bmy obejrze\u0107 ponad 30 patchworkowych wystaw w 4 lokalizacjach w dolinie Val d&#8217;Argent. Zainteresowani kursami mogli pog\u0142\u0119bi\u0107 swoje umiej\u0119tno\u015bci pod okiem mi\u0119dzynarodowych instruktorek i instruktor\u00f3w. Dla ch\u0119tnych powi\u0119kszenia swojej kolekcji tkanin i przydasi\u00f3w przygotowano szerok\u0105 ofert\u0119, kt\u00f3rej trudno by\u0142o si\u0119 oprze\u0107. Zapewniamy, \u017ce w tym roku b\u0119dzie r\u00f3wnie ciekawie.<br \/>\nDlatego z przyjemno\u015bci\u0105 zach\u0119camy cz\u0142onk\u00f3w SPP do wzi\u0119cia udzia\u0142u w specjalnej loterii, w kt\u00f3rej do wygrania jest 4 dniowy karnet o warto\u015bci 40\u20ac, uprawniaj\u0105cy do wej\u015bcia na wszystkie wystawy podczas 31. Carrefour Europ\u00e9en du Patchwork!<br \/>\nNa zamieszczonym powy\u017cej plakacie zeskanujcie kod QR i do 31 maja br. wy\u015blijcie swoje zg\u0142oszenie. Tym razem szcz\u0119\u015bcie mo\u017ce u\u015bmiechn\u0105\u0107 si\u0119 do Was!<\/p>\n<p><u>Kilka wa\u017cnych informacji: <\/u><br \/>\n\u2022 Jeden udzia\u0142 na cz\u0142onka<br \/>\n\u2022 Zwyci\u0119zcy zostan\u0105 powiadomieni e-mailem<br \/>\n\u2022 Karnety nie podlegaj\u0105 wymianie na got\u00f3wk\u0119 ani bilety na przysz\u0142e wydarzenia<br \/>\n\u2022 W razie potrzeby zwyci\u0119zcy mog\u0105 przekaza\u0107 sw\u00f3j karnet innemu cz\u0142onkowi stowarzyszenia (po uprzednim powiadomieniu organizatora)<br \/>\n\u2022 Nieodebrane karnety po up\u0142ywie 1 miesi\u0105ca zostan\u0105 anulowane<\/p>\n<p>W razie pyta\u0144 prosimy o kontakt z przedstawicielk\u0105 do EQA <strong>eqa@polskipatchwork.pl<\/strong>  lub wys\u0142anie wiadomo\u015bci e-mail na adres: <strong>exposition@patchwork-europe.eu <\/strong><\/p>\n<p>Podczas wydarzenia poznamy zwyci\u0119zc\u00f3w konkursu \u201eHabitat\u201d oraz konkursu\u201dForests\u201d dla grup wiekowych: 5-9 lat, 10-13 lat, 14-18 lat oraz 19-25 lat.<br \/>\n<a href=\"https:\/\/patchwork-europe.eu\/le-concours-international-habitat\/\"><img src=\"http:\/\/polskipatchwork.pl\/wp-content\/uploads\/2025\/12\/Bandeau_habitat_600x150px-01.jpg\" alt=\"Habitat\"><\/a><\/p>\n<p><strong>Regulamin \u201eHabitat\u201d <\/strong><a href=\"https:\/\/patchwork-europe.eu\/wp-content\/uploads\/2025\/10\/Reglement-HABITAT-_-EN_compressed.pdf\" target=\"_blank\" rel=\"noopener\"><span style='color:red;'><strong>KLIK<\/strong><\/span><\/a><br \/>\n<a href=\"https:\/\/patchwork-europe.eu\/le-challenge-5-25-forets\/\"><img src=\"http:\/\/polskipatchwork.pl\/wp-content\/uploads\/2025\/12\/Bandeaux_toutes_langues_600x150-01.jpg\" alt=Forests\"><\/a><\/p>\n<p><strong>Regulamin \u201eForests\u201d <\/strong><a href=\"https:\/\/patchwork-europe.eu\/wp-content\/uploads\/2025\/10\/Contests-rules-Forests-2026-EN.pdf\" target=\"_blank\" rel=\"noopener\"><span style='color:red;'><strong>KLIK<\/strong><\/span><\/a><br \/>\nJest jeszcze czas na zg\u0142oszenie do udzia\u0142u w konkursie! <a href=\"https:\/\/patchwork-europe.eu\/en\/the-contests\" target=\"_blank\" rel=\"noopener\"><span style='color:red;'><strong>KLIK<\/strong><\/span><\/a><br \/>\nWystawa European Quilt Association, kt\u00f3rej SPP jest cz\u0142onkiem, w tym roku zaprowadzi nas do \u201eFantastycznego \u015bwiata owad\u00f3w\u201d oczywi\u015bcie z udzia\u0142em polskich quilterek.<br \/>\nNa zach\u0119t\u0119 kilka zdj\u0119\u0107 z ubieg\u0142orocznej wystawy.<br \/>\n\n\t\t<style type=\"text\/css\">\n\t\t\t#gallery-1 {\n\t\t\t\tmargin: auto;\n\t\t\t}\n\t\t\t#gallery-1 .gallery-item {\n\t\t\t\tfloat: left;\n\t\t\t\tmargin-top: 10px;\n\t\t\t\ttext-align: center;\n\t\t\t\twidth: 25%;\n\t\t\t}\n\t\t\t#gallery-1 img {\n\t\t\t\tborder: 2px solid #cfcfcf;\n\t\t\t}\n\t\t\t#gallery-1 .gallery-caption {\n\t\t\t\tmargin-left: 0;\n\t\t\t}\n\t\t\t\/* see gallery_shortcode() in wp-includes\/media.php *\/\n\t\t<\/style>\n\t\t<div data-carousel-extra='{\"blog_id\":1,\"permalink\":\"https:\\\/\\\/polskipatchwork.pl\\\/index.php\\\/2026\\\/03\\\/30\\\/a-moze-patchworkowy-wrzesien-w-alzacji\\\/\"}' id='gallery-1' class='gallery galleryid-7493 gallery-columns-4 gallery-size-thumbnail'><dl class='gallery-item'>\n\t\t\t<dt class='gallery-icon portrait'>\n\t\t\t\t<a href='https:\/\/polskipatchwork.pl\/11-3\/'><img width=\"150\" height=\"150\" src=\"https:\/\/polskipatchwork.pl\/wp-content\/uploads\/2026\/03\/11-150x150.jpg\" class=\"attachment-thumbnail size-thumbnail\" alt=\"\" loading=\"lazy\" srcset=\"https:\/\/polskipatchwork.pl\/wp-content\/uploads\/2026\/03\/11-150x150.jpg 150w, https:\/\/polskipatchwork.pl\/wp-content\/uploads\/2026\/03\/11-160x160.jpg 160w, https:\/\/polskipatchwork.pl\/wp-content\/uploads\/2026\/03\/11-320x320.jpg 320w\" sizes=\"(max-width: 150px) 100vw, 150px\" data-attachment-id=\"7502\" data-permalink=\"https:\/\/polskipatchwork.pl\/11-3\/\" data-orig-file=\"https:\/\/polskipatchwork.pl\/wp-content\/uploads\/2026\/03\/11-scaled.jpg\" data-orig-size=\"1920,2560\" data-comments-opened=\"0\" data-image-meta=\"{&quot;aperture&quot;:&quot;1.8&quot;,&quot;credit&quot;:&quot;&quot;,&quot;camera&quot;:&quot;SM-A528B&quot;,&quot;caption&quot;:&quot;&quot;,&quot;created_timestamp&quot;:&quot;1758290144&quot;,&quot;copyright&quot;:&quot;&quot;,&quot;focal_length&quot;:&quot;5.23&quot;,&quot;iso&quot;:&quot;200&quot;,&quot;shutter_speed&quot;:&quot;0.02&quot;,&quot;title&quot;:&quot;&quot;,&quot;orientation&quot;:&quot;1&quot;}\" data-image-title=\"11\" data-image-description=\"\" data-medium-file=\"https:\/\/polskipatchwork.pl\/wp-content\/uploads\/2026\/03\/11-225x300.jpg\" data-large-file=\"https:\/\/polskipatchwork.pl\/wp-content\/uploads\/2026\/03\/11-768x1024.jpg\" \/><\/a>\n\t\t\t<\/dt><\/dl><dl class='gallery-item'>\n\t\t\t<dt class='gallery-icon portrait'>\n\t\t\t\t<a href='https:\/\/polskipatchwork.pl\/19-2\/'><img width=\"150\" height=\"150\" src=\"https:\/\/polskipatchwork.pl\/wp-content\/uploads\/2026\/03\/19-150x150.jpg\" class=\"attachment-thumbnail size-thumbnail\" alt=\"\" loading=\"lazy\" srcset=\"https:\/\/polskipatchwork.pl\/wp-content\/uploads\/2026\/03\/19-150x150.jpg 150w, https:\/\/polskipatchwork.pl\/wp-content\/uploads\/2026\/03\/19-160x160.jpg 160w, https:\/\/polskipatchwork.pl\/wp-content\/uploads\/2026\/03\/19-320x320.jpg 320w\" sizes=\"(max-width: 150px) 100vw, 150px\" data-attachment-id=\"7506\" data-permalink=\"https:\/\/polskipatchwork.pl\/19-2\/\" data-orig-file=\"https:\/\/polskipatchwork.pl\/wp-content\/uploads\/2026\/03\/19-scaled.jpg\" data-orig-size=\"1920,2560\" data-comments-opened=\"0\" data-image-meta=\"{&quot;aperture&quot;:&quot;1.8&quot;,&quot;credit&quot;:&quot;&quot;,&quot;camera&quot;:&quot;SM-A528B&quot;,&quot;caption&quot;:&quot;&quot;,&quot;created_timestamp&quot;:&quot;1758299853&quot;,&quot;copyright&quot;:&quot;&quot;,&quot;focal_length&quot;:&quot;5.23&quot;,&quot;iso&quot;:&quot;64&quot;,&quot;shutter_speed&quot;:&quot;0.01&quot;,&quot;title&quot;:&quot;&quot;,&quot;orientation&quot;:&quot;1&quot;}\" data-image-title=\"19\" data-image-description=\"\" data-medium-file=\"https:\/\/polskipatchwork.pl\/wp-content\/uploads\/2026\/03\/19-225x300.jpg\" data-large-file=\"https:\/\/polskipatchwork.pl\/wp-content\/uploads\/2026\/03\/19-768x1024.jpg\" \/><\/a>\n\t\t\t<\/dt><\/dl><dl class='gallery-item'>\n\t\t\t<dt class='gallery-icon portrait'>\n\t\t\t\t<a href='https:\/\/polskipatchwork.pl\/13-3\/'><img width=\"150\" height=\"150\" src=\"https:\/\/polskipatchwork.pl\/wp-content\/uploads\/2026\/03\/13-150x150.jpg\" class=\"attachment-thumbnail size-thumbnail\" alt=\"\" loading=\"lazy\" srcset=\"https:\/\/polskipatchwork.pl\/wp-content\/uploads\/2026\/03\/13-150x150.jpg 150w, https:\/\/polskipatchwork.pl\/wp-content\/uploads\/2026\/03\/13-160x160.jpg 160w, https:\/\/polskipatchwork.pl\/wp-content\/uploads\/2026\/03\/13-320x320.jpg 320w\" sizes=\"(max-width: 150px) 100vw, 150px\" data-attachment-id=\"7503\" data-permalink=\"https:\/\/polskipatchwork.pl\/13-3\/\" data-orig-file=\"https:\/\/polskipatchwork.pl\/wp-content\/uploads\/2026\/03\/13-scaled.jpg\" data-orig-size=\"1920,2560\" data-comments-opened=\"0\" data-image-meta=\"{&quot;aperture&quot;:&quot;1.8&quot;,&quot;credit&quot;:&quot;&quot;,&quot;camera&quot;:&quot;SM-A528B&quot;,&quot;caption&quot;:&quot;&quot;,&quot;created_timestamp&quot;:&quot;1758291348&quot;,&quot;copyright&quot;:&quot;&quot;,&quot;focal_length&quot;:&quot;5.23&quot;,&quot;iso&quot;:&quot;80&quot;,&quot;shutter_speed&quot;:&quot;0.01&quot;,&quot;title&quot;:&quot;&quot;,&quot;orientation&quot;:&quot;1&quot;}\" data-image-title=\"13\" data-image-description=\"\" data-medium-file=\"https:\/\/polskipatchwork.pl\/wp-content\/uploads\/2026\/03\/13-225x300.jpg\" data-large-file=\"https:\/\/polskipatchwork.pl\/wp-content\/uploads\/2026\/03\/13-768x1024.jpg\" \/><\/a>\n\t\t\t<\/dt><\/dl><dl class='gallery-item'>\n\t\t\t<dt class='gallery-icon portrait'>\n\t\t\t\t<a href='https:\/\/polskipatchwork.pl\/21-2\/'><img width=\"150\" height=\"150\" src=\"https:\/\/polskipatchwork.pl\/wp-content\/uploads\/2026\/03\/21-150x150.jpg\" class=\"attachment-thumbnail size-thumbnail\" alt=\"\" loading=\"lazy\" srcset=\"https:\/\/polskipatchwork.pl\/wp-content\/uploads\/2026\/03\/21-150x150.jpg 150w, https:\/\/polskipatchwork.pl\/wp-content\/uploads\/2026\/03\/21-160x160.jpg 160w, https:\/\/polskipatchwork.pl\/wp-content\/uploads\/2026\/03\/21-320x320.jpg 320w\" sizes=\"(max-width: 150px) 100vw, 150px\" data-attachment-id=\"7508\" data-permalink=\"https:\/\/polskipatchwork.pl\/21-2\/\" data-orig-file=\"https:\/\/polskipatchwork.pl\/wp-content\/uploads\/2026\/03\/21-scaled.jpg\" data-orig-size=\"1920,2560\" data-comments-opened=\"0\" data-image-meta=\"{&quot;aperture&quot;:&quot;1.8&quot;,&quot;credit&quot;:&quot;&quot;,&quot;camera&quot;:&quot;SM-A528B&quot;,&quot;caption&quot;:&quot;&quot;,&quot;created_timestamp&quot;:&quot;1758299577&quot;,&quot;copyright&quot;:&quot;&quot;,&quot;focal_length&quot;:&quot;5.23&quot;,&quot;iso&quot;:&quot;32&quot;,&quot;shutter_speed&quot;:&quot;0.02&quot;,&quot;title&quot;:&quot;&quot;,&quot;orientation&quot;:&quot;1&quot;}\" data-image-title=\"21\" data-image-description=\"\" data-medium-file=\"https:\/\/polskipatchwork.pl\/wp-content\/uploads\/2026\/03\/21-225x300.jpg\" data-large-file=\"https:\/\/polskipatchwork.pl\/wp-content\/uploads\/2026\/03\/21-768x1024.jpg\" \/><\/a>\n\t\t\t<\/dt><\/dl><br style=\"clear: both\" \/>\n\t\t<\/div>\n<\/p>\n\n\t\t<style type=\"text\/css\">\n\t\t\t#gallery-2 {\n\t\t\t\tmargin: auto;\n\t\t\t}\n\t\t\t#gallery-2 .gallery-item {\n\t\t\t\tfloat: left;\n\t\t\t\tmargin-top: 10px;\n\t\t\t\ttext-align: center;\n\t\t\t\twidth: 25%;\n\t\t\t}\n\t\t\t#gallery-2 img {\n\t\t\t\tborder: 2px solid #cfcfcf;\n\t\t\t}\n\t\t\t#gallery-2 .gallery-caption {\n\t\t\t\tmargin-left: 0;\n\t\t\t}\n\t\t\t\/* see gallery_shortcode() in wp-includes\/media.php *\/\n\t\t<\/style>\n\t\t<div data-carousel-extra='{\"blog_id\":1,\"permalink\":\"https:\\\/\\\/polskipatchwork.pl\\\/index.php\\\/2026\\\/03\\\/30\\\/a-moze-patchworkowy-wrzesien-w-alzacji\\\/\"}' id='gallery-2' class='gallery galleryid-7493 gallery-columns-4 gallery-size-thumbnail'><dl class='gallery-item'>\n\t\t\t<dt class='gallery-icon portrait'>\n\t\t\t\t<a href='https:\/\/polskipatchwork.pl\/5-3\/'><img width=\"150\" height=\"150\" src=\"https:\/\/polskipatchwork.pl\/wp-content\/uploads\/2026\/03\/5-150x150.jpg\" class=\"attachment-thumbnail size-thumbnail\" alt=\"\" loading=\"lazy\" srcset=\"https:\/\/polskipatchwork.pl\/wp-content\/uploads\/2026\/03\/5-150x150.jpg 150w, https:\/\/polskipatchwork.pl\/wp-content\/uploads\/2026\/03\/5-160x160.jpg 160w, https:\/\/polskipatchwork.pl\/wp-content\/uploads\/2026\/03\/5-320x320.jpg 320w\" sizes=\"(max-width: 150px) 100vw, 150px\" data-attachment-id=\"7499\" data-permalink=\"https:\/\/polskipatchwork.pl\/5-3\/\" data-orig-file=\"https:\/\/polskipatchwork.pl\/wp-content\/uploads\/2026\/03\/5-scaled.jpg\" data-orig-size=\"1920,2560\" data-comments-opened=\"0\" data-image-meta=\"{&quot;aperture&quot;:&quot;1.8&quot;,&quot;credit&quot;:&quot;&quot;,&quot;camera&quot;:&quot;SM-A528B&quot;,&quot;caption&quot;:&quot;&quot;,&quot;created_timestamp&quot;:&quot;1758200360&quot;,&quot;copyright&quot;:&quot;&quot;,&quot;focal_length&quot;:&quot;5.23&quot;,&quot;iso&quot;:&quot;50&quot;,&quot;shutter_speed&quot;:&quot;0.02&quot;,&quot;title&quot;:&quot;&quot;,&quot;orientation&quot;:&quot;1&quot;}\" data-image-title=\"5\" data-image-description=\"\" data-medium-file=\"https:\/\/polskipatchwork.pl\/wp-content\/uploads\/2026\/03\/5-225x300.jpg\" data-large-file=\"https:\/\/polskipatchwork.pl\/wp-content\/uploads\/2026\/03\/5-768x1024.jpg\" \/><\/a>\n\t\t\t<\/dt><\/dl><dl class='gallery-item'>\n\t\t\t<dt class='gallery-icon portrait'>\n\t\t\t\t<a href='https:\/\/polskipatchwork.pl\/4-3\/'><img width=\"150\" height=\"150\" src=\"https:\/\/polskipatchwork.pl\/wp-content\/uploads\/2026\/03\/4-150x150.jpg\" class=\"attachment-thumbnail size-thumbnail\" alt=\"\" loading=\"lazy\" srcset=\"https:\/\/polskipatchwork.pl\/wp-content\/uploads\/2026\/03\/4-150x150.jpg 150w, https:\/\/polskipatchwork.pl\/wp-content\/uploads\/2026\/03\/4-160x160.jpg 160w, https:\/\/polskipatchwork.pl\/wp-content\/uploads\/2026\/03\/4-320x320.jpg 320w\" sizes=\"(max-width: 150px) 100vw, 150px\" data-attachment-id=\"7498\" data-permalink=\"https:\/\/polskipatchwork.pl\/4-3\/\" data-orig-file=\"https:\/\/polskipatchwork.pl\/wp-content\/uploads\/2026\/03\/4-scaled.jpg\" data-orig-size=\"1920,2560\" data-comments-opened=\"0\" data-image-meta=\"{&quot;aperture&quot;:&quot;1.8&quot;,&quot;credit&quot;:&quot;&quot;,&quot;camera&quot;:&quot;SM-A528B&quot;,&quot;caption&quot;:&quot;&quot;,&quot;created_timestamp&quot;:&quot;1758200284&quot;,&quot;copyright&quot;:&quot;&quot;,&quot;focal_length&quot;:&quot;5.23&quot;,&quot;iso&quot;:&quot;100&quot;,&quot;shutter_speed&quot;:&quot;0.02&quot;,&quot;title&quot;:&quot;&quot;,&quot;orientation&quot;:&quot;1&quot;}\" data-image-title=\"4\" data-image-description=\"\" data-medium-file=\"https:\/\/polskipatchwork.pl\/wp-content\/uploads\/2026\/03\/4-225x300.jpg\" data-large-file=\"https:\/\/polskipatchwork.pl\/wp-content\/uploads\/2026\/03\/4-768x1024.jpg\" \/><\/a>\n\t\t\t<\/dt><\/dl><dl class='gallery-item'>\n\t\t\t<dt class='gallery-icon portrait'>\n\t\t\t\t<a href='https:\/\/polskipatchwork.pl\/7-4\/'><img width=\"150\" height=\"150\" src=\"https:\/\/polskipatchwork.pl\/wp-content\/uploads\/2026\/03\/7-150x150.jpg\" class=\"attachment-thumbnail size-thumbnail\" alt=\"\" loading=\"lazy\" srcset=\"https:\/\/polskipatchwork.pl\/wp-content\/uploads\/2026\/03\/7-150x150.jpg 150w, https:\/\/polskipatchwork.pl\/wp-content\/uploads\/2026\/03\/7-160x160.jpg 160w, https:\/\/polskipatchwork.pl\/wp-content\/uploads\/2026\/03\/7-320x320.jpg 320w\" sizes=\"(max-width: 150px) 100vw, 150px\" data-attachment-id=\"7501\" data-permalink=\"https:\/\/polskipatchwork.pl\/7-4\/\" data-orig-file=\"https:\/\/polskipatchwork.pl\/wp-content\/uploads\/2026\/03\/7-scaled.jpg\" data-orig-size=\"1920,2560\" data-comments-opened=\"0\" data-image-meta=\"{&quot;aperture&quot;:&quot;1.8&quot;,&quot;credit&quot;:&quot;&quot;,&quot;camera&quot;:&quot;SM-A528B&quot;,&quot;caption&quot;:&quot;&quot;,&quot;created_timestamp&quot;:&quot;1758200341&quot;,&quot;copyright&quot;:&quot;&quot;,&quot;focal_length&quot;:&quot;5.23&quot;,&quot;iso&quot;:&quot;50&quot;,&quot;shutter_speed&quot;:&quot;0.02&quot;,&quot;title&quot;:&quot;&quot;,&quot;orientation&quot;:&quot;1&quot;}\" data-image-title=\"7\" data-image-description=\"\" data-medium-file=\"https:\/\/polskipatchwork.pl\/wp-content\/uploads\/2026\/03\/7-225x300.jpg\" data-large-file=\"https:\/\/polskipatchwork.pl\/wp-content\/uploads\/2026\/03\/7-768x1024.jpg\" \/><\/a>\n\t\t\t<\/dt><\/dl><dl class='gallery-item'>\n\t\t\t<dt class='gallery-icon portrait'>\n\t\t\t\t<a href='https:\/\/polskipatchwork.pl\/6-3\/'><img width=\"150\" height=\"150\" src=\"https:\/\/polskipatchwork.pl\/wp-content\/uploads\/2026\/03\/6-150x150.jpg\" class=\"attachment-thumbnail size-thumbnail\" alt=\"\" loading=\"lazy\" srcset=\"https:\/\/polskipatchwork.pl\/wp-content\/uploads\/2026\/03\/6-150x150.jpg 150w, https:\/\/polskipatchwork.pl\/wp-content\/uploads\/2026\/03\/6-160x160.jpg 160w, https:\/\/polskipatchwork.pl\/wp-content\/uploads\/2026\/03\/6-320x320.jpg 320w\" sizes=\"(max-width: 150px) 100vw, 150px\" data-attachment-id=\"7500\" data-permalink=\"https:\/\/polskipatchwork.pl\/6-3\/\" data-orig-file=\"https:\/\/polskipatchwork.pl\/wp-content\/uploads\/2026\/03\/6-scaled.jpg\" data-orig-size=\"1920,2560\" data-comments-opened=\"0\" data-image-meta=\"{&quot;aperture&quot;:&quot;1.8&quot;,&quot;credit&quot;:&quot;&quot;,&quot;camera&quot;:&quot;SM-A528B&quot;,&quot;caption&quot;:&quot;&quot;,&quot;created_timestamp&quot;:&quot;1758200329&quot;,&quot;copyright&quot;:&quot;&quot;,&quot;focal_length&quot;:&quot;5.23&quot;,&quot;iso&quot;:&quot;160&quot;,&quot;shutter_speed&quot;:&quot;0.01&quot;,&quot;title&quot;:&quot;&quot;,&quot;orientation&quot;:&quot;1&quot;}\" data-image-title=\"6\" data-image-description=\"\" data-medium-file=\"https:\/\/polskipatchwork.pl\/wp-content\/uploads\/2026\/03\/6-225x300.jpg\" data-large-file=\"https:\/\/polskipatchwork.pl\/wp-content\/uploads\/2026\/03\/6-768x1024.jpg\" \/><\/a>\n\t\t\t<\/dt><\/dl><br style=\"clear: both\" \/>\n\t\t<\/div>\n\n\n\t\t<style type=\"text\/css\">\n\t\t\t#gallery-3 {\n\t\t\t\tmargin: auto;\n\t\t\t}\n\t\t\t#gallery-3 .gallery-item {\n\t\t\t\tfloat: left;\n\t\t\t\tmargin-top: 10px;\n\t\t\t\ttext-align: center;\n\t\t\t\twidth: 25%;\n\t\t\t}\n\t\t\t#gallery-3 img {\n\t\t\t\tborder: 2px solid #cfcfcf;\n\t\t\t}\n\t\t\t#gallery-3 .gallery-caption {\n\t\t\t\tmargin-left: 0;\n\t\t\t}\n\t\t\t\/* see gallery_shortcode() in wp-includes\/media.php *\/\n\t\t<\/style>\n\t\t<div data-carousel-extra='{\"blog_id\":1,\"permalink\":\"https:\\\/\\\/polskipatchwork.pl\\\/index.php\\\/2026\\\/03\\\/30\\\/a-moze-patchworkowy-wrzesien-w-alzacji\\\/\"}' id='gallery-3' class='gallery galleryid-7493 gallery-columns-4 gallery-size-thumbnail'><dl class='gallery-item'>\n\t\t\t<dt class='gallery-icon portrait'>\n\t\t\t\t<a href='https:\/\/polskipatchwork.pl\/20-2\/'><img width=\"150\" height=\"150\" src=\"https:\/\/polskipatchwork.pl\/wp-content\/uploads\/2026\/03\/20-150x150.jpg\" class=\"attachment-thumbnail size-thumbnail\" alt=\"\" loading=\"lazy\" srcset=\"https:\/\/polskipatchwork.pl\/wp-content\/uploads\/2026\/03\/20-150x150.jpg 150w, https:\/\/polskipatchwork.pl\/wp-content\/uploads\/2026\/03\/20-160x160.jpg 160w, https:\/\/polskipatchwork.pl\/wp-content\/uploads\/2026\/03\/20-320x320.jpg 320w\" sizes=\"(max-width: 150px) 100vw, 150px\" data-attachment-id=\"7507\" data-permalink=\"https:\/\/polskipatchwork.pl\/20-2\/\" data-orig-file=\"https:\/\/polskipatchwork.pl\/wp-content\/uploads\/2026\/03\/20-scaled.jpg\" data-orig-size=\"1920,2560\" data-comments-opened=\"0\" data-image-meta=\"{&quot;aperture&quot;:&quot;1.8&quot;,&quot;credit&quot;:&quot;&quot;,&quot;camera&quot;:&quot;SM-A528B&quot;,&quot;caption&quot;:&quot;&quot;,&quot;created_timestamp&quot;:&quot;1758299617&quot;,&quot;copyright&quot;:&quot;&quot;,&quot;focal_length&quot;:&quot;5.23&quot;,&quot;iso&quot;:&quot;40&quot;,&quot;shutter_speed&quot;:&quot;0.02&quot;,&quot;title&quot;:&quot;&quot;,&quot;orientation&quot;:&quot;1&quot;}\" data-image-title=\"20\" data-image-description=\"\" data-medium-file=\"https:\/\/polskipatchwork.pl\/wp-content\/uploads\/2026\/03\/20-225x300.jpg\" data-large-file=\"https:\/\/polskipatchwork.pl\/wp-content\/uploads\/2026\/03\/20-768x1024.jpg\" \/><\/a>\n\t\t\t<\/dt><\/dl><dl class='gallery-item'>\n\t\t\t<dt class='gallery-icon portrait'>\n\t\t\t\t<a href='https:\/\/polskipatchwork.pl\/15-3\/'><img width=\"150\" height=\"150\" src=\"https:\/\/polskipatchwork.pl\/wp-content\/uploads\/2026\/03\/15-150x150.jpg\" class=\"attachment-thumbnail size-thumbnail\" alt=\"\" loading=\"lazy\" srcset=\"https:\/\/polskipatchwork.pl\/wp-content\/uploads\/2026\/03\/15-150x150.jpg 150w, https:\/\/polskipatchwork.pl\/wp-content\/uploads\/2026\/03\/15-160x160.jpg 160w, https:\/\/polskipatchwork.pl\/wp-content\/uploads\/2026\/03\/15-320x320.jpg 320w\" sizes=\"(max-width: 150px) 100vw, 150px\" data-attachment-id=\"7504\" data-permalink=\"https:\/\/polskipatchwork.pl\/15-3\/\" data-orig-file=\"https:\/\/polskipatchwork.pl\/wp-content\/uploads\/2026\/03\/15-scaled.jpg\" data-orig-size=\"1920,2560\" data-comments-opened=\"0\" data-image-meta=\"{&quot;aperture&quot;:&quot;1.8&quot;,&quot;credit&quot;:&quot;&quot;,&quot;camera&quot;:&quot;SM-A528B&quot;,&quot;caption&quot;:&quot;&quot;,&quot;created_timestamp&quot;:&quot;1758291449&quot;,&quot;copyright&quot;:&quot;&quot;,&quot;focal_length&quot;:&quot;5.23&quot;,&quot;iso&quot;:&quot;25&quot;,&quot;shutter_speed&quot;:&quot;0.02&quot;,&quot;title&quot;:&quot;&quot;,&quot;orientation&quot;:&quot;1&quot;}\" data-image-title=\"15\" data-image-description=\"\" data-medium-file=\"https:\/\/polskipatchwork.pl\/wp-content\/uploads\/2026\/03\/15-225x300.jpg\" data-large-file=\"https:\/\/polskipatchwork.pl\/wp-content\/uploads\/2026\/03\/15-768x1024.jpg\" \/><\/a>\n\t\t\t<\/dt><\/dl><dl class='gallery-item'>\n\t\t\t<dt class='gallery-icon portrait'>\n\t\t\t\t<a href='https:\/\/polskipatchwork.pl\/16-2\/'><img width=\"150\" height=\"150\" src=\"https:\/\/polskipatchwork.pl\/wp-content\/uploads\/2026\/03\/16-150x150.jpg\" class=\"attachment-thumbnail size-thumbnail\" alt=\"\" loading=\"lazy\" srcset=\"https:\/\/polskipatchwork.pl\/wp-content\/uploads\/2026\/03\/16-150x150.jpg 150w, https:\/\/polskipatchwork.pl\/wp-content\/uploads\/2026\/03\/16-160x160.jpg 160w, https:\/\/polskipatchwork.pl\/wp-content\/uploads\/2026\/03\/16-320x320.jpg 320w\" sizes=\"(max-width: 150px) 100vw, 150px\" data-attachment-id=\"7505\" data-permalink=\"https:\/\/polskipatchwork.pl\/16-2\/\" data-orig-file=\"https:\/\/polskipatchwork.pl\/wp-content\/uploads\/2026\/03\/16-scaled.jpg\" data-orig-size=\"1920,2560\" data-comments-opened=\"0\" data-image-meta=\"{&quot;aperture&quot;:&quot;1.8&quot;,&quot;credit&quot;:&quot;&quot;,&quot;camera&quot;:&quot;SM-A528B&quot;,&quot;caption&quot;:&quot;&quot;,&quot;created_timestamp&quot;:&quot;1758291975&quot;,&quot;copyright&quot;:&quot;&quot;,&quot;focal_length&quot;:&quot;5.23&quot;,&quot;iso&quot;:&quot;50&quot;,&quot;shutter_speed&quot;:&quot;0.01&quot;,&quot;title&quot;:&quot;&quot;,&quot;orientation&quot;:&quot;1&quot;}\" data-image-title=\"16\" data-image-description=\"\" data-medium-file=\"https:\/\/polskipatchwork.pl\/wp-content\/uploads\/2026\/03\/16-225x300.jpg\" data-large-file=\"https:\/\/polskipatchwork.pl\/wp-content\/uploads\/2026\/03\/16-768x1024.jpg\" \/><\/a>\n\t\t\t<\/dt><\/dl><dl class='gallery-item'>\n\t\t\t<dt class='gallery-icon portrait'>\n\t\t\t\t<a href='https:\/\/polskipatchwork.pl\/22-2\/'><img width=\"150\" height=\"150\" src=\"https:\/\/polskipatchwork.pl\/wp-content\/uploads\/2026\/03\/22-150x150.jpg\" class=\"attachment-thumbnail size-thumbnail\" alt=\"\" loading=\"lazy\" srcset=\"https:\/\/polskipatchwork.pl\/wp-content\/uploads\/2026\/03\/22-150x150.jpg 150w, https:\/\/polskipatchwork.pl\/wp-content\/uploads\/2026\/03\/22-160x160.jpg 160w, https:\/\/polskipatchwork.pl\/wp-content\/uploads\/2026\/03\/22-320x320.jpg 320w\" sizes=\"(max-width: 150px) 100vw, 150px\" data-attachment-id=\"7497\" data-permalink=\"https:\/\/polskipatchwork.pl\/22-2\/\" data-orig-file=\"https:\/\/polskipatchwork.pl\/wp-content\/uploads\/2026\/03\/22-scaled.jpg\" data-orig-size=\"1920,2560\" data-comments-opened=\"0\" data-image-meta=\"{&quot;aperture&quot;:&quot;1.8&quot;,&quot;credit&quot;:&quot;&quot;,&quot;camera&quot;:&quot;SM-A528B&quot;,&quot;caption&quot;:&quot;&quot;,&quot;created_timestamp&quot;:&quot;1758299867&quot;,&quot;copyright&quot;:&quot;&quot;,&quot;focal_length&quot;:&quot;5.23&quot;,&quot;iso&quot;:&quot;25&quot;,&quot;shutter_speed&quot;:&quot;0.02&quot;,&quot;title&quot;:&quot;&quot;,&quot;orientation&quot;:&quot;1&quot;}\" data-image-title=\"22\" data-image-description=\"\" data-medium-file=\"https:\/\/polskipatchwork.pl\/wp-content\/uploads\/2026\/03\/22-225x300.jpg\" data-large-file=\"https:\/\/polskipatchwork.pl\/wp-content\/uploads\/2026\/03\/22-768x1024.jpg\" \/><\/a>\n\t\t\t<\/dt><\/dl><br style=\"clear: both\" \/>\n\t\t<\/div>\n\n","protected":false},"excerpt":{"rendered":"<p>W roku ubieg\u0142ym na 30. jubileuszowej wystawie Carrefour Europ\u00e9en du Patchwork mogli\u015bmy obejrze\u0107 ponad 30 patchworkowych wystaw w 4 lokalizacjach w dolinie Val d&#8217;Argent. Zainteresowani kursami mogli pog\u0142\u0119bi\u0107 swoje umiej\u0119tno\u015bci pod okiem mi\u0119dzynarodowych instruktorek&#46;&#46;&#46;<\/p>\n","protected":false},"author":6,"featured_media":7492,"comment_status":"closed","ping_status":"open","sticky":false,"template":"","format":"standard","meta":{"_monsterinsights_skip_tracking":false,"_monsterinsights_sitenote_active":false,"_monsterinsights_sitenote_note":"","_monsterinsights_sitenote_category":0,"spay_email":"","jetpack_publicize_message":"","jetpack_is_tweetstorm":false},"categories":[1,14,77,79,10],"tags":[],"jetpack_featured_media_url":"https:\/\/polskipatchwork.pl\/wp-content\/uploads\/2026\/03\/A3_Raffle_EN.jpg","jetpack_publicize_connections":[],"jetpack-related-posts":[{"id":6670,"url":"https:\/\/polskipatchwork.pl\/index.php\/2023\/10\/11\/prace-polskich-artystek-na-festiwalu-carrefour-europeen-du-patchwork\/","url_meta":{"origin":7493,"position":0},"title":"Prace polskich artystek na festiwalu Carrefour Europeen du Patchwork","date":"11 pa\u017adziernika 2023","format":false,"excerpt":"Carrefour Europeen du Patchwork w Sainte Marie aux Mines we Francji to nie tylko najwi\u0119kszy i najbardziej presti\u017cowy festiwal patchworku w Europie, ale tak\u017ce okazja do spotkania i wymiany do\u015bwiadcze\u0144 z mi\u0142o\u015bnikami tej sztuki z r\u00f3\u017cnych kraj\u00f3w i kultur. Spo\u015br\u00f3d mn\u00f3stwa prac zg\u0142oszonych przez tw\u00f3rc\u00f3w z wielu pa\u0144stw i kontynent\u00f3w,\u2026","rel":"","context":"In &quot;Aktualno\u015bci&quot;","img":{"alt_text":"","src":"https:\/\/i2.wp.com\/polskipatchwork.pl\/wp-content\/uploads\/2023\/10\/Border-211x300.jpg?resize=350%2C200","width":350,"height":200},"classes":[]},{"id":984,"url":"https:\/\/polskipatchwork.pl\/index.php\/2016\/06\/21\/22eme-carrefour-europeen-du-patchwork-sainte-marie-aux-mines\/","url_meta":{"origin":7493,"position":1},"title":"22\u00e8me Carrefour Europ\u00e9en du Patchwork - Sainte Marie aux Mines","date":"21 czerwca 2016","format":false,"excerpt":"W ramach 22 ju\u017c edycji European Patchork Meeting organizowany jest konkurs \"The Magic of Colour\" - Magia Koloru. 2 lipca o p\u00f3\u0142nocy up\u0142ywa termin zg\u0142aszania prac - zosta\u0142o zatem jeszcze kilka dni, \u017ceby rzutem na ta\u015bm\u0119 stan\u0105\u0107 w konkursowe szranki ;) Stworzy\u0142y\u015bcie tak pi\u0119kne prace w naszym k\u00f3\u0142kowym konkursie, \u017ce.......\u2026","rel":"","context":"In &quot;Aktualno\u015bci&quot;","img":{"alt_text":"","src":"https:\/\/i0.wp.com\/polskipatchwork.pl\/wp-content\/uploads\/2016\/06\/bandeauFacebookCEP_2016.jpg?resize=350%2C200&ssl=1","width":350,"height":200},"classes":[]},{"id":7010,"url":"https:\/\/polskipatchwork.pl\/index.php\/2024\/10\/30\/spontaniczna-wystawa\/","url_meta":{"origin":7493,"position":2},"title":"Spontaniczna wystawa","date":"30 pa\u017adziernika 2024","format":false,"excerpt":"Zapraszamy do udzia\u0142u w bardzo spontanicznej akcji. Zawalczmy o udzia\u0142 w wielkiej europejskiej imprezie patchworkowej -\u00a0 30. edycji wystawy Carrefour Europ\u00e9en du Patchwork w Alzacji. Chcemy zg\u0142osi\u0107 polsk\u0105 wystaw\u0119. Te, kt\u00f3rymi dysponujemy, nie spe\u0142niaj\u0105 wymaga\u0144 stawianych przez organizator\u00f3w, poniewa\u017c warunkiem przyj\u0119cia wystawy na EPM, jest to, \u017ce przynajmniej po\u0142owa prac\u2026","rel":"","context":"In &quot;Aktualno\u015bci&quot;","img":{"alt_text":"","src":"","width":0,"height":0},"classes":[]},{"id":7246,"url":"https:\/\/polskipatchwork.pl\/index.php\/2025\/08\/11\/premiera-projektu-kontrast-na-european-patchwork-meeting-we-francji\/","url_meta":{"origin":7493,"position":3},"title":"Premiera projektu \"Kontrast\" na European Patchwork Meeting we Francji","date":"11 sierpnia 2025","format":false,"excerpt":"30. jubileuszowa wystawa EPM w Sainte-Marie-aux-Mines to \u015bwietna okazja, \u017ceby nie tylko odwiedzi\u0107 wszystkie wystawy patchwork\u00f3w rozmieszczone w czterech lokalizacjach, zakupi\u0107 brakuj\u0105ce patchworkowe tkaniny i przydasie, ale tak\u017ce zwiedzi\u0107 urokliwe miasteczka Alzacji oraz spr\u00f3bowa\u0107 lokalnych przysmak\u00f3w i win. W tym roku go\u015bciem honorowym wystawy b\u0119d\u0105 Australia i Nowa Zelandia. Niecz\u0119sta\u2026","rel":"","context":"In &quot;Aktualno\u015bci&quot;","img":{"alt_text":"","src":"https:\/\/i1.wp.com\/polskipatchwork.pl\/wp-content\/uploads\/2025\/08\/CEP25_1200-x-630-EN.jpg?resize=350%2C200&ssl=1","width":350,"height":200},"classes":[]},{"id":7401,"url":"https:\/\/polskipatchwork.pl\/index.php\/2025\/12\/05\/wkrocz-do-fantastycznego-swiata-owadow\/","url_meta":{"origin":7493,"position":4},"title":"Wkrocz do \"Fantastycznego \u015awiata Owad\u00f3w\"","date":"5 grudnia 2025","format":false,"excerpt":"Wkrocz do \"Fantastycznego \u015awiata Owad\u00f3w\" Daj si\u0119 ponie\u015b\u0107 kreatywno\u015bci! To wyzwanie patchworkowe przygotowane przez European Quilt Association zaprasza do odkrywania pi\u0119kna, tajemnic i misternych detali male\u0144kich stworze\u0144, kt\u00f3re kszta\u0142tuj\u0105 nasz \u015bwiat. Od l\u015bni\u0105cych skrzyde\u0142 po \u015bmia\u0142e geometryczne wzory, owady oferuj\u0105 niesko\u0144czon\u0105 inspiracj\u0119 dla koloru, faktury i wyobra\u017ani. Niezale\u017cnie od tego,\u2026","rel":"","context":"In &quot;Aktualno\u015bci&quot;","img":{"alt_text":"","src":"https:\/\/i2.wp.com\/polskipatchwork.pl\/wp-content\/uploads\/2025\/12\/Insekten_Entwurf2a-Kopie.jpg?resize=350%2C200&ssl=1","width":350,"height":200},"classes":[]},{"id":5713,"url":"https:\/\/polskipatchwork.pl\/index.php\/2021\/10\/30\/bialo-czerwona-w-zielonej-gorze\/","url_meta":{"origin":7493,"position":5},"title":"Bia\u0142o-Czerwona w Zielonej G\u00f3rze","date":"30 pa\u017adziernika 2021","format":false,"excerpt":"Nasza Bia\u0142o-Czerwona dalej podr\u00f3\u017cuje. Teraz b\u0119dzie cieszy\u0107 oczy zwiedzaj\u0105cych w Zielonej G\u00f3rze. Wernisa\u017c wystawy odb\u0119dzie si\u0119 10 listopada, w godz.17-18. Tak Muzeum Ziemi Lubuskiej opisa\u0142o to wydarzenie: Z okazji nadchodz\u0105cego Narodowego \u015awi\u0119ta Niepodleg\u0142o\u015bci Muzeum Ziemi Lubuskiej przygotowa\u0142o wystaw\u0119 pt. \u201cBia\u0142o-czerwona\u201d. Sk\u0142ada si\u0119 na ni\u0105 kilkadziesi\u0105t tkanin artystycznych wykonanych metod\u0105 patchworku.\u2026","rel":"","context":"In &quot;Aktualno\u015bci&quot;","img":{"alt_text":"","src":"https:\/\/i1.wp.com\/polskipatchwork.pl\/wp-content\/uploads\/2021\/10\/b_c_roza.jpg?resize=350%2C200&ssl=1","width":350,"height":200},"classes":[]}],"jetpack_sharing_enabled":true,"jetpack_shortlink":"https:\/\/wp.me\/p7yhvX-1WR","_links":{"self":[{"href":"https:\/\/polskipatchwork.pl\/index.php\/wp-json\/wp\/v2\/posts\/7493"}],"collection":[{"href":"https:\/\/polskipatchwork.pl\/index.php\/wp-json\/wp\/v2\/posts"}],"about":[{"href":"https:\/\/polskipatchwork.pl\/index.php\/wp-json\/wp\/v2\/types\/post"}],"author":[{"embeddable":true,"href":"https:\/\/polskipatchwork.pl\/index.php\/wp-json\/wp\/v2\/users\/6"}],"replies":[{"embeddable":true,"href":"https:\/\/polskipatchwork.pl\/index.php\/wp-json\/wp\/v2\/comments?post=7493"}],"version-history":[{"count":4,"href":"https:\/\/polskipatchwork.pl\/index.php\/wp-json\/wp\/v2\/posts\/7493\/revisions"}],"predecessor-version":[{"id":7509,"href":"https:\/\/polskipatchwork.pl\/index.php\/wp-json\/wp\/v2\/posts\/7493\/revisions\/7509"}],"wp:featuredmedia":[{"embeddable":true,"href":"https:\/\/polskipatchwork.pl\/index.php\/wp-json\/wp\/v2\/media\/7492"}],"wp:attachment":[{"href":"https:\/\/polskipatchwork.pl\/index.php\/wp-json\/wp\/v2\/media?parent=7493"}],"wp:term":[{"taxonomy":"category","embeddable":true,"href":"https:\/\/polskipatchwork.pl\/index.php\/wp-json\/wp\/v2\/categories?post=7493"},{"taxonomy":"post_tag","embeddable":true,"href":"https:\/\/polskipatchwork.pl\/index.php\/wp-json\/wp\/v2\/tags?post=7493"}],"curies":[{"name":"wp","href":"https:\/\/api.w.org\/{rel}","templated":true}]}}