{"id":7511,"date":"2026-04-06T01:05:38","date_gmt":"2026-04-05T23:05:38","guid":{"rendered":"https:\/\/polskipatchwork.pl\/?p=7511"},"modified":"2026-04-09T19:42:33","modified_gmt":"2026-04-09T17:42:33","slug":"wystawa-patchworkow-ptasi-swiat","status":"publish","type":"post","link":"https:\/\/polskipatchwork.pl\/index.php\/2026\/04\/06\/wystawa-patchworkow-ptasi-swiat\/","title":{"rendered":"Wystawa patchwork\u00f3w \u201ePtasi \u015awiat\u201d"},"content":{"rendered":"<p><img data-attachment-id=\"7531\" data-permalink=\"https:\/\/polskipatchwork.pl\/index.php\/2026\/04\/06\/wystawa-patchworkow-ptasi-swiat\/ptasi_swiat_plakat\/\" data-orig-file=\"https:\/\/polskipatchwork.pl\/wp-content\/uploads\/2026\/04\/ptasi_swiat_plakat.jpg\" data-orig-size=\"1446,2048\" data-comments-opened=\"0\" data-image-meta=\"{&quot;aperture&quot;:&quot;0&quot;,&quot;credit&quot;:&quot;&quot;,&quot;camera&quot;:&quot;&quot;,&quot;caption&quot;:&quot;&quot;,&quot;created_timestamp&quot;:&quot;0&quot;,&quot;copyright&quot;:&quot;&quot;,&quot;focal_length&quot;:&quot;0&quot;,&quot;iso&quot;:&quot;0&quot;,&quot;shutter_speed&quot;:&quot;0&quot;,&quot;title&quot;:&quot;&quot;,&quot;orientation&quot;:&quot;0&quot;}\" data-image-title=\"ptasi_swiat_plakat\" data-image-description=\"\" data-medium-file=\"https:\/\/polskipatchwork.pl\/wp-content\/uploads\/2026\/04\/ptasi_swiat_plakat-212x300.jpg\" data-large-file=\"https:\/\/polskipatchwork.pl\/wp-content\/uploads\/2026\/04\/ptasi_swiat_plakat-723x1024.jpg\" loading=\"lazy\" src=\"http:\/\/polskipatchwork.pl\/wp-content\/uploads\/2026\/04\/ptasi_swiat_plakat-212x300.jpg\" alt=\"\" width=\"424\" height=\"600\" class=\"alignleft size-medium wp-image-7531\" srcset=\"https:\/\/polskipatchwork.pl\/wp-content\/uploads\/2026\/04\/ptasi_swiat_plakat-212x300.jpg 212w, https:\/\/polskipatchwork.pl\/wp-content\/uploads\/2026\/04\/ptasi_swiat_plakat-723x1024.jpg 723w, https:\/\/polskipatchwork.pl\/wp-content\/uploads\/2026\/04\/ptasi_swiat_plakat-768x1088.jpg 768w, https:\/\/polskipatchwork.pl\/wp-content\/uploads\/2026\/04\/ptasi_swiat_plakat-1085x1536.jpg 1085w, https:\/\/polskipatchwork.pl\/wp-content\/uploads\/2026\/04\/ptasi_swiat_plakat.jpg 1446w\" sizes=\"(max-width: 424px) 100vw, 424px\" \/>Zapraszamy na niezwyk\u0142\u0105, mi\u0119dzynarodow\u0105 wystaw\u0119 patchwork\u00f3w \u201ePtasi \u015awiat\u201d, kt\u00f3ra zago\u015bci\u0142a w sali wystawowej Resursy w \u017byrardowie.<\/p>\n<p>To wyj\u0105tkowe wydarzenie artystyczne po\u015bwi\u0119cone pi\u0119knu i r\u00f3\u017cnorodno\u015bci ptak\u00f3w uchwyconych w tkaninie, kolorze i precyzyjnym pikowaniu. Ekspozycja prezentuje prace tw\u00f3rc\u00f3w sztuki tekstylnej, kt\u00f3rzy w swoich kompozycjach oddaj\u0105 bogactwo barw upierzenia oraz niezwyk\u0142y charakter skrzydlatych bohater\u00f3w.<\/p>\n<p>Na wystawie zobaczy\u0107 mo\u017cna zar\u00f3wno realistyczne przedstawienia r\u00f3\u017cnych gatunk\u00f3w, jak i artystyczne, symboliczne interpretacje ptak\u00f3w jako metafory wolno\u015bci, nadziei i harmonii z natur\u0105. Autorzy wykorzystali r\u00f3\u017cnorodne techniki \u2013 od klasycznego patchworku i aplikacji po nowoczesne formy pikowania artystycznego \u2013 tworz\u0105c prace pe\u0142ne detalu, faktury i \u015bwiat\u0142a.<\/p>\n<p>Wszystkie prace zosta\u0142y przygotowane w ramach projektu og\u0142oszonego przez European Quilt Association (EQA). Celem European Quilt Association jest promowanie sztuki patchworku ponad kulturami, granicami i barierami j\u0119zykowymi. W roku 2024 EQA obchodzi\u0142o 35. rocznic\u0119 powstania i zdecydowa\u0142o uczci\u0107 to du\u017c\u0105, \u015bwi\u0105teczn\u0105 kolekcj\u0105 quilt\u00f3w z motywem ptak\u00f3w. Niezale\u017cnie od tego, czy s\u0105\u00a0to ptaki prawdziwe czy wymy\u015blone, ka\u017cda praca zawiera odrobin\u0119 koloru szmaragdowego, nawi\u0105zuj\u0105cego do obchod\u00f3w 35. rocznicy.<\/p>\n<p>W projekcie wzi\u0119\u0142o udzia\u0142 ponad 500 tw\u00f3rc\u00f3w z 19 kraj\u00f3w zrzeszonych w tej organizacji. Prace zosta\u0142y podzielone na dwie\u00a0kolekcje, kt\u00f3re w\u0119druj\u0105 po europejskich salach wystawowych. Jedna z nich, kt\u00f3r\u0105 mamy okazj\u0119 podziwia\u0107 w Resursie, zawiera te\u017c 21 prac przygotowanych przez artystki ze Stowarzyszenia Polskiego Patchworku, b\u0119d\u0105cego cz\u0142onkiem EQA, a kt\u00f3re od 10 lat zajmuje si\u0119 propagowaniem sztuki patchworku.<\/p>\n<p>Wystawa b\u0119d\u0105ca cz\u0119\u015bci\u0105 szeroko poj\u0119tych Dni Patchworku w \u017byrardowie, \u00a0skierowana jest do mi\u0142o\u015bnik\u00f3w sztuki, r\u0119kodzie\u0142a i przyrody, a tak\u017ce do wszystkich, kt\u00f3rzy chc\u0105 do\u015bwiadczy\u0107 niezwyk\u0142ej podr\u00f3\u017cy przez \u015bwiat skrzyde\u0142 i barw.<\/p>\n<p>Wystaw\u0119 mo\u017cna zwiedza\u0107 od 3 kwietnia do 15 maja br. w godzinach pracy Resursy. Finisa\u017c wystawy b\u0119dzie mia\u0142 miejsce 15 maja, godzina 18.00.<\/p>\n<p>Serdecznie zapraszamy do odwiedzenia wystawy i odkrycia \u201ePtasiego \u015awiata\u201d zakl\u0119tego w tkaninie.Czeka na Pa\u0144stwa ponad 300 prac europejskich tw\u00f3rc\u00f3w artystycznych patchwork\u00f3w.<\/p>\n<p>\n\t\t<style type=\"text\/css\">\n\t\t\t#gallery-1 {\n\t\t\t\tmargin: auto;\n\t\t\t}\n\t\t\t#gallery-1 .gallery-item {\n\t\t\t\tfloat: left;\n\t\t\t\tmargin-top: 10px;\n\t\t\t\ttext-align: center;\n\t\t\t\twidth: 25%;\n\t\t\t}\n\t\t\t#gallery-1 img {\n\t\t\t\tborder: 2px solid #cfcfcf;\n\t\t\t}\n\t\t\t#gallery-1 .gallery-caption {\n\t\t\t\tmargin-left: 0;\n\t\t\t}\n\t\t\t\/* see gallery_shortcode() in wp-includes\/media.php *\/\n\t\t<\/style>\n\t\t<div data-carousel-extra='{\"blog_id\":1,\"permalink\":\"https:\\\/\\\/polskipatchwork.pl\\\/index.php\\\/2026\\\/04\\\/06\\\/wystawa-patchworkow-ptasi-swiat\\\/\"}' id='gallery-1' class='gallery galleryid-7511 gallery-columns-4 gallery-size-thumbnail'><dl class='gallery-item'>\n\t\t\t<dt class='gallery-icon portrait'>\n\t\t\t\t<a href='https:\/\/polskipatchwork.pl\/index.php\/2026\/04\/06\/wystawa-patchworkow-ptasi-swiat\/wystawa-5\/'><img width=\"150\" height=\"150\" src=\"https:\/\/polskipatchwork.pl\/wp-content\/uploads\/2026\/04\/wystawa-5-150x150.jpg\" class=\"attachment-thumbnail size-thumbnail\" alt=\"\" loading=\"lazy\" srcset=\"https:\/\/polskipatchwork.pl\/wp-content\/uploads\/2026\/04\/wystawa-5-150x150.jpg 150w, https:\/\/polskipatchwork.pl\/wp-content\/uploads\/2026\/04\/wystawa-5-160x160.jpg 160w, https:\/\/polskipatchwork.pl\/wp-content\/uploads\/2026\/04\/wystawa-5-320x320.jpg 320w\" sizes=\"(max-width: 150px) 100vw, 150px\" data-attachment-id=\"7520\" data-permalink=\"https:\/\/polskipatchwork.pl\/index.php\/2026\/04\/06\/wystawa-patchworkow-ptasi-swiat\/wystawa-5\/\" data-orig-file=\"https:\/\/polskipatchwork.pl\/wp-content\/uploads\/2026\/04\/wystawa-5.jpg\" data-orig-size=\"1389,1987\" data-comments-opened=\"0\" data-image-meta=\"{&quot;aperture&quot;:&quot;0&quot;,&quot;credit&quot;:&quot;&quot;,&quot;camera&quot;:&quot;&quot;,&quot;caption&quot;:&quot;&quot;,&quot;created_timestamp&quot;:&quot;0&quot;,&quot;copyright&quot;:&quot;&quot;,&quot;focal_length&quot;:&quot;0&quot;,&quot;iso&quot;:&quot;0&quot;,&quot;shutter_speed&quot;:&quot;0&quot;,&quot;title&quot;:&quot;&quot;,&quot;orientation&quot;:&quot;0&quot;}\" data-image-title=\"wystawa 5\" data-image-description=\"\" data-medium-file=\"https:\/\/polskipatchwork.pl\/wp-content\/uploads\/2026\/04\/wystawa-5-210x300.jpg\" data-large-file=\"https:\/\/polskipatchwork.pl\/wp-content\/uploads\/2026\/04\/wystawa-5-716x1024.jpg\" \/><\/a>\n\t\t\t<\/dt><\/dl><dl class='gallery-item'>\n\t\t\t<dt class='gallery-icon portrait'>\n\t\t\t\t<a href='https:\/\/polskipatchwork.pl\/index.php\/2026\/04\/06\/wystawa-patchworkow-ptasi-swiat\/wystawa-3\/'><img width=\"150\" height=\"150\" src=\"https:\/\/polskipatchwork.pl\/wp-content\/uploads\/2026\/04\/wystawa-3-150x150.jpg\" class=\"attachment-thumbnail size-thumbnail\" alt=\"\" loading=\"lazy\" srcset=\"https:\/\/polskipatchwork.pl\/wp-content\/uploads\/2026\/04\/wystawa-3-150x150.jpg 150w, https:\/\/polskipatchwork.pl\/wp-content\/uploads\/2026\/04\/wystawa-3-160x160.jpg 160w, https:\/\/polskipatchwork.pl\/wp-content\/uploads\/2026\/04\/wystawa-3-320x320.jpg 320w\" sizes=\"(max-width: 150px) 100vw, 150px\" data-attachment-id=\"7518\" data-permalink=\"https:\/\/polskipatchwork.pl\/index.php\/2026\/04\/06\/wystawa-patchworkow-ptasi-swiat\/wystawa-3\/\" data-orig-file=\"https:\/\/polskipatchwork.pl\/wp-content\/uploads\/2026\/04\/wystawa-3.jpg\" data-orig-size=\"1160,2020\" data-comments-opened=\"0\" data-image-meta=\"{&quot;aperture&quot;:&quot;0&quot;,&quot;credit&quot;:&quot;&quot;,&quot;camera&quot;:&quot;&quot;,&quot;caption&quot;:&quot;&quot;,&quot;created_timestamp&quot;:&quot;0&quot;,&quot;copyright&quot;:&quot;&quot;,&quot;focal_length&quot;:&quot;0&quot;,&quot;iso&quot;:&quot;0&quot;,&quot;shutter_speed&quot;:&quot;0&quot;,&quot;title&quot;:&quot;&quot;,&quot;orientation&quot;:&quot;0&quot;}\" data-image-title=\"wystawa 3\" data-image-description=\"\" data-medium-file=\"https:\/\/polskipatchwork.pl\/wp-content\/uploads\/2026\/04\/wystawa-3-172x300.jpg\" data-large-file=\"https:\/\/polskipatchwork.pl\/wp-content\/uploads\/2026\/04\/wystawa-3-588x1024.jpg\" \/><\/a>\n\t\t\t<\/dt><\/dl><dl class='gallery-item'>\n\t\t\t<dt class='gallery-icon portrait'>\n\t\t\t\t<a href='https:\/\/polskipatchwork.pl\/index.php\/2026\/04\/06\/wystawa-patchworkow-ptasi-swiat\/20260401_193452\/'><img width=\"150\" height=\"150\" src=\"https:\/\/polskipatchwork.pl\/wp-content\/uploads\/2026\/04\/20260401_193452-150x150.jpg\" class=\"attachment-thumbnail size-thumbnail\" alt=\"\" loading=\"lazy\" srcset=\"https:\/\/polskipatchwork.pl\/wp-content\/uploads\/2026\/04\/20260401_193452-150x150.jpg 150w, https:\/\/polskipatchwork.pl\/wp-content\/uploads\/2026\/04\/20260401_193452-160x160.jpg 160w, https:\/\/polskipatchwork.pl\/wp-content\/uploads\/2026\/04\/20260401_193452-320x320.jpg 320w\" sizes=\"(max-width: 150px) 100vw, 150px\" data-attachment-id=\"7523\" data-permalink=\"https:\/\/polskipatchwork.pl\/index.php\/2026\/04\/06\/wystawa-patchworkow-ptasi-swiat\/20260401_193452\/\" data-orig-file=\"https:\/\/polskipatchwork.pl\/wp-content\/uploads\/2026\/04\/20260401_193452-scaled.jpg\" data-orig-size=\"1920,2560\" data-comments-opened=\"0\" data-image-meta=\"{&quot;aperture&quot;:&quot;2&quot;,&quot;credit&quot;:&quot;&quot;,&quot;camera&quot;:&quot;SM-A515F&quot;,&quot;caption&quot;:&quot;&quot;,&quot;created_timestamp&quot;:&quot;1775072093&quot;,&quot;copyright&quot;:&quot;&quot;,&quot;focal_length&quot;:&quot;4.6&quot;,&quot;iso&quot;:&quot;250&quot;,&quot;shutter_speed&quot;:&quot;0.025&quot;,&quot;title&quot;:&quot;&quot;,&quot;orientation&quot;:&quot;1&quot;}\" data-image-title=\"20260401_193452\" data-image-description=\"\" data-medium-file=\"https:\/\/polskipatchwork.pl\/wp-content\/uploads\/2026\/04\/20260401_193452-225x300.jpg\" data-large-file=\"https:\/\/polskipatchwork.pl\/wp-content\/uploads\/2026\/04\/20260401_193452-768x1024.jpg\" \/><\/a>\n\t\t\t<\/dt><\/dl><dl class='gallery-item'>\n\t\t\t<dt class='gallery-icon portrait'>\n\t\t\t\t<a href='https:\/\/polskipatchwork.pl\/index.php\/2026\/04\/06\/wystawa-patchworkow-ptasi-swiat\/wystawa-4\/'><img width=\"150\" height=\"150\" src=\"https:\/\/polskipatchwork.pl\/wp-content\/uploads\/2026\/04\/wystawa-4-150x150.jpg\" class=\"attachment-thumbnail size-thumbnail\" alt=\"\" loading=\"lazy\" srcset=\"https:\/\/polskipatchwork.pl\/wp-content\/uploads\/2026\/04\/wystawa-4-150x150.jpg 150w, https:\/\/polskipatchwork.pl\/wp-content\/uploads\/2026\/04\/wystawa-4-160x160.jpg 160w, https:\/\/polskipatchwork.pl\/wp-content\/uploads\/2026\/04\/wystawa-4-320x320.jpg 320w\" sizes=\"(max-width: 150px) 100vw, 150px\" data-attachment-id=\"7519\" data-permalink=\"https:\/\/polskipatchwork.pl\/index.php\/2026\/04\/06\/wystawa-patchworkow-ptasi-swiat\/wystawa-4\/\" data-orig-file=\"https:\/\/polskipatchwork.pl\/wp-content\/uploads\/2026\/04\/wystawa-4.jpg\" data-orig-size=\"1373,1928\" data-comments-opened=\"0\" data-image-meta=\"{&quot;aperture&quot;:&quot;0&quot;,&quot;credit&quot;:&quot;&quot;,&quot;camera&quot;:&quot;&quot;,&quot;caption&quot;:&quot;&quot;,&quot;created_timestamp&quot;:&quot;0&quot;,&quot;copyright&quot;:&quot;&quot;,&quot;focal_length&quot;:&quot;0&quot;,&quot;iso&quot;:&quot;0&quot;,&quot;shutter_speed&quot;:&quot;0&quot;,&quot;title&quot;:&quot;&quot;,&quot;orientation&quot;:&quot;0&quot;}\" data-image-title=\"wystawa 4\" data-image-description=\"\" data-medium-file=\"https:\/\/polskipatchwork.pl\/wp-content\/uploads\/2026\/04\/wystawa-4-214x300.jpg\" data-large-file=\"https:\/\/polskipatchwork.pl\/wp-content\/uploads\/2026\/04\/wystawa-4-729x1024.jpg\" \/><\/a>\n\t\t\t<\/dt><\/dl><br style=\"clear: both\" \/>\n\t\t<\/div>\n<br \/>\n\n\t\t<style type=\"text\/css\">\n\t\t\t#gallery-2 {\n\t\t\t\tmargin: auto;\n\t\t\t}\n\t\t\t#gallery-2 .gallery-item {\n\t\t\t\tfloat: left;\n\t\t\t\tmargin-top: 10px;\n\t\t\t\ttext-align: center;\n\t\t\t\twidth: 25%;\n\t\t\t}\n\t\t\t#gallery-2 img {\n\t\t\t\tborder: 2px solid #cfcfcf;\n\t\t\t}\n\t\t\t#gallery-2 .gallery-caption {\n\t\t\t\tmargin-left: 0;\n\t\t\t}\n\t\t\t\/* see gallery_shortcode() in wp-includes\/media.php *\/\n\t\t<\/style>\n\t\t<div data-carousel-extra='{\"blog_id\":1,\"permalink\":\"https:\\\/\\\/polskipatchwork.pl\\\/index.php\\\/2026\\\/04\\\/06\\\/wystawa-patchworkow-ptasi-swiat\\\/\"}' id='gallery-2' class='gallery galleryid-7511 gallery-columns-4 gallery-size-thumbnail'><dl class='gallery-item'>\n\t\t\t<dt class='gallery-icon landscape'>\n\t\t\t\t<a href='https:\/\/polskipatchwork.pl\/index.php\/2026\/04\/06\/wystawa-patchworkow-ptasi-swiat\/20260401_193502\/'><img width=\"150\" height=\"150\" src=\"https:\/\/polskipatchwork.pl\/wp-content\/uploads\/2026\/04\/20260401_193502-150x150.jpg\" class=\"attachment-thumbnail size-thumbnail\" alt=\"\" loading=\"lazy\" srcset=\"https:\/\/polskipatchwork.pl\/wp-content\/uploads\/2026\/04\/20260401_193502-150x150.jpg 150w, https:\/\/polskipatchwork.pl\/wp-content\/uploads\/2026\/04\/20260401_193502-160x160.jpg 160w, https:\/\/polskipatchwork.pl\/wp-content\/uploads\/2026\/04\/20260401_193502-320x320.jpg 320w\" sizes=\"(max-width: 150px) 100vw, 150px\" data-attachment-id=\"7524\" data-permalink=\"https:\/\/polskipatchwork.pl\/index.php\/2026\/04\/06\/wystawa-patchworkow-ptasi-swiat\/20260401_193502\/\" data-orig-file=\"https:\/\/polskipatchwork.pl\/wp-content\/uploads\/2026\/04\/20260401_193502-scaled.jpg\" data-orig-size=\"2560,1920\" data-comments-opened=\"0\" data-image-meta=\"{&quot;aperture&quot;:&quot;2&quot;,&quot;credit&quot;:&quot;&quot;,&quot;camera&quot;:&quot;SM-A515F&quot;,&quot;caption&quot;:&quot;&quot;,&quot;created_timestamp&quot;:&quot;1775072103&quot;,&quot;copyright&quot;:&quot;&quot;,&quot;focal_length&quot;:&quot;4.6&quot;,&quot;iso&quot;:&quot;320&quot;,&quot;shutter_speed&quot;:&quot;0.025&quot;,&quot;title&quot;:&quot;&quot;,&quot;orientation&quot;:&quot;1&quot;}\" data-image-title=\"20260401_193502\" data-image-description=\"\" data-medium-file=\"https:\/\/polskipatchwork.pl\/wp-content\/uploads\/2026\/04\/20260401_193502-300x225.jpg\" data-large-file=\"https:\/\/polskipatchwork.pl\/wp-content\/uploads\/2026\/04\/20260401_193502-1024x768.jpg\" \/><\/a>\n\t\t\t<\/dt><\/dl><dl class='gallery-item'>\n\t\t\t<dt class='gallery-icon landscape'>\n\t\t\t\t<a href='https:\/\/polskipatchwork.pl\/index.php\/2026\/04\/06\/wystawa-patchworkow-ptasi-swiat\/20260401_193418\/'><img width=\"150\" height=\"150\" src=\"https:\/\/polskipatchwork.pl\/wp-content\/uploads\/2026\/04\/20260401_193418-150x150.jpg\" class=\"attachment-thumbnail size-thumbnail\" alt=\"\" loading=\"lazy\" srcset=\"https:\/\/polskipatchwork.pl\/wp-content\/uploads\/2026\/04\/20260401_193418-150x150.jpg 150w, https:\/\/polskipatchwork.pl\/wp-content\/uploads\/2026\/04\/20260401_193418-160x160.jpg 160w, https:\/\/polskipatchwork.pl\/wp-content\/uploads\/2026\/04\/20260401_193418-320x320.jpg 320w\" sizes=\"(max-width: 150px) 100vw, 150px\" data-attachment-id=\"7522\" data-permalink=\"https:\/\/polskipatchwork.pl\/index.php\/2026\/04\/06\/wystawa-patchworkow-ptasi-swiat\/20260401_193418\/\" data-orig-file=\"https:\/\/polskipatchwork.pl\/wp-content\/uploads\/2026\/04\/20260401_193418-scaled.jpg\" data-orig-size=\"2560,1920\" data-comments-opened=\"0\" data-image-meta=\"{&quot;aperture&quot;:&quot;2&quot;,&quot;credit&quot;:&quot;&quot;,&quot;camera&quot;:&quot;SM-A515F&quot;,&quot;caption&quot;:&quot;&quot;,&quot;created_timestamp&quot;:&quot;1775072059&quot;,&quot;copyright&quot;:&quot;&quot;,&quot;focal_length&quot;:&quot;4.6&quot;,&quot;iso&quot;:&quot;125&quot;,&quot;shutter_speed&quot;:&quot;0.016666666666667&quot;,&quot;title&quot;:&quot;&quot;,&quot;orientation&quot;:&quot;1&quot;}\" data-image-title=\"20260401_193418\" data-image-description=\"\" data-medium-file=\"https:\/\/polskipatchwork.pl\/wp-content\/uploads\/2026\/04\/20260401_193418-300x225.jpg\" data-large-file=\"https:\/\/polskipatchwork.pl\/wp-content\/uploads\/2026\/04\/20260401_193418-1024x768.jpg\" \/><\/a>\n\t\t\t<\/dt><\/dl><dl class='gallery-item'>\n\t\t\t<dt class='gallery-icon landscape'>\n\t\t\t\t<a href='https:\/\/polskipatchwork.pl\/index.php\/2026\/04\/06\/wystawa-patchworkow-ptasi-swiat\/20260401_193406\/'><img width=\"150\" height=\"150\" src=\"https:\/\/polskipatchwork.pl\/wp-content\/uploads\/2026\/04\/20260401_193406-150x150.jpg\" class=\"attachment-thumbnail size-thumbnail\" alt=\"\" loading=\"lazy\" srcset=\"https:\/\/polskipatchwork.pl\/wp-content\/uploads\/2026\/04\/20260401_193406-150x150.jpg 150w, https:\/\/polskipatchwork.pl\/wp-content\/uploads\/2026\/04\/20260401_193406-160x160.jpg 160w, https:\/\/polskipatchwork.pl\/wp-content\/uploads\/2026\/04\/20260401_193406-320x320.jpg 320w\" sizes=\"(max-width: 150px) 100vw, 150px\" data-attachment-id=\"7521\" data-permalink=\"https:\/\/polskipatchwork.pl\/index.php\/2026\/04\/06\/wystawa-patchworkow-ptasi-swiat\/20260401_193406\/\" data-orig-file=\"https:\/\/polskipatchwork.pl\/wp-content\/uploads\/2026\/04\/20260401_193406-scaled.jpg\" data-orig-size=\"2560,1920\" data-comments-opened=\"0\" data-image-meta=\"{&quot;aperture&quot;:&quot;2&quot;,&quot;credit&quot;:&quot;&quot;,&quot;camera&quot;:&quot;SM-A515F&quot;,&quot;caption&quot;:&quot;&quot;,&quot;created_timestamp&quot;:&quot;1775072047&quot;,&quot;copyright&quot;:&quot;&quot;,&quot;focal_length&quot;:&quot;4.6&quot;,&quot;iso&quot;:&quot;125&quot;,&quot;shutter_speed&quot;:&quot;0.016666666666667&quot;,&quot;title&quot;:&quot;&quot;,&quot;orientation&quot;:&quot;1&quot;}\" data-image-title=\"20260401_193406\" data-image-description=\"\" data-medium-file=\"https:\/\/polskipatchwork.pl\/wp-content\/uploads\/2026\/04\/20260401_193406-300x225.jpg\" data-large-file=\"https:\/\/polskipatchwork.pl\/wp-content\/uploads\/2026\/04\/20260401_193406-1024x768.jpg\" \/><\/a>\n\t\t\t<\/dt><\/dl><dl class='gallery-item'>\n\t\t\t<dt class='gallery-icon portrait'>\n\t\t\t\t<a href='https:\/\/polskipatchwork.pl\/index.php\/2026\/04\/06\/wystawa-patchworkow-ptasi-swiat\/wystawa-1-2\/'><img width=\"150\" height=\"150\" src=\"https:\/\/polskipatchwork.pl\/wp-content\/uploads\/2026\/04\/wystawa-1-150x150.jpg\" class=\"attachment-thumbnail size-thumbnail\" alt=\"\" loading=\"lazy\" srcset=\"https:\/\/polskipatchwork.pl\/wp-content\/uploads\/2026\/04\/wystawa-1-150x150.jpg 150w, https:\/\/polskipatchwork.pl\/wp-content\/uploads\/2026\/04\/wystawa-1-160x160.jpg 160w, https:\/\/polskipatchwork.pl\/wp-content\/uploads\/2026\/04\/wystawa-1-320x320.jpg 320w\" sizes=\"(max-width: 150px) 100vw, 150px\" data-attachment-id=\"7516\" data-permalink=\"https:\/\/polskipatchwork.pl\/index.php\/2026\/04\/06\/wystawa-patchworkow-ptasi-swiat\/wystawa-1-2\/\" data-orig-file=\"https:\/\/polskipatchwork.pl\/wp-content\/uploads\/2026\/04\/wystawa-1.jpg\" data-orig-size=\"1335,1771\" data-comments-opened=\"0\" data-image-meta=\"{&quot;aperture&quot;:&quot;0&quot;,&quot;credit&quot;:&quot;&quot;,&quot;camera&quot;:&quot;&quot;,&quot;caption&quot;:&quot;&quot;,&quot;created_timestamp&quot;:&quot;0&quot;,&quot;copyright&quot;:&quot;&quot;,&quot;focal_length&quot;:&quot;0&quot;,&quot;iso&quot;:&quot;0&quot;,&quot;shutter_speed&quot;:&quot;0&quot;,&quot;title&quot;:&quot;&quot;,&quot;orientation&quot;:&quot;0&quot;}\" data-image-title=\"wystawa 1\" data-image-description=\"\" data-medium-file=\"https:\/\/polskipatchwork.pl\/wp-content\/uploads\/2026\/04\/wystawa-1-226x300.jpg\" data-large-file=\"https:\/\/polskipatchwork.pl\/wp-content\/uploads\/2026\/04\/wystawa-1-772x1024.jpg\" \/><\/a>\n\t\t\t<\/dt><\/dl><br style=\"clear: both\" \/>\n\t\t<\/div>\n<\/p>\n","protected":false},"excerpt":{"rendered":"<p>Zapraszamy na niezwyk\u0142\u0105, mi\u0119dzynarodow\u0105 wystaw\u0119 patchwork\u00f3w \u201ePtasi \u015awiat\u201d, kt\u00f3ra zago\u015bci\u0142a w sali wystawowej Resursy w \u017byrardowie. To wyj\u0105tkowe wydarzenie artystyczne po\u015bwi\u0119cone pi\u0119knu i r\u00f3\u017cnorodno\u015bci ptak\u00f3w uchwyconych w tkaninie, kolorze i precyzyjnym pikowaniu. Ekspozycja prezentuje&#46;&#46;&#46;<\/p>\n","protected":false},"author":14,"featured_media":7531,"comment_status":"closed","ping_status":"open","sticky":false,"template":"","format":"standard","meta":{"_monsterinsights_skip_tracking":false,"_monsterinsights_sitenote_active":false,"_monsterinsights_sitenote_note":"","_monsterinsights_sitenote_category":0,"spay_email":"","jetpack_publicize_message":"","jetpack_is_tweetstorm":false},"categories":[1,75,77,79,10],"tags":[],"jetpack_featured_media_url":"https:\/\/polskipatchwork.pl\/wp-content\/uploads\/2026\/04\/ptasi_swiat_plakat.jpg","jetpack_publicize_connections":[],"jetpack-related-posts":[{"id":7246,"url":"https:\/\/polskipatchwork.pl\/index.php\/2025\/08\/11\/premiera-projektu-kontrast-na-european-patchwork-meeting-we-francji\/","url_meta":{"origin":7511,"position":0},"title":"Premiera projektu \"Kontrast\" na European Patchwork Meeting we Francji","date":"11 sierpnia 2025","format":false,"excerpt":"30. jubileuszowa wystawa EPM w Sainte-Marie-aux-Mines to \u015bwietna okazja, \u017ceby nie tylko odwiedzi\u0107 wszystkie wystawy patchwork\u00f3w rozmieszczone w czterech lokalizacjach, zakupi\u0107 brakuj\u0105ce patchworkowe tkaniny i przydasie, ale tak\u017ce zwiedzi\u0107 urokliwe miasteczka Alzacji oraz spr\u00f3bowa\u0107 lokalnych przysmak\u00f3w i win. W tym roku go\u015bciem honorowym wystawy b\u0119d\u0105 Australia i Nowa Zelandia. Niecz\u0119sta\u2026","rel":"","context":"In &quot;Aktualno\u015bci&quot;","img":{"alt_text":"","src":"https:\/\/i1.wp.com\/polskipatchwork.pl\/wp-content\/uploads\/2025\/08\/CEP25_1200-x-630-EN.jpg?resize=350%2C200&ssl=1","width":350,"height":200},"classes":[]},{"id":6003,"url":"https:\/\/polskipatchwork.pl\/index.php\/2022\/05\/04\/zaproszenie-na-wernisaz-wystawy-patchworkow-nici-nie-znaja-granic\/","url_meta":{"origin":7511,"position":1},"title":"Zaproszenie na wernisa\u017c wystawy patchwork\u00f3w \u201eNici nie znaj\u0105 granic\u201d","date":"4 maja 2022","format":false,"excerpt":"Stowarzyszenie Polskiego Patchworku i Muzeum Lniarstwa w \u017byrardowie maj\u0105 zaszczyt zaprosi\u0107 na wernisa\u017c wystawy \"Nici nie znaj\u0105 granic\". Jest to najwi\u0119ksza mi\u0119dzynarodowa wystawa patchwork\u00f3w w Polsce. Industrialna przestrze\u0144 Muzeum Lniarstwa kolejny raz otwiera si\u0119 na kultur\u0119. Po sukcesie zesz\u0142orocznej wystawy prac wykonanych technik\u0105 patchworku, mi\u0142o\u015bnicy r\u0119kodzie\u0142a i sztuki b\u0119d\u0105 mieli\u2026","rel":"","context":"In &quot;Aktualno\u015bci&quot;","img":{"alt_text":"","src":"https:\/\/i2.wp.com\/polskipatchwork.pl\/wp-content\/uploads\/2022\/05\/plakat_zyrardow.png?resize=350%2C200&ssl=1","width":350,"height":200},"classes":[]},{"id":2212,"url":"https:\/\/polskipatchwork.pl\/index.php\/2017\/11\/11\/orient-miedzynarodowa-wystawa-patchworkow-w-centrum-kreatywnosci-targowa-w-warszawie\/","url_meta":{"origin":7511,"position":2},"title":"Orient. Mi\u0119dzynarodowa wystawa patchwork\u00f3w w Centrum Kreatywno\u015bci Targowa w Warszawie","date":"11 listopada 2017","format":false,"excerpt":"W dniu 5 listopada 2017 r. w Centrum Kreatywno\u015bci Targowa w Warszawie odby\u0142 si\u0119 wernisa\u017c mi\u0119dzynarodowej wystawy patchwork\u00f3w Orient. Wystawa obejmowa\u0142a 46 prac powsta\u0142ych w ramach mi\u0119dzynarodowego projektu. Autorzy prac pokazywanych na naszej wystawie to tw\u00f3rcy z Czech, S\u0142owacji, Niemiec, Wielkiej Brytanii i Polski. W projekcie bra\u0142y udzia\u0142 tak\u017ce osoby\u2026","rel":"","context":"In &quot;Aktualno\u015bci&quot;","img":{"alt_text":"","src":"https:\/\/i2.wp.com\/polskipatchwork.pl\/wp-content\/uploads\/2017\/10\/baner1czm1024.png?resize=350%2C200&ssl=1","width":350,"height":200},"classes":[]},{"id":2055,"url":"https:\/\/polskipatchwork.pl\/index.php\/2017\/10\/06\/orient-miedzynarodowa-wystawa-patchworkow\/","url_meta":{"origin":7511,"position":3},"title":"Orient. Mi\u0119dzynarodowa wystawa patchwork\u00f3w","date":"6 pa\u017adziernika 2017","format":false,"excerpt":"Stowarzyszenie Polskiego Patchworku zaprasza na mi\u0119dzynarodow\u0105 wystaw\u0119 patchwork\u00f3w ORIENT. Wernisa\u017c wystawy 5XI2017 godz. 13.00-15.00 Wystawa czynna 6-10 XI 2017 w godz. 10.00-17.00 Centrum Kreatywno\u015bci Warszawa, ul .Targowa 56 Wi\u0119cej o projekcie Orient mo\u017cna przeczyta\u0107 TUTAJ. Dzi\u0119kujemy bardzo wszystkim osobom i instytucjom zaanga\u017cowanym w organizacj\u0119 wystawy. Specjalne podzi\u0119kowania dla Joanny Dobrzy\u0144skiej-B\u0142achnio\u2026","rel":"","context":"In &quot;Aktualno\u015bci&quot;","img":{"alt_text":"","src":"https:\/\/i2.wp.com\/polskipatchwork.pl\/wp-content\/uploads\/2017\/10\/baner1czm1024.png?resize=350%2C200&ssl=1","width":350,"height":200},"classes":[]},{"id":2258,"url":"https:\/\/polskipatchwork.pl\/index.php\/2017\/11\/21\/miedzynarodowa-wystawa-patchworku-orient-w-rybniku\/","url_meta":{"origin":7511,"position":4},"title":"Mi\u0119dzynarodowa wystawa patchworku Orient w Rybniku","date":"21 listopada 2017","format":false,"excerpt":"Serdecznie zapraszamy na mi\u0119dzynarodow\u0105 wystaw\u0119 patchwork\u00f3w Orient w Teatrze Ziemi Rybnickiej. https:\/\/www.facebook.com\/events\/139265286841626\/","rel":"","context":"In &quot;Aktualno\u015bci&quot;","img":{"alt_text":"","src":"https:\/\/i0.wp.com\/polskipatchwork.pl\/wp-content\/uploads\/2017\/11\/orientrybnik.jpg?resize=350%2C200&ssl=1","width":350,"height":200},"classes":[]},{"id":2378,"url":"https:\/\/polskipatchwork.pl\/index.php\/2017\/12\/11\/orient-druga-odslona\/","url_meta":{"origin":7511,"position":5},"title":"\u201eOrient\u201d \u2013 druga ods\u0142ona","date":"11 grudnia 2017","format":false,"excerpt":"Mi\u0119dzynarodowa wystawa patchwork\u00f3w pn. \u201eOrient\u201d tym razem cieszy bogactwem kolor\u00f3w wszystkich, kt\u00f3rzy odwiedz\u0105 Teatr Ziemi Rybnickiej w Rybniku.\u00a0 W pi\u0105tek 1 grudnia mia\u0142 tam miejsce wernisa\u017c wystawy, b\u0119d\u0105cej efektem trzeciej edycji projektu, kt\u00f3remu patronuje firma Bernina. Dzi\u0119ki ogromnemu zaanga\u017cowaniu pana Wolfganga Eibischa, kt\u00f3ry jest pomys\u0142odawc\u0105\u00a0 tego niezwyk\u0142ego projektu, mo\u017cemy dzi\u015b\u2026","rel":"","context":"In &quot;Aktualno\u015bci&quot;","img":{"alt_text":"","src":"https:\/\/i0.wp.com\/polskipatchwork.pl\/wp-content\/uploads\/2017\/12\/IMG_0676.jpg?resize=350%2C200&ssl=1","width":350,"height":200},"classes":[]}],"jetpack_sharing_enabled":true,"jetpack_shortlink":"https:\/\/wp.me\/p7yhvX-1X9","_links":{"self":[{"href":"https:\/\/polskipatchwork.pl\/index.php\/wp-json\/wp\/v2\/posts\/7511"}],"collection":[{"href":"https:\/\/polskipatchwork.pl\/index.php\/wp-json\/wp\/v2\/posts"}],"about":[{"href":"https:\/\/polskipatchwork.pl\/index.php\/wp-json\/wp\/v2\/types\/post"}],"author":[{"embeddable":true,"href":"https:\/\/polskipatchwork.pl\/index.php\/wp-json\/wp\/v2\/users\/14"}],"replies":[{"embeddable":true,"href":"https:\/\/polskipatchwork.pl\/index.php\/wp-json\/wp\/v2\/comments?post=7511"}],"version-history":[{"count":10,"href":"https:\/\/polskipatchwork.pl\/index.php\/wp-json\/wp\/v2\/posts\/7511\/revisions"}],"predecessor-version":[{"id":7535,"href":"https:\/\/polskipatchwork.pl\/index.php\/wp-json\/wp\/v2\/posts\/7511\/revisions\/7535"}],"wp:featuredmedia":[{"embeddable":true,"href":"https:\/\/polskipatchwork.pl\/index.php\/wp-json\/wp\/v2\/media\/7531"}],"wp:attachment":[{"href":"https:\/\/polskipatchwork.pl\/index.php\/wp-json\/wp\/v2\/media?parent=7511"}],"wp:term":[{"taxonomy":"category","embeddable":true,"href":"https:\/\/polskipatchwork.pl\/index.php\/wp-json\/wp\/v2\/categories?post=7511"},{"taxonomy":"post_tag","embeddable":true,"href":"https:\/\/polskipatchwork.pl\/index.php\/wp-json\/wp\/v2\/tags?post=7511"}],"curies":[{"name":"wp","href":"https:\/\/api.w.org\/{rel}","templated":true}]}}