{"id":7582,"date":"2026-04-29T08:52:08","date_gmt":"2026-04-29T06:52:08","guid":{"rendered":"https:\/\/polskipatchwork.pl\/?p=7582"},"modified":"2026-04-29T08:52:08","modified_gmt":"2026-04-29T06:52:08","slug":"wspomnienia-z-brno-patchwork-meeting-2026","status":"publish","type":"post","link":"https:\/\/polskipatchwork.pl\/index.php\/2026\/04\/29\/wspomnienia-z-brno-patchwork-meeting-2026\/","title":{"rendered":"Wspomnienia z Brno Patchwork Meeting 2026"},"content":{"rendered":"<p>Stowarzyszenie Polskiego Patchworku dzi\u0119ki specjalnemu zaproszeniu organizator\u00f3w Brno Patchwork Meeting, w dniach 24 \u2013 26 04.2026 r. ponownie mia\u0142o okazj\u0119 pokaza\u0107 patchworki naszych cz\u0142onki\u0144.<br \/>\nZaprezentowane zosta\u0142y quilty z okresu 10 lat istnienia Stowarzyszenia Polskiego Patchworku. Po\u015br\u00f3d 51 prac znalaz\u0142y si\u0119 prace nagradzane i wyr\u00f3\u017cniane na wystawach mi\u0119dzynarodowych i krajowych np. European Patchwork Meeting we Francji, oraz wiele innych prac z prywatnych kolekcji cz\u0142onk\u00f3w naszego Stowarzyszenia. Pokazane quilty stanowi\u0105 tylko fragment osi\u0105gni\u0119\u0107 artystycznych naszych kole\u017canek i koleg\u00f3w, ale mog\u0105 da\u0107 wyobra\u017cenie o naszym ogromnym potencjale tw\u00f3rczym. Wiele jeszcze przed nami. Mamy nadzieje dalej rozwija\u0107 si\u0119 i podejmowa\u0107 kolejne wyzwania, uczy\u0107 si\u0119 i uczy\u0107  innych.<br \/>\nTegoroczna wystawa przyci\u0105gn\u0119\u0142a setki os\u00f3b, kt\u00f3re ogl\u0105da\u0142y i fotografowa\u0142y nasze patchworki. Odpowiadali\u015bmy na wiele pyta\u0144 i z przyjemno\u015bci\u0105 odbierali\u015bmy mn\u00f3stwo wyraz\u00f3w uznania dla naszej wystawy.<br \/>\nNa brne\u0144skiej wystawie nie mog\u0142o zabrakn\u0105\u0107 prac zg\u0142oszonych do konkurs\u00f3w. W kategorii: \u201eMonochrom\u201d swoje prace zg\u0142osi\u0142y nasze kole\u017canki: Sylwia Ignatowska, Sylwia Haluch, Marzenna Krzewicka, Dorota Wajner, Agata Jab\u0142o\u0144ska Smoli\u0144ska. Natomiast w kategorii \u201eEnglish Paper Piecing\u201d swoj\u0105 prac\u0119 zg\u0142osi\u0142a Miros\u0142awa Pucek.;<br \/>\nSukces odnios\u0142y dwie nasze kole\u017canki, II miejsce w kategorii \u201eMonochrom\u201d zaj\u0119\u0142a Sylwia Ignatowska a IV miejsce Sylwia Haluch.<br \/>\nSerdecznie gratulujemy.<br \/>\nPoni\u017cej kilka migawek foto z wystawy, autorstwa Agaty Jab\u0142o\u0144skiej-Smoli\u0144skiej i Jerzego Machowskiego<br \/>\n\n\t\t<style type=\"text\/css\">\n\t\t\t#gallery-1 {\n\t\t\t\tmargin: auto;\n\t\t\t}\n\t\t\t#gallery-1 .gallery-item {\n\t\t\t\tfloat: left;\n\t\t\t\tmargin-top: 10px;\n\t\t\t\ttext-align: center;\n\t\t\t\twidth: 33%;\n\t\t\t}\n\t\t\t#gallery-1 img {\n\t\t\t\tborder: 2px solid #cfcfcf;\n\t\t\t}\n\t\t\t#gallery-1 .gallery-caption {\n\t\t\t\tmargin-left: 0;\n\t\t\t}\n\t\t\t\/* see gallery_shortcode() in wp-includes\/media.php *\/\n\t\t<\/style>\n\t\t<div data-carousel-extra='{\"blog_id\":1,\"permalink\":\"https:\\\/\\\/polskipatchwork.pl\\\/index.php\\\/2026\\\/04\\\/29\\\/wspomnienia-z-brno-patchwork-meeting-2026\\\/\"}' id='gallery-1' class='gallery galleryid-7582 gallery-columns-3 gallery-size-thumbnail'><dl class='gallery-item'>\n\t\t\t<dt class='gallery-icon portrait'>\n\t\t\t\t<a href='https:\/\/polskipatchwork.pl\/img_20260426_110734\/'><img width=\"150\" height=\"150\" src=\"https:\/\/polskipatchwork.pl\/wp-content\/uploads\/2026\/04\/IMG_20260426_110734-150x150.jpg\" class=\"attachment-thumbnail size-thumbnail\" alt=\"\" loading=\"lazy\" srcset=\"https:\/\/polskipatchwork.pl\/wp-content\/uploads\/2026\/04\/IMG_20260426_110734-150x150.jpg 150w, https:\/\/polskipatchwork.pl\/wp-content\/uploads\/2026\/04\/IMG_20260426_110734-160x160.jpg 160w, https:\/\/polskipatchwork.pl\/wp-content\/uploads\/2026\/04\/IMG_20260426_110734-320x320.jpg 320w\" sizes=\"(max-width: 150px) 100vw, 150px\" data-attachment-id=\"7571\" data-permalink=\"https:\/\/polskipatchwork.pl\/img_20260426_110734\/\" data-orig-file=\"https:\/\/polskipatchwork.pl\/wp-content\/uploads\/2026\/04\/IMG_20260426_110734.jpg\" data-orig-size=\"1536,2040\" data-comments-opened=\"0\" data-image-meta=\"{&quot;aperture&quot;:&quot;0&quot;,&quot;credit&quot;:&quot;&quot;,&quot;camera&quot;:&quot;&quot;,&quot;caption&quot;:&quot;&quot;,&quot;created_timestamp&quot;:&quot;0&quot;,&quot;copyright&quot;:&quot;&quot;,&quot;focal_length&quot;:&quot;0&quot;,&quot;iso&quot;:&quot;0&quot;,&quot;shutter_speed&quot;:&quot;0&quot;,&quot;title&quot;:&quot;&quot;,&quot;orientation&quot;:&quot;1&quot;}\" data-image-title=\"IMG_20260426_110734\" data-image-description=\"\" data-medium-file=\"https:\/\/polskipatchwork.pl\/wp-content\/uploads\/2026\/04\/IMG_20260426_110734-226x300.jpg\" data-large-file=\"https:\/\/polskipatchwork.pl\/wp-content\/uploads\/2026\/04\/IMG_20260426_110734-771x1024.jpg\" \/><\/a>\n\t\t\t<\/dt><\/dl><dl class='gallery-item'>\n\t\t\t<dt class='gallery-icon portrait'>\n\t\t\t\t<a href='https:\/\/polskipatchwork.pl\/img_20260425_150528\/'><img width=\"150\" height=\"150\" src=\"https:\/\/polskipatchwork.pl\/wp-content\/uploads\/2026\/04\/IMG_20260425_150528-150x150.jpg\" class=\"attachment-thumbnail size-thumbnail\" alt=\"\" loading=\"lazy\" srcset=\"https:\/\/polskipatchwork.pl\/wp-content\/uploads\/2026\/04\/IMG_20260425_150528-150x150.jpg 150w, https:\/\/polskipatchwork.pl\/wp-content\/uploads\/2026\/04\/IMG_20260425_150528-160x160.jpg 160w, https:\/\/polskipatchwork.pl\/wp-content\/uploads\/2026\/04\/IMG_20260425_150528-320x320.jpg 320w\" sizes=\"(max-width: 150px) 100vw, 150px\" data-attachment-id=\"7570\" data-permalink=\"https:\/\/polskipatchwork.pl\/img_20260425_150528\/\" data-orig-file=\"https:\/\/polskipatchwork.pl\/wp-content\/uploads\/2026\/04\/IMG_20260425_150528.jpg\" data-orig-size=\"1536,2040\" data-comments-opened=\"0\" data-image-meta=\"{&quot;aperture&quot;:&quot;0&quot;,&quot;credit&quot;:&quot;&quot;,&quot;camera&quot;:&quot;&quot;,&quot;caption&quot;:&quot;&quot;,&quot;created_timestamp&quot;:&quot;0&quot;,&quot;copyright&quot;:&quot;&quot;,&quot;focal_length&quot;:&quot;0&quot;,&quot;iso&quot;:&quot;0&quot;,&quot;shutter_speed&quot;:&quot;0&quot;,&quot;title&quot;:&quot;&quot;,&quot;orientation&quot;:&quot;1&quot;}\" data-image-title=\"IMG_20260425_150528\" data-image-description=\"\" data-medium-file=\"https:\/\/polskipatchwork.pl\/wp-content\/uploads\/2026\/04\/IMG_20260425_150528-226x300.jpg\" data-large-file=\"https:\/\/polskipatchwork.pl\/wp-content\/uploads\/2026\/04\/IMG_20260425_150528-771x1024.jpg\" \/><\/a>\n\t\t\t<\/dt><\/dl><dl class='gallery-item'>\n\t\t\t<dt class='gallery-icon portrait'>\n\t\t\t\t<a href='https:\/\/polskipatchwork.pl\/img_20260426_110814\/'><img width=\"150\" height=\"150\" src=\"https:\/\/polskipatchwork.pl\/wp-content\/uploads\/2026\/04\/IMG_20260426_110814-150x150.jpg\" class=\"attachment-thumbnail size-thumbnail\" alt=\"\" loading=\"lazy\" srcset=\"https:\/\/polskipatchwork.pl\/wp-content\/uploads\/2026\/04\/IMG_20260426_110814-150x150.jpg 150w, https:\/\/polskipatchwork.pl\/wp-content\/uploads\/2026\/04\/IMG_20260426_110814-160x160.jpg 160w, https:\/\/polskipatchwork.pl\/wp-content\/uploads\/2026\/04\/IMG_20260426_110814-320x320.jpg 320w\" sizes=\"(max-width: 150px) 100vw, 150px\" data-attachment-id=\"7572\" data-permalink=\"https:\/\/polskipatchwork.pl\/img_20260426_110814\/\" data-orig-file=\"https:\/\/polskipatchwork.pl\/wp-content\/uploads\/2026\/04\/IMG_20260426_110814.jpg\" data-orig-size=\"1536,2040\" data-comments-opened=\"0\" data-image-meta=\"{&quot;aperture&quot;:&quot;0&quot;,&quot;credit&quot;:&quot;&quot;,&quot;camera&quot;:&quot;&quot;,&quot;caption&quot;:&quot;&quot;,&quot;created_timestamp&quot;:&quot;0&quot;,&quot;copyright&quot;:&quot;&quot;,&quot;focal_length&quot;:&quot;0&quot;,&quot;iso&quot;:&quot;0&quot;,&quot;shutter_speed&quot;:&quot;0&quot;,&quot;title&quot;:&quot;&quot;,&quot;orientation&quot;:&quot;1&quot;}\" data-image-title=\"IMG_20260426_110814\" data-image-description=\"\" data-medium-file=\"https:\/\/polskipatchwork.pl\/wp-content\/uploads\/2026\/04\/IMG_20260426_110814-226x300.jpg\" data-large-file=\"https:\/\/polskipatchwork.pl\/wp-content\/uploads\/2026\/04\/IMG_20260426_110814-771x1024.jpg\" \/><\/a>\n\t\t\t<\/dt><\/dl><br style=\"clear: both\" \/>\n\t\t<\/div>\n<br \/>\n\n\t\t<style type=\"text\/css\">\n\t\t\t#gallery-2 {\n\t\t\t\tmargin: auto;\n\t\t\t}\n\t\t\t#gallery-2 .gallery-item {\n\t\t\t\tfloat: left;\n\t\t\t\tmargin-top: 10px;\n\t\t\t\ttext-align: center;\n\t\t\t\twidth: 20%;\n\t\t\t}\n\t\t\t#gallery-2 img {\n\t\t\t\tborder: 2px solid #cfcfcf;\n\t\t\t}\n\t\t\t#gallery-2 .gallery-caption {\n\t\t\t\tmargin-left: 0;\n\t\t\t}\n\t\t\t\/* see gallery_shortcode() in wp-includes\/media.php *\/\n\t\t<\/style>\n\t\t<div data-carousel-extra='{\"blog_id\":1,\"permalink\":\"https:\\\/\\\/polskipatchwork.pl\\\/index.php\\\/2026\\\/04\\\/29\\\/wspomnienia-z-brno-patchwork-meeting-2026\\\/\"}' id='gallery-2' class='gallery galleryid-7582 gallery-columns-5 gallery-size-thumbnail'><dl class='gallery-item'>\n\t\t\t<dt class='gallery-icon landscape'>\n\t\t\t\t<a href='https:\/\/polskipatchwork.pl\/image_20260424_101018_190\/'><img width=\"150\" height=\"150\" src=\"https:\/\/polskipatchwork.pl\/wp-content\/uploads\/2026\/04\/IMAGE_20260424_101018_190-150x150.jpg\" class=\"attachment-thumbnail size-thumbnail\" alt=\"\" loading=\"lazy\" srcset=\"https:\/\/polskipatchwork.pl\/wp-content\/uploads\/2026\/04\/IMAGE_20260424_101018_190-150x150.jpg 150w, https:\/\/polskipatchwork.pl\/wp-content\/uploads\/2026\/04\/IMAGE_20260424_101018_190-160x160.jpg 160w, https:\/\/polskipatchwork.pl\/wp-content\/uploads\/2026\/04\/IMAGE_20260424_101018_190-320x320.jpg 320w\" sizes=\"(max-width: 150px) 100vw, 150px\" data-attachment-id=\"7565\" data-permalink=\"https:\/\/polskipatchwork.pl\/image_20260424_101018_190\/\" data-orig-file=\"https:\/\/polskipatchwork.pl\/wp-content\/uploads\/2026\/04\/IMAGE_20260424_101018_190.jpg\" data-orig-size=\"1632,1224\" data-comments-opened=\"0\" data-image-meta=\"{&quot;aperture&quot;:&quot;0&quot;,&quot;credit&quot;:&quot;&quot;,&quot;camera&quot;:&quot;&quot;,&quot;caption&quot;:&quot;&quot;,&quot;created_timestamp&quot;:&quot;0&quot;,&quot;copyright&quot;:&quot;&quot;,&quot;focal_length&quot;:&quot;0&quot;,&quot;iso&quot;:&quot;0&quot;,&quot;shutter_speed&quot;:&quot;0&quot;,&quot;title&quot;:&quot;&quot;,&quot;orientation&quot;:&quot;1&quot;}\" data-image-title=\"IMAGE_20260424_101018_190\" data-image-description=\"\" data-medium-file=\"https:\/\/polskipatchwork.pl\/wp-content\/uploads\/2026\/04\/IMAGE_20260424_101018_190-300x225.jpg\" data-large-file=\"https:\/\/polskipatchwork.pl\/wp-content\/uploads\/2026\/04\/IMAGE_20260424_101018_190-1024x768.jpg\" \/><\/a>\n\t\t\t<\/dt><\/dl><dl class='gallery-item'>\n\t\t\t<dt class='gallery-icon landscape'>\n\t\t\t\t<a href='https:\/\/polskipatchwork.pl\/image_20260424_100843_340\/'><img width=\"150\" height=\"150\" src=\"https:\/\/polskipatchwork.pl\/wp-content\/uploads\/2026\/04\/IMAGE_20260424_100843_340-150x150.jpg\" class=\"attachment-thumbnail size-thumbnail\" alt=\"\" loading=\"lazy\" srcset=\"https:\/\/polskipatchwork.pl\/wp-content\/uploads\/2026\/04\/IMAGE_20260424_100843_340-150x150.jpg 150w, https:\/\/polskipatchwork.pl\/wp-content\/uploads\/2026\/04\/IMAGE_20260424_100843_340-160x160.jpg 160w, https:\/\/polskipatchwork.pl\/wp-content\/uploads\/2026\/04\/IMAGE_20260424_100843_340-320x320.jpg 320w\" sizes=\"(max-width: 150px) 100vw, 150px\" data-attachment-id=\"7563\" data-permalink=\"https:\/\/polskipatchwork.pl\/image_20260424_100843_340\/\" data-orig-file=\"https:\/\/polskipatchwork.pl\/wp-content\/uploads\/2026\/04\/IMAGE_20260424_100843_340.jpg\" data-orig-size=\"1632,1224\" data-comments-opened=\"0\" data-image-meta=\"{&quot;aperture&quot;:&quot;0&quot;,&quot;credit&quot;:&quot;&quot;,&quot;camera&quot;:&quot;&quot;,&quot;caption&quot;:&quot;&quot;,&quot;created_timestamp&quot;:&quot;0&quot;,&quot;copyright&quot;:&quot;&quot;,&quot;focal_length&quot;:&quot;0&quot;,&quot;iso&quot;:&quot;0&quot;,&quot;shutter_speed&quot;:&quot;0&quot;,&quot;title&quot;:&quot;&quot;,&quot;orientation&quot;:&quot;1&quot;}\" data-image-title=\"IMAGE_20260424_100843_340\" data-image-description=\"\" data-medium-file=\"https:\/\/polskipatchwork.pl\/wp-content\/uploads\/2026\/04\/IMAGE_20260424_100843_340-300x225.jpg\" data-large-file=\"https:\/\/polskipatchwork.pl\/wp-content\/uploads\/2026\/04\/IMAGE_20260424_100843_340-1024x768.jpg\" \/><\/a>\n\t\t\t<\/dt><\/dl><dl class='gallery-item'>\n\t\t\t<dt class='gallery-icon landscape'>\n\t\t\t\t<a href='https:\/\/polskipatchwork.pl\/image_20260424_101012_005\/'><img width=\"150\" height=\"150\" src=\"https:\/\/polskipatchwork.pl\/wp-content\/uploads\/2026\/04\/IMAGE_20260424_101012_005-150x150.jpg\" class=\"attachment-thumbnail size-thumbnail\" alt=\"\" loading=\"lazy\" srcset=\"https:\/\/polskipatchwork.pl\/wp-content\/uploads\/2026\/04\/IMAGE_20260424_101012_005-150x150.jpg 150w, https:\/\/polskipatchwork.pl\/wp-content\/uploads\/2026\/04\/IMAGE_20260424_101012_005-160x160.jpg 160w, https:\/\/polskipatchwork.pl\/wp-content\/uploads\/2026\/04\/IMAGE_20260424_101012_005-320x320.jpg 320w\" sizes=\"(max-width: 150px) 100vw, 150px\" data-attachment-id=\"7564\" data-permalink=\"https:\/\/polskipatchwork.pl\/image_20260424_101012_005\/\" data-orig-file=\"https:\/\/polskipatchwork.pl\/wp-content\/uploads\/2026\/04\/IMAGE_20260424_101012_005.jpg\" data-orig-size=\"1632,1224\" data-comments-opened=\"0\" data-image-meta=\"{&quot;aperture&quot;:&quot;0&quot;,&quot;credit&quot;:&quot;&quot;,&quot;camera&quot;:&quot;&quot;,&quot;caption&quot;:&quot;&quot;,&quot;created_timestamp&quot;:&quot;0&quot;,&quot;copyright&quot;:&quot;&quot;,&quot;focal_length&quot;:&quot;0&quot;,&quot;iso&quot;:&quot;0&quot;,&quot;shutter_speed&quot;:&quot;0&quot;,&quot;title&quot;:&quot;&quot;,&quot;orientation&quot;:&quot;1&quot;}\" data-image-title=\"IMAGE_20260424_101012_005\" data-image-description=\"\" data-medium-file=\"https:\/\/polskipatchwork.pl\/wp-content\/uploads\/2026\/04\/IMAGE_20260424_101012_005-300x225.jpg\" data-large-file=\"https:\/\/polskipatchwork.pl\/wp-content\/uploads\/2026\/04\/IMAGE_20260424_101012_005-1024x768.jpg\" \/><\/a>\n\t\t\t<\/dt><\/dl><dl class='gallery-item'>\n\t\t\t<dt class='gallery-icon landscape'>\n\t\t\t\t<a href='https:\/\/polskipatchwork.pl\/img_9639\/'><img width=\"150\" height=\"150\" src=\"https:\/\/polskipatchwork.pl\/wp-content\/uploads\/2026\/04\/IMG_9639-150x150.jpg\" class=\"attachment-thumbnail size-thumbnail\" alt=\"\" loading=\"lazy\" srcset=\"https:\/\/polskipatchwork.pl\/wp-content\/uploads\/2026\/04\/IMG_9639-150x150.jpg 150w, https:\/\/polskipatchwork.pl\/wp-content\/uploads\/2026\/04\/IMG_9639-160x160.jpg 160w, https:\/\/polskipatchwork.pl\/wp-content\/uploads\/2026\/04\/IMG_9639-320x320.jpg 320w\" sizes=\"(max-width: 150px) 100vw, 150px\" data-attachment-id=\"7579\" data-permalink=\"https:\/\/polskipatchwork.pl\/img_9639\/\" data-orig-file=\"https:\/\/polskipatchwork.pl\/wp-content\/uploads\/2026\/04\/IMG_9639-scaled.jpg\" data-orig-size=\"2560,1707\" data-comments-opened=\"0\" data-image-meta=\"{&quot;aperture&quot;:&quot;0&quot;,&quot;credit&quot;:&quot;&quot;,&quot;camera&quot;:&quot;&quot;,&quot;caption&quot;:&quot;&quot;,&quot;created_timestamp&quot;:&quot;0&quot;,&quot;copyright&quot;:&quot;&quot;,&quot;focal_length&quot;:&quot;0&quot;,&quot;iso&quot;:&quot;0&quot;,&quot;shutter_speed&quot;:&quot;0&quot;,&quot;title&quot;:&quot;&quot;,&quot;orientation&quot;:&quot;0&quot;}\" data-image-title=\"IMG_9639\" data-image-description=\"\" data-medium-file=\"https:\/\/polskipatchwork.pl\/wp-content\/uploads\/2026\/04\/IMG_9639-300x200.jpg\" data-large-file=\"https:\/\/polskipatchwork.pl\/wp-content\/uploads\/2026\/04\/IMG_9639-1024x683.jpg\" \/><\/a>\n\t\t\t<\/dt><\/dl><dl class='gallery-item'>\n\t\t\t<dt class='gallery-icon landscape'>\n\t\t\t\t<a href='https:\/\/polskipatchwork.pl\/img_9601\/'><img width=\"150\" height=\"150\" src=\"https:\/\/polskipatchwork.pl\/wp-content\/uploads\/2026\/04\/IMG_9601-150x150.jpg\" class=\"attachment-thumbnail size-thumbnail\" alt=\"\" loading=\"lazy\" srcset=\"https:\/\/polskipatchwork.pl\/wp-content\/uploads\/2026\/04\/IMG_9601-150x150.jpg 150w, https:\/\/polskipatchwork.pl\/wp-content\/uploads\/2026\/04\/IMG_9601-160x160.jpg 160w, https:\/\/polskipatchwork.pl\/wp-content\/uploads\/2026\/04\/IMG_9601-320x320.jpg 320w\" sizes=\"(max-width: 150px) 100vw, 150px\" data-attachment-id=\"7575\" data-permalink=\"https:\/\/polskipatchwork.pl\/img_9601\/\" data-orig-file=\"https:\/\/polskipatchwork.pl\/wp-content\/uploads\/2026\/04\/IMG_9601-scaled.jpg\" data-orig-size=\"2560,1707\" data-comments-opened=\"0\" data-image-meta=\"{&quot;aperture&quot;:&quot;0&quot;,&quot;credit&quot;:&quot;&quot;,&quot;camera&quot;:&quot;&quot;,&quot;caption&quot;:&quot;&quot;,&quot;created_timestamp&quot;:&quot;0&quot;,&quot;copyright&quot;:&quot;&quot;,&quot;focal_length&quot;:&quot;0&quot;,&quot;iso&quot;:&quot;0&quot;,&quot;shutter_speed&quot;:&quot;0&quot;,&quot;title&quot;:&quot;&quot;,&quot;orientation&quot;:&quot;0&quot;}\" data-image-title=\"IMG_9601\" data-image-description=\"\" data-medium-file=\"https:\/\/polskipatchwork.pl\/wp-content\/uploads\/2026\/04\/IMG_9601-300x200.jpg\" data-large-file=\"https:\/\/polskipatchwork.pl\/wp-content\/uploads\/2026\/04\/IMG_9601-1024x683.jpg\" \/><\/a>\n\t\t\t<\/dt><\/dl><br style=\"clear: both\" \/>\n\t\t<\/div>\n<br \/>\n\n\t\t<style type=\"text\/css\">\n\t\t\t#gallery-3 {\n\t\t\t\tmargin: auto;\n\t\t\t}\n\t\t\t#gallery-3 .gallery-item {\n\t\t\t\tfloat: left;\n\t\t\t\tmargin-top: 10px;\n\t\t\t\ttext-align: center;\n\t\t\t\twidth: 20%;\n\t\t\t}\n\t\t\t#gallery-3 img {\n\t\t\t\tborder: 2px solid #cfcfcf;\n\t\t\t}\n\t\t\t#gallery-3 .gallery-caption {\n\t\t\t\tmargin-left: 0;\n\t\t\t}\n\t\t\t\/* see gallery_shortcode() in wp-includes\/media.php *\/\n\t\t<\/style>\n\t\t<div data-carousel-extra='{\"blog_id\":1,\"permalink\":\"https:\\\/\\\/polskipatchwork.pl\\\/index.php\\\/2026\\\/04\\\/29\\\/wspomnienia-z-brno-patchwork-meeting-2026\\\/\"}' id='gallery-3' class='gallery galleryid-7582 gallery-columns-5 gallery-size-thumbnail'><dl class='gallery-item'>\n\t\t\t<dt class='gallery-icon landscape'>\n\t\t\t\t<a href='https:\/\/polskipatchwork.pl\/img_9630\/'><img width=\"150\" height=\"150\" src=\"https:\/\/polskipatchwork.pl\/wp-content\/uploads\/2026\/04\/IMG_9630-150x150.jpg\" class=\"attachment-thumbnail size-thumbnail\" alt=\"\" loading=\"lazy\" srcset=\"https:\/\/polskipatchwork.pl\/wp-content\/uploads\/2026\/04\/IMG_9630-150x150.jpg 150w, https:\/\/polskipatchwork.pl\/wp-content\/uploads\/2026\/04\/IMG_9630-160x160.jpg 160w, https:\/\/polskipatchwork.pl\/wp-content\/uploads\/2026\/04\/IMG_9630-320x320.jpg 320w\" sizes=\"(max-width: 150px) 100vw, 150px\" data-attachment-id=\"7578\" data-permalink=\"https:\/\/polskipatchwork.pl\/img_9630\/\" data-orig-file=\"https:\/\/polskipatchwork.pl\/wp-content\/uploads\/2026\/04\/IMG_9630-scaled.jpg\" data-orig-size=\"2560,1707\" data-comments-opened=\"0\" data-image-meta=\"{&quot;aperture&quot;:&quot;0&quot;,&quot;credit&quot;:&quot;&quot;,&quot;camera&quot;:&quot;&quot;,&quot;caption&quot;:&quot;&quot;,&quot;created_timestamp&quot;:&quot;0&quot;,&quot;copyright&quot;:&quot;&quot;,&quot;focal_length&quot;:&quot;0&quot;,&quot;iso&quot;:&quot;0&quot;,&quot;shutter_speed&quot;:&quot;0&quot;,&quot;title&quot;:&quot;&quot;,&quot;orientation&quot;:&quot;0&quot;}\" data-image-title=\"IMG_9630\" data-image-description=\"\" data-medium-file=\"https:\/\/polskipatchwork.pl\/wp-content\/uploads\/2026\/04\/IMG_9630-300x200.jpg\" data-large-file=\"https:\/\/polskipatchwork.pl\/wp-content\/uploads\/2026\/04\/IMG_9630-1024x683.jpg\" \/><\/a>\n\t\t\t<\/dt><\/dl><dl class='gallery-item'>\n\t\t\t<dt class='gallery-icon landscape'>\n\t\t\t\t<a href='https:\/\/polskipatchwork.pl\/img_9612\/'><img width=\"150\" height=\"150\" src=\"https:\/\/polskipatchwork.pl\/wp-content\/uploads\/2026\/04\/IMG_9612-150x150.jpg\" class=\"attachment-thumbnail size-thumbnail\" alt=\"\" loading=\"lazy\" srcset=\"https:\/\/polskipatchwork.pl\/wp-content\/uploads\/2026\/04\/IMG_9612-150x150.jpg 150w, https:\/\/polskipatchwork.pl\/wp-content\/uploads\/2026\/04\/IMG_9612-160x160.jpg 160w, https:\/\/polskipatchwork.pl\/wp-content\/uploads\/2026\/04\/IMG_9612-320x320.jpg 320w\" sizes=\"(max-width: 150px) 100vw, 150px\" data-attachment-id=\"7576\" data-permalink=\"https:\/\/polskipatchwork.pl\/img_9612\/\" data-orig-file=\"https:\/\/polskipatchwork.pl\/wp-content\/uploads\/2026\/04\/IMG_9612-scaled.jpg\" data-orig-size=\"2560,1707\" data-comments-opened=\"0\" data-image-meta=\"{&quot;aperture&quot;:&quot;0&quot;,&quot;credit&quot;:&quot;&quot;,&quot;camera&quot;:&quot;&quot;,&quot;caption&quot;:&quot;&quot;,&quot;created_timestamp&quot;:&quot;0&quot;,&quot;copyright&quot;:&quot;&quot;,&quot;focal_length&quot;:&quot;0&quot;,&quot;iso&quot;:&quot;0&quot;,&quot;shutter_speed&quot;:&quot;0&quot;,&quot;title&quot;:&quot;&quot;,&quot;orientation&quot;:&quot;0&quot;}\" data-image-title=\"IMG_9612\" data-image-description=\"\" data-medium-file=\"https:\/\/polskipatchwork.pl\/wp-content\/uploads\/2026\/04\/IMG_9612-300x200.jpg\" data-large-file=\"https:\/\/polskipatchwork.pl\/wp-content\/uploads\/2026\/04\/IMG_9612-1024x683.jpg\" \/><\/a>\n\t\t\t<\/dt><\/dl><dl class='gallery-item'>\n\t\t\t<dt class='gallery-icon landscape'>\n\t\t\t\t<a href='https:\/\/polskipatchwork.pl\/image_20260424_101051_549\/'><img width=\"150\" height=\"150\" src=\"https:\/\/polskipatchwork.pl\/wp-content\/uploads\/2026\/04\/IMAGE_20260424_101051_549-150x150.jpg\" class=\"attachment-thumbnail size-thumbnail\" alt=\"\" loading=\"lazy\" srcset=\"https:\/\/polskipatchwork.pl\/wp-content\/uploads\/2026\/04\/IMAGE_20260424_101051_549-150x150.jpg 150w, https:\/\/polskipatchwork.pl\/wp-content\/uploads\/2026\/04\/IMAGE_20260424_101051_549-160x160.jpg 160w, https:\/\/polskipatchwork.pl\/wp-content\/uploads\/2026\/04\/IMAGE_20260424_101051_549-320x320.jpg 320w\" sizes=\"(max-width: 150px) 100vw, 150px\" data-attachment-id=\"7567\" data-permalink=\"https:\/\/polskipatchwork.pl\/image_20260424_101051_549\/\" data-orig-file=\"https:\/\/polskipatchwork.pl\/wp-content\/uploads\/2026\/04\/IMAGE_20260424_101051_549.jpg\" data-orig-size=\"1632,1224\" data-comments-opened=\"0\" data-image-meta=\"{&quot;aperture&quot;:&quot;0&quot;,&quot;credit&quot;:&quot;&quot;,&quot;camera&quot;:&quot;&quot;,&quot;caption&quot;:&quot;&quot;,&quot;created_timestamp&quot;:&quot;0&quot;,&quot;copyright&quot;:&quot;&quot;,&quot;focal_length&quot;:&quot;0&quot;,&quot;iso&quot;:&quot;0&quot;,&quot;shutter_speed&quot;:&quot;0&quot;,&quot;title&quot;:&quot;&quot;,&quot;orientation&quot;:&quot;1&quot;}\" data-image-title=\"IMAGE_20260424_101051_549\" data-image-description=\"\" data-medium-file=\"https:\/\/polskipatchwork.pl\/wp-content\/uploads\/2026\/04\/IMAGE_20260424_101051_549-300x225.jpg\" data-large-file=\"https:\/\/polskipatchwork.pl\/wp-content\/uploads\/2026\/04\/IMAGE_20260424_101051_549-1024x768.jpg\" \/><\/a>\n\t\t\t<\/dt><\/dl><dl class='gallery-item'>\n\t\t\t<dt class='gallery-icon landscape'>\n\t\t\t\t<a href='https:\/\/polskipatchwork.pl\/img_9613\/'><img width=\"150\" height=\"150\" src=\"https:\/\/polskipatchwork.pl\/wp-content\/uploads\/2026\/04\/IMG_9613-150x150.jpg\" class=\"attachment-thumbnail size-thumbnail\" alt=\"\" loading=\"lazy\" srcset=\"https:\/\/polskipatchwork.pl\/wp-content\/uploads\/2026\/04\/IMG_9613-150x150.jpg 150w, https:\/\/polskipatchwork.pl\/wp-content\/uploads\/2026\/04\/IMG_9613-160x160.jpg 160w, https:\/\/polskipatchwork.pl\/wp-content\/uploads\/2026\/04\/IMG_9613-320x320.jpg 320w\" sizes=\"(max-width: 150px) 100vw, 150px\" data-attachment-id=\"7577\" data-permalink=\"https:\/\/polskipatchwork.pl\/img_9613\/\" data-orig-file=\"https:\/\/polskipatchwork.pl\/wp-content\/uploads\/2026\/04\/IMG_9613-scaled.jpg\" data-orig-size=\"2560,1707\" data-comments-opened=\"0\" data-image-meta=\"{&quot;aperture&quot;:&quot;0&quot;,&quot;credit&quot;:&quot;&quot;,&quot;camera&quot;:&quot;&quot;,&quot;caption&quot;:&quot;&quot;,&quot;created_timestamp&quot;:&quot;0&quot;,&quot;copyright&quot;:&quot;&quot;,&quot;focal_length&quot;:&quot;0&quot;,&quot;iso&quot;:&quot;0&quot;,&quot;shutter_speed&quot;:&quot;0&quot;,&quot;title&quot;:&quot;&quot;,&quot;orientation&quot;:&quot;0&quot;}\" data-image-title=\"IMG_9613\" data-image-description=\"\" data-medium-file=\"https:\/\/polskipatchwork.pl\/wp-content\/uploads\/2026\/04\/IMG_9613-300x200.jpg\" data-large-file=\"https:\/\/polskipatchwork.pl\/wp-content\/uploads\/2026\/04\/IMG_9613-1024x683.jpg\" \/><\/a>\n\t\t\t<\/dt><\/dl><dl class='gallery-item'>\n\t\t\t<dt class='gallery-icon landscape'>\n\t\t\t\t<a href='https:\/\/polskipatchwork.pl\/img_9594\/'><img width=\"150\" height=\"150\" src=\"https:\/\/polskipatchwork.pl\/wp-content\/uploads\/2026\/04\/IMG_9594-150x150.jpg\" class=\"attachment-thumbnail size-thumbnail\" alt=\"\" loading=\"lazy\" srcset=\"https:\/\/polskipatchwork.pl\/wp-content\/uploads\/2026\/04\/IMG_9594-150x150.jpg 150w, https:\/\/polskipatchwork.pl\/wp-content\/uploads\/2026\/04\/IMG_9594-160x160.jpg 160w, https:\/\/polskipatchwork.pl\/wp-content\/uploads\/2026\/04\/IMG_9594-320x320.jpg 320w\" sizes=\"(max-width: 150px) 100vw, 150px\" data-attachment-id=\"7574\" data-permalink=\"https:\/\/polskipatchwork.pl\/img_9594\/\" data-orig-file=\"https:\/\/polskipatchwork.pl\/wp-content\/uploads\/2026\/04\/IMG_9594-scaled.jpg\" data-orig-size=\"2560,1707\" data-comments-opened=\"0\" data-image-meta=\"{&quot;aperture&quot;:&quot;0&quot;,&quot;credit&quot;:&quot;&quot;,&quot;camera&quot;:&quot;&quot;,&quot;caption&quot;:&quot;&quot;,&quot;created_timestamp&quot;:&quot;0&quot;,&quot;copyright&quot;:&quot;&quot;,&quot;focal_length&quot;:&quot;0&quot;,&quot;iso&quot;:&quot;0&quot;,&quot;shutter_speed&quot;:&quot;0&quot;,&quot;title&quot;:&quot;&quot;,&quot;orientation&quot;:&quot;0&quot;}\" data-image-title=\"IMG_9594\" data-image-description=\"\" data-medium-file=\"https:\/\/polskipatchwork.pl\/wp-content\/uploads\/2026\/04\/IMG_9594-300x200.jpg\" data-large-file=\"https:\/\/polskipatchwork.pl\/wp-content\/uploads\/2026\/04\/IMG_9594-1024x683.jpg\" \/><\/a>\n\t\t\t<\/dt><\/dl><br style=\"clear: both\" \/>\n\t\t<\/div>\n<br \/>\n\n\t\t<style type=\"text\/css\">\n\t\t\t#gallery-4 {\n\t\t\t\tmargin: auto;\n\t\t\t}\n\t\t\t#gallery-4 .gallery-item {\n\t\t\t\tfloat: left;\n\t\t\t\tmargin-top: 10px;\n\t\t\t\ttext-align: center;\n\t\t\t\twidth: 16%;\n\t\t\t}\n\t\t\t#gallery-4 img {\n\t\t\t\tborder: 2px solid #cfcfcf;\n\t\t\t}\n\t\t\t#gallery-4 .gallery-caption {\n\t\t\t\tmargin-left: 0;\n\t\t\t}\n\t\t\t\/* see gallery_shortcode() in wp-includes\/media.php *\/\n\t\t<\/style>\n\t\t<div data-carousel-extra='{\"blog_id\":1,\"permalink\":\"https:\\\/\\\/polskipatchwork.pl\\\/index.php\\\/2026\\\/04\\\/29\\\/wspomnienia-z-brno-patchwork-meeting-2026\\\/\"}' id='gallery-4' class='gallery galleryid-7582 gallery-columns-6 gallery-size-thumbnail'><dl class='gallery-item'>\n\t\t\t<dt class='gallery-icon portrait'>\n\t\t\t\t<a href='https:\/\/polskipatchwork.pl\/2026-04-25-bpm-brno-306\/'><img width=\"150\" height=\"150\" src=\"https:\/\/polskipatchwork.pl\/wp-content\/uploads\/2026\/04\/2026.04.25-BPM-Brno-306-150x150.jpg\" class=\"attachment-thumbnail size-thumbnail\" alt=\"\" loading=\"lazy\" srcset=\"https:\/\/polskipatchwork.pl\/wp-content\/uploads\/2026\/04\/2026.04.25-BPM-Brno-306-150x150.jpg 150w, https:\/\/polskipatchwork.pl\/wp-content\/uploads\/2026\/04\/2026.04.25-BPM-Brno-306-160x160.jpg 160w, https:\/\/polskipatchwork.pl\/wp-content\/uploads\/2026\/04\/2026.04.25-BPM-Brno-306-320x320.jpg 320w\" sizes=\"(max-width: 150px) 100vw, 150px\" data-attachment-id=\"7561\" data-permalink=\"https:\/\/polskipatchwork.pl\/2026-04-25-bpm-brno-306\/\" data-orig-file=\"https:\/\/polskipatchwork.pl\/wp-content\/uploads\/2026\/04\/2026.04.25-BPM-Brno-306.jpg\" data-orig-size=\"1632,2464\" data-comments-opened=\"0\" data-image-meta=\"{&quot;aperture&quot;:&quot;9&quot;,&quot;credit&quot;:&quot;&quot;,&quot;camera&quot;:&quot;PENTAX K-30&quot;,&quot;caption&quot;:&quot;&quot;,&quot;created_timestamp&quot;:&quot;1777118254&quot;,&quot;copyright&quot;:&quot;&quot;,&quot;focal_length&quot;:&quot;20&quot;,&quot;iso&quot;:&quot;200&quot;,&quot;shutter_speed&quot;:&quot;0.02&quot;,&quot;title&quot;:&quot;&quot;,&quot;orientation&quot;:&quot;1&quot;}\" data-image-title=\"2026.04.25 BPM Brno (306)\" data-image-description=\"\" data-medium-file=\"https:\/\/polskipatchwork.pl\/wp-content\/uploads\/2026\/04\/2026.04.25-BPM-Brno-306-199x300.jpg\" data-large-file=\"https:\/\/polskipatchwork.pl\/wp-content\/uploads\/2026\/04\/2026.04.25-BPM-Brno-306-678x1024.jpg\" \/><\/a>\n\t\t\t<\/dt><\/dl><dl class='gallery-item'>\n\t\t\t<dt class='gallery-icon landscape'>\n\t\t\t\t<a href='https:\/\/polskipatchwork.pl\/img_9590\/'><img width=\"150\" height=\"150\" src=\"https:\/\/polskipatchwork.pl\/wp-content\/uploads\/2026\/04\/IMG_9590-150x150.jpg\" class=\"attachment-thumbnail size-thumbnail\" alt=\"\" loading=\"lazy\" srcset=\"https:\/\/polskipatchwork.pl\/wp-content\/uploads\/2026\/04\/IMG_9590-150x150.jpg 150w, https:\/\/polskipatchwork.pl\/wp-content\/uploads\/2026\/04\/IMG_9590-160x160.jpg 160w, https:\/\/polskipatchwork.pl\/wp-content\/uploads\/2026\/04\/IMG_9590-320x320.jpg 320w\" sizes=\"(max-width: 150px) 100vw, 150px\" data-attachment-id=\"7573\" data-permalink=\"https:\/\/polskipatchwork.pl\/img_9590\/\" data-orig-file=\"https:\/\/polskipatchwork.pl\/wp-content\/uploads\/2026\/04\/IMG_9590-scaled.jpg\" data-orig-size=\"2560,1707\" data-comments-opened=\"0\" data-image-meta=\"{&quot;aperture&quot;:&quot;0&quot;,&quot;credit&quot;:&quot;&quot;,&quot;camera&quot;:&quot;&quot;,&quot;caption&quot;:&quot;&quot;,&quot;created_timestamp&quot;:&quot;0&quot;,&quot;copyright&quot;:&quot;&quot;,&quot;focal_length&quot;:&quot;0&quot;,&quot;iso&quot;:&quot;0&quot;,&quot;shutter_speed&quot;:&quot;0&quot;,&quot;title&quot;:&quot;&quot;,&quot;orientation&quot;:&quot;0&quot;}\" data-image-title=\"IMG_9590\" data-image-description=\"\" data-medium-file=\"https:\/\/polskipatchwork.pl\/wp-content\/uploads\/2026\/04\/IMG_9590-300x200.jpg\" data-large-file=\"https:\/\/polskipatchwork.pl\/wp-content\/uploads\/2026\/04\/IMG_9590-1024x683.jpg\" \/><\/a>\n\t\t\t<\/dt><\/dl><dl class='gallery-item'>\n\t\t\t<dt class='gallery-icon portrait'>\n\t\t\t\t<a href='https:\/\/polskipatchwork.pl\/img-20260426-wa0016\/'><img width=\"150\" height=\"150\" src=\"https:\/\/polskipatchwork.pl\/wp-content\/uploads\/2026\/04\/IMG-20260426-WA0016-150x150.jpg\" class=\"attachment-thumbnail size-thumbnail\" alt=\"\" loading=\"lazy\" srcset=\"https:\/\/polskipatchwork.pl\/wp-content\/uploads\/2026\/04\/IMG-20260426-WA0016-150x150.jpg 150w, https:\/\/polskipatchwork.pl\/wp-content\/uploads\/2026\/04\/IMG-20260426-WA0016-160x160.jpg 160w, https:\/\/polskipatchwork.pl\/wp-content\/uploads\/2026\/04\/IMG-20260426-WA0016-320x320.jpg 320w\" sizes=\"(max-width: 150px) 100vw, 150px\" data-attachment-id=\"7581\" data-permalink=\"https:\/\/polskipatchwork.pl\/img-20260426-wa0016\/\" data-orig-file=\"https:\/\/polskipatchwork.pl\/wp-content\/uploads\/2026\/04\/IMG-20260426-WA0016.jpg\" data-orig-size=\"1200,1600\" data-comments-opened=\"0\" data-image-meta=\"{&quot;aperture&quot;:&quot;0&quot;,&quot;credit&quot;:&quot;&quot;,&quot;camera&quot;:&quot;&quot;,&quot;caption&quot;:&quot;&quot;,&quot;created_timestamp&quot;:&quot;0&quot;,&quot;copyright&quot;:&quot;&quot;,&quot;focal_length&quot;:&quot;0&quot;,&quot;iso&quot;:&quot;0&quot;,&quot;shutter_speed&quot;:&quot;0&quot;,&quot;title&quot;:&quot;&quot;,&quot;orientation&quot;:&quot;0&quot;}\" data-image-title=\"IMG-20260426-WA0016\" data-image-description=\"\" data-medium-file=\"https:\/\/polskipatchwork.pl\/wp-content\/uploads\/2026\/04\/IMG-20260426-WA0016-225x300.jpg\" data-large-file=\"https:\/\/polskipatchwork.pl\/wp-content\/uploads\/2026\/04\/IMG-20260426-WA0016-768x1024.jpg\" \/><\/a>\n\t\t\t<\/dt><\/dl><dl class='gallery-item'>\n\t\t\t<dt class='gallery-icon portrait'>\n\t\t\t\t<a href='https:\/\/polskipatchwork.pl\/2026-04-25-bpm-brno-327\/'><img width=\"150\" height=\"150\" src=\"https:\/\/polskipatchwork.pl\/wp-content\/uploads\/2026\/04\/2026.04.25-BPM-Brno-327-150x150.jpg\" class=\"attachment-thumbnail size-thumbnail\" alt=\"\" loading=\"lazy\" srcset=\"https:\/\/polskipatchwork.pl\/wp-content\/uploads\/2026\/04\/2026.04.25-BPM-Brno-327-150x150.jpg 150w, https:\/\/polskipatchwork.pl\/wp-content\/uploads\/2026\/04\/2026.04.25-BPM-Brno-327-160x160.jpg 160w, https:\/\/polskipatchwork.pl\/wp-content\/uploads\/2026\/04\/2026.04.25-BPM-Brno-327-320x320.jpg 320w\" sizes=\"(max-width: 150px) 100vw, 150px\" data-attachment-id=\"7562\" data-permalink=\"https:\/\/polskipatchwork.pl\/2026-04-25-bpm-brno-327\/\" data-orig-file=\"https:\/\/polskipatchwork.pl\/wp-content\/uploads\/2026\/04\/2026.04.25-BPM-Brno-327.jpg\" data-orig-size=\"1632,2464\" data-comments-opened=\"0\" data-image-meta=\"{&quot;aperture&quot;:&quot;9&quot;,&quot;credit&quot;:&quot;&quot;,&quot;camera&quot;:&quot;PENTAX K-30&quot;,&quot;caption&quot;:&quot;&quot;,&quot;created_timestamp&quot;:&quot;1777118413&quot;,&quot;copyright&quot;:&quot;&quot;,&quot;focal_length&quot;:&quot;18&quot;,&quot;iso&quot;:&quot;400&quot;,&quot;shutter_speed&quot;:&quot;0.025&quot;,&quot;title&quot;:&quot;&quot;,&quot;orientation&quot;:&quot;1&quot;}\" data-image-title=\"2026.04.25 BPM Brno (327)\" data-image-description=\"\" data-medium-file=\"https:\/\/polskipatchwork.pl\/wp-content\/uploads\/2026\/04\/2026.04.25-BPM-Brno-327-199x300.jpg\" data-large-file=\"https:\/\/polskipatchwork.pl\/wp-content\/uploads\/2026\/04\/2026.04.25-BPM-Brno-327-678x1024.jpg\" \/><\/a>\n\t\t\t<\/dt><\/dl><dl class='gallery-item'>\n\t\t\t<dt class='gallery-icon portrait'>\n\t\t\t\t<a href='https:\/\/polskipatchwork.pl\/img_20260424_160015\/'><img width=\"150\" height=\"150\" src=\"https:\/\/polskipatchwork.pl\/wp-content\/uploads\/2026\/04\/IMG_20260424_160015-150x150.jpg\" class=\"attachment-thumbnail size-thumbnail\" alt=\"\" loading=\"lazy\" srcset=\"https:\/\/polskipatchwork.pl\/wp-content\/uploads\/2026\/04\/IMG_20260424_160015-150x150.jpg 150w, https:\/\/polskipatchwork.pl\/wp-content\/uploads\/2026\/04\/IMG_20260424_160015-160x160.jpg 160w, https:\/\/polskipatchwork.pl\/wp-content\/uploads\/2026\/04\/IMG_20260424_160015-320x320.jpg 320w\" sizes=\"(max-width: 150px) 100vw, 150px\" data-attachment-id=\"7568\" data-permalink=\"https:\/\/polskipatchwork.pl\/img_20260424_160015\/\" data-orig-file=\"https:\/\/polskipatchwork.pl\/wp-content\/uploads\/2026\/04\/IMG_20260424_160015.jpg\" data-orig-size=\"1536,2040\" data-comments-opened=\"0\" data-image-meta=\"{&quot;aperture&quot;:&quot;0&quot;,&quot;credit&quot;:&quot;&quot;,&quot;camera&quot;:&quot;&quot;,&quot;caption&quot;:&quot;&quot;,&quot;created_timestamp&quot;:&quot;0&quot;,&quot;copyright&quot;:&quot;&quot;,&quot;focal_length&quot;:&quot;0&quot;,&quot;iso&quot;:&quot;0&quot;,&quot;shutter_speed&quot;:&quot;0&quot;,&quot;title&quot;:&quot;&quot;,&quot;orientation&quot;:&quot;1&quot;}\" data-image-title=\"IMG_20260424_160015\" data-image-description=\"\" data-medium-file=\"https:\/\/polskipatchwork.pl\/wp-content\/uploads\/2026\/04\/IMG_20260424_160015-226x300.jpg\" data-large-file=\"https:\/\/polskipatchwork.pl\/wp-content\/uploads\/2026\/04\/IMG_20260424_160015-771x1024.jpg\" \/><\/a>\n\t\t\t<\/dt><\/dl><dl class='gallery-item'>\n\t\t\t<dt class='gallery-icon portrait'>\n\t\t\t\t<a href='https:\/\/polskipatchwork.pl\/img_20260425_114604\/'><img width=\"150\" height=\"150\" src=\"https:\/\/polskipatchwork.pl\/wp-content\/uploads\/2026\/04\/IMG_20260425_114604-150x150.jpg\" class=\"attachment-thumbnail size-thumbnail\" alt=\"\" loading=\"lazy\" srcset=\"https:\/\/polskipatchwork.pl\/wp-content\/uploads\/2026\/04\/IMG_20260425_114604-150x150.jpg 150w, https:\/\/polskipatchwork.pl\/wp-content\/uploads\/2026\/04\/IMG_20260425_114604-160x160.jpg 160w, https:\/\/polskipatchwork.pl\/wp-content\/uploads\/2026\/04\/IMG_20260425_114604-320x320.jpg 320w\" sizes=\"(max-width: 150px) 100vw, 150px\" data-attachment-id=\"7569\" data-permalink=\"https:\/\/polskipatchwork.pl\/img_20260425_114604\/\" data-orig-file=\"https:\/\/polskipatchwork.pl\/wp-content\/uploads\/2026\/04\/IMG_20260425_114604.jpg\" data-orig-size=\"1536,2040\" data-comments-opened=\"0\" data-image-meta=\"{&quot;aperture&quot;:&quot;0&quot;,&quot;credit&quot;:&quot;&quot;,&quot;camera&quot;:&quot;&quot;,&quot;caption&quot;:&quot;&quot;,&quot;created_timestamp&quot;:&quot;0&quot;,&quot;copyright&quot;:&quot;&quot;,&quot;focal_length&quot;:&quot;0&quot;,&quot;iso&quot;:&quot;0&quot;,&quot;shutter_speed&quot;:&quot;0&quot;,&quot;title&quot;:&quot;&quot;,&quot;orientation&quot;:&quot;1&quot;}\" data-image-title=\"IMG_20260425_114604\" data-image-description=\"\" data-medium-file=\"https:\/\/polskipatchwork.pl\/wp-content\/uploads\/2026\/04\/IMG_20260425_114604-226x300.jpg\" data-large-file=\"https:\/\/polskipatchwork.pl\/wp-content\/uploads\/2026\/04\/IMG_20260425_114604-771x1024.jpg\" \/><\/a>\n\t\t\t<\/dt><\/dl><br style=\"clear: both\" \/>\n\t\t<\/div>\n<\/p>\n","protected":false},"excerpt":{"rendered":"<p>Stowarzyszenie Polskiego Patchworku dzi\u0119ki specjalnemu zaproszeniu organizator\u00f3w Brno Patchwork Meeting, w dniach 24 \u2013 26 04.2026 r. ponownie mia\u0142o okazj\u0119 pokaza\u0107 patchworki naszych cz\u0142onki\u0144. Zaprezentowane zosta\u0142y quilty z okresu 10 lat istnienia Stowarzyszenia Polskiego&#46;&#46;&#46;<\/p>\n","protected":false},"author":6,"featured_media":7565,"comment_status":"closed","ping_status":"open","sticky":false,"template":"","format":"standard","meta":{"_monsterinsights_skip_tracking":false,"_monsterinsights_sitenote_active":false,"_monsterinsights_sitenote_note":"","_monsterinsights_sitenote_category":0,"spay_email":"","jetpack_publicize_message":"","jetpack_is_tweetstorm":false},"categories":[1,75,10],"tags":[],"jetpack_featured_media_url":"https:\/\/polskipatchwork.pl\/wp-content\/uploads\/2026\/04\/IMAGE_20260424_101018_190.jpg","jetpack_publicize_connections":[],"jetpack-related-posts":[{"id":7536,"url":"https:\/\/polskipatchwork.pl\/index.php\/2026\/04\/11\/zapraszamy-na-polska-wystawe-w-trakcie-brno-patchwork-meeting-2026\/","url_meta":{"origin":7582,"position":0},"title":"Zapraszamy na polsk\u0105 wystaw\u0119 w trakcie Brno Patchwork Meeting 2026","date":"11 kwietnia 2026","format":false,"excerpt":"Zapraszamy na wyj\u0105tkow\u0105 wystaw\u0119 jubileuszow\u0105 z okazji 10-lecia Stowarzyszenia Polskiego Patchworku \u2013 barwn\u0105 i inspiruj\u0105c\u0105 podr\u00f3\u017c przez \u015bwiat tkaniny, koloru i nieograniczonej wyobra\u017ani. Prezentowana ekspozycja to niezwyk\u0142a okazja, by zobaczy\u0107 wybrane, najbardziej efektowne prace tworzone przez cz\u0142onk\u00f3w Stowarzyszenia na przestrzeni lat. Wystawa urzeka r\u00f3\u017cnorodno\u015bci\u0105 form i technik \u2013 od precyzyjnych\u2026","rel":"","context":"In &quot;Aktualno\u015bci&quot;","img":{"alt_text":"","src":"https:\/\/i0.wp.com\/polskipatchwork.pl\/wp-content\/uploads\/2026\/04\/Brno.png?resize=350%2C200&ssl=1","width":350,"height":200},"classes":[]},{"id":4282,"url":"https:\/\/polskipatchwork.pl\/index.php\/2020\/03\/17\/wystawa-patchworkow-w-trakcie-targow-home-decor-2020-w-poznaniu\/","url_meta":{"origin":7582,"position":1},"title":"Wystawa patchwork\u00f3w w trakcie Targ\u00f3w Home Decor 2020 w Poznaniu","date":"17 marca 2020","format":false,"excerpt":"Mo\u017cliwo\u015bci do grupowej prezentacji prac artyst\u00f3w tworz\u0105cych quilty jest w Polce niewiele. Nie mo\u017cemy poszczyci\u0107 si\u0119 festiwalami patchworku, jak nasze kole\u017canki zza oceanu. Przyczyny takiej sytuacji s\u0105 skomplikowane, ale w ostatnich dniach lutego pojawi\u0142o si\u0119 \u015bwiate\u0142ko, daj\u0105ce nadziej\u0119 na rozwini\u0119cie si\u0119 takich przedsi\u0119wzi\u0119\u0107. W dniach 25 -28 luty podczas Targ\u00f3w\u2026","rel":"","context":"In &quot;Aktualno\u015bci&quot;","img":{"alt_text":"","src":"https:\/\/i2.wp.com\/polskipatchwork.pl\/wp-content\/uploads\/2020\/03\/MG_7231.jpg?resize=350%2C200&ssl=1","width":350,"height":200},"classes":[]},{"id":1605,"url":"https:\/\/polskipatchwork.pl\/index.php\/2017\/06\/01\/baska-miala-fajny-quilt\/","url_meta":{"origin":7582,"position":2},"title":"Ba\u015bka mia\u0142a fajny......quilt :)","date":"1 czerwca 2017","format":false,"excerpt":"Nasza Basia, czyli Basia Pieczy\u0144ska zaprasza na swoj\u0105 kolejn\u0105, indywidualn\u0105 wystaw\u0119. Wernisa\u017c b\u0119dzie mia\u0142 miejsce w Hali Sportowej w Rzgowie, przy ulicy Szkolnej 5; 9 czerwca o godz.18. A tak Basia opowiada o tym, co szcz\u0119\u015bliwcy zobacz\u0105: \"\u015awiat patchworku\" to moja druga indywidualna wystawa. W\u015br\u00f3d du\u017cych prac b\u0119d\u0105 trzy nowe\u2026","rel":"","context":"In &quot;Aktualno\u015bci&quot;","img":{"alt_text":"","src":"https:\/\/i0.wp.com\/polskipatchwork.pl\/wp-content\/uploads\/2017\/06\/plakat-patchwork.jpg?resize=350%2C200&ssl=1","width":350,"height":200},"classes":[]},{"id":2690,"url":"https:\/\/polskipatchwork.pl\/index.php\/2018\/04\/07\/prague-patchwork-meeting-wiesci-na-goraco\/","url_meta":{"origin":7582,"position":3},"title":"Prague Patchwork Meeting - wie\u015bci na gor\u0105co","date":"7 kwietnia 2018","format":false,"excerpt":"Dzisiaj og\u0142oszono wyniki konkurs\u00f3w w ramach tegorocznego Prague Patchwork Meeting. Z wielk\u0105 przyjemno\u015bci\u0105 informujemy, \u017ce pierwsze i trzecie miejsce w kategorii \"Storm at the Sea\"\u00a0 zaj\u0119\u0142y nasze kole\u017canki ze Stowarzyszenia Polskiego Patchworku: Joanna Ho\u0142omiej i Sylwia Ignatowska. Drugie miejsce w tej kategorii te\u017c zaj\u0119\u0142a Polka - Ewa Lipi\u0144ska-Krzemianowska. Opr\u00f3cz tego\u2026","rel":"","context":"In &quot;Aktualno\u015bci&quot;","img":{"alt_text":"","src":"https:\/\/i0.wp.com\/polskipatchwork.pl\/wp-content\/uploads\/2018\/04\/30227186_1663092160441360_630612193892630528_n.jpg?resize=350%2C200&ssl=1","width":350,"height":200},"classes":[]},{"id":7173,"url":"https:\/\/polskipatchwork.pl\/index.php\/2025\/06\/12\/7173\/","url_meta":{"origin":7582,"position":4},"title":"II Dni Patchworku w \u017byrardowie","date":"12 czerwca 2025","format":false,"excerpt":"W dniach 16-18 maja br odby\u0142y si\u0119 II Dni Patchworku zorganizowane przez Stowarzyszenie Polskiego Patchworku we wsp\u00f3\u0142pracy z Miastem \u017byrard\u00f3w, Muzeum Lniarstwa i Centrum Kultury w \u017byrardowie. Zwiedzaj\u0105cy Muzeum Lniarstwa oraz go\u015bcie Starego Kantoru mieli okazj\u0119 podziwia\u0107 trzy wystawy patchwork\u00f3w: mi\u0119dzynarodow\u0105 wystaw\u0119 pt. \u201eLegenda\u201d \u2013 projekt European Quilt Association, w\u2026","rel":"","context":"In &quot;Aktualno\u015bci&quot;","img":{"alt_text":"","src":"https:\/\/i2.wp.com\/polskipatchwork.pl\/wp-content\/uploads\/2025\/06\/legenda.jpg?resize=350%2C200&ssl=1","width":350,"height":200},"classes":[]},{"id":7460,"url":"https:\/\/polskipatchwork.pl\/index.php\/2026\/02\/08\/inauguracja-obchodow-10-lecia-spp-za-nami\/","url_meta":{"origin":7582,"position":5},"title":"Inauguracja obchod\u00f3w 10-lecia SPP za nami","date":"8 lutego 2026","format":false,"excerpt":"W sobot\u0119, 7 lutego 2026 r. w Centrum Kultury i Sztuki w Skierniewicach zainaugurowali\u015bmy obchody 10-lecia istnienia Stowarzyszenia Polskiego Patchworku. Rozpocz\u0119li\u015bmy je kursem mistrzowskim \u201eFale i ko\u0142a\u201d, prowadzonym przez \u015bwiatowej s\u0142awy quilterk\u0119, projektantk\u0119, pisark\u0119 i dziennikark\u0119 mieszkaj\u0105c\u0105 we Francji Gall\u0119 Grotto. W kursie uczestniczy\u0142o 11 cz\u0142onki\u0144 Stowarzyszenia Polskiego Patchworku, t\u0142umaczenie\u2026","rel":"","context":"In &quot;Aktualno\u015bci&quot;","img":{"alt_text":"","src":"https:\/\/i1.wp.com\/polskipatchwork.pl\/wp-content\/uploads\/2026\/01\/PLAKAT-70x50.pdf-10-lecie-scaled.jpg?resize=350%2C200&ssl=1","width":350,"height":200},"classes":[]}],"jetpack_sharing_enabled":true,"jetpack_shortlink":"https:\/\/wp.me\/p7yhvX-1Yi","_links":{"self":[{"href":"https:\/\/polskipatchwork.pl\/index.php\/wp-json\/wp\/v2\/posts\/7582"}],"collection":[{"href":"https:\/\/polskipatchwork.pl\/index.php\/wp-json\/wp\/v2\/posts"}],"about":[{"href":"https:\/\/polskipatchwork.pl\/index.php\/wp-json\/wp\/v2\/types\/post"}],"author":[{"embeddable":true,"href":"https:\/\/polskipatchwork.pl\/index.php\/wp-json\/wp\/v2\/users\/6"}],"replies":[{"embeddable":true,"href":"https:\/\/polskipatchwork.pl\/index.php\/wp-json\/wp\/v2\/comments?post=7582"}],"version-history":[{"count":2,"href":"https:\/\/polskipatchwork.pl\/index.php\/wp-json\/wp\/v2\/posts\/7582\/revisions"}],"predecessor-version":[{"id":7584,"href":"https:\/\/polskipatchwork.pl\/index.php\/wp-json\/wp\/v2\/posts\/7582\/revisions\/7584"}],"wp:featuredmedia":[{"embeddable":true,"href":"https:\/\/polskipatchwork.pl\/index.php\/wp-json\/wp\/v2\/media\/7565"}],"wp:attachment":[{"href":"https:\/\/polskipatchwork.pl\/index.php\/wp-json\/wp\/v2\/media?parent=7582"}],"wp:term":[{"taxonomy":"category","embeddable":true,"href":"https:\/\/polskipatchwork.pl\/index.php\/wp-json\/wp\/v2\/categories?post=7582"},{"taxonomy":"post_tag","embeddable":true,"href":"https:\/\/polskipatchwork.pl\/index.php\/wp-json\/wp\/v2\/tags?post=7582"}],"curies":[{"name":"wp","href":"https:\/\/api.w.org\/{rel}","templated":true}]}}