{"id":7585,"date":"2026-05-02T00:42:23","date_gmt":"2026-05-01T22:42:23","guid":{"rendered":"https:\/\/polskipatchwork.pl\/?p=7585"},"modified":"2026-05-02T00:44:20","modified_gmt":"2026-05-01T22:44:20","slug":"z-pasji-do-tkanin-dolacz-do-iii-dni-patchworku-w-zyrardowie","status":"publish","type":"post","link":"https:\/\/polskipatchwork.pl\/index.php\/2026\/05\/02\/z-pasji-do-tkanin-dolacz-do-iii-dni-patchworku-w-zyrardowie\/","title":{"rendered":"Z pasji do tkanin \u2013 do\u0142\u0105cz do III Dni Patchworku w \u017byrardowie!"},"content":{"rendered":"<p>Pasjonaci patchworku, \u0142\u0105czmy si\u0119! Ju\u017c 15\u201317 maja 2026 r. zapraszamy na trzeci\u0105 edycj\u0119 <strong>Dni Patchworku w \u017byrardowie<\/strong>. Stowarzyszenie Polskiego Patchworku wsp\u00f3lnie z Miastem \u017byrard\u00f3w, Muzeum Lniarstwa i lokalnym Centrum Kultury szykuje dla Was wyj\u0105tkowe wydarzenie. Poprzednie lata pokaza\u0142y, jak wielk\u0105 si\u0142\u0119 ma nasza spo\u0142eczno\u015b\u0107. Czekamy na do\u015bwiadczonych tw\u00f3rc\u00f3w oraz tych, kt\u00f3rzy dopiero chc\u0105 postawi\u0107 swoje pierwsze kroki w \u015bwiecie tkanin \u2013 ostrzegamy, to hobby wci\u0105ga na zawsze!<\/p>\n<p><strong>Przyjd\u017a, zobacz niesamowite prace i daj si\u0119 zainspirowa\u0107 do stworzenia w\u0142asnego patchworku!<\/strong><\/p>\n<p><strong>Przygotowali\u015bmy dla Was wiele atrakcyjnych propozycji:<\/strong><\/p>\n<p>&nbsp;<\/p>\n<h3><strong>I. Trzy wystawy patchwork\u00f3w<\/strong><\/h3>\n<p><strong>1. Mi\u0119dzynarodowa wystawa patchwork\u00f3w &#8220;Origins \u2013 Pochodzenie\/Pocz\u0105tki&#8221;<\/strong> prezentowana w Muzeum Lniarstwa, to fascynuj\u0105ca podr\u00f3\u017c przez r\u00f3\u017cnorodno\u015b\u0107 kultur, technik i interpretacji. Ka\u017cdy quilt opowiada tu odr\u0119bn\u0105 histori\u0119, \u0142\u0105cz\u0105c tradycyjne wzory z nowoczesnym podej\u015bciem do formy. Arty\u015bci z 19 kraj\u00f3w Europy prezentuj\u0105 zar\u00f3wno odkrywcze kompozycje, jak i subtelne, introspektywne prace, zach\u0119caj\u0105c do refleksji nad wp\u0142ywem przesz\u0142o\u015bci na nasz\u0105 tera\u017aniejszo\u015b\u0107.<\/p>\n<p>Ekspozycja, b\u0119d\u0105ca efektem konkursu European Quilt Association, stanowi unikaln\u0105 okazj\u0119 do dialogu o r\u0119kodziele, kulturze i ekologii przez pryzmat sztuki \u0142\u0105czenia. W\u015br\u00f3d mi\u0119dzynarodowych<br \/>\ndzie\u0142 znalaz\u0142o si\u0119 tak\u017ce osiem prac polskich artystek.<\/p>\n<p>Zapraszamy na <strong>wernisa\u017c w dniu 16 maja , g.18.00.<\/strong><br \/>\nWystaw\u0119 b\u0119dzie mo\u017cna zwiedza\u0107 do 28.06 br. w godzinach pracy Muzeum Lniarstwa.<\/p>\n<p><strong>2. Wystawa patchwork\u00f3w \u201ePtasi \u015awiat\u201d<\/strong><\/p>\n<p>T\u0119 niezwyk\u0142\u0105 mi\u0119dzynarodow\u0105 wystaw\u0119 patchworku \u201ePtasi \u015awiat\u201d b\u0119dzie mo\u017cna obejrze\u0107 w sali wystawowej Resursy. To wyj\u0105tkowe wydarzenie artystyczne po\u015bwi\u0119cone jest pi\u0119knu i r\u00f3\u017cnorodno\u015bci ptak\u00f3w, uchwyconych w tkaninie, kolorze oraz precyzyjnym pikowaniu. Ekspozycja prezentuje prace tw\u00f3rc\u00f3w sztuki tekstylnej, kt\u00f3rzy w swoich kompozycjach oddaj\u0105 bogactwo barw upierzenia oraz niezwyk\u0142y charakter skrzydlatych bohater\u00f3w. Na wystawie zobaczymy zar\u00f3wno realistyczne wizerunki konkretnych gatunk\u00f3w, jak i symboliczne interpretacje ptaka jako metafory wolno\u015bci, nadziei oraz harmonii z natur\u0105. Autorzy wykorzystali r\u00f3\u017cnorodne techniki \u2013 od klasycznego patchworku i aplikacji po nowoczesne formy pikowania artystycznego \u2013 tworz\u0105c dzie\u0142a pe\u0142ne detali, faktur i \u015bwiat\u0142a.<\/p>\n<p>Prezentowane prace powsta\u0142y w ramach mi\u0119dzynarodowego projektu European Quilt Association (EQA) \u2013 organizacji, kt\u00f3rej misj\u0105 jest promowanie sztuki patchworku ponad granicami i barierami j\u0119zykowymi. Kolekcja ma charakter jubileuszowy: powsta\u0142a dla uczczenia 35-lecia EQA, kt\u00f3re przypad\u0142o na 2024 rok. Motywem przewodnim sta\u0142y si\u0119 ptaki \u2013 zar\u00f3wno te realistyczne, jak i bajkowe \u2013 a wsp\u00f3lnym mianownikiem wszystkich dzie\u0142 jest akcent szmaragdowy, symbolizuj\u0105cy t\u0119 wyj\u0105tkow\u0105 rocznic\u0119. W projekcie wzi\u0119\u0142o udzia\u0142 ponad 500 tw\u00f3rc\u00f3w z 19 kraj\u00f3w. Ca\u0142o\u015b\u0107 podzielono na dwie kolekcje kr\u0105\u017c\u0105ce po najwa\u017cniejszych galeriach Europy. W ekspozycji prezentowanej w Resursie mo\u017cemy podziwia\u0107 m.in. 21 prac polskich artystek ze Stowarzyszenia Polskiego Patchworku, kt\u00f3re od dekady promuje t\u0119 dziedzin\u0119 sztuki w naszym kraju. Wystawa, b\u0119d\u0105ca kluczowym elementem Dni Patchworku w \u017byrardowie, to barwna podr\u00f3\u017c przez \u015bwiat wyobra\u017ani, skierowana do mi\u0142o\u015bnik\u00f3w sztuki, r\u0119kodzie\u0142a i natury.<\/p>\n<p>Wystaw\u0119 mo\u017cna zwiedza\u0107 w dniach <strong>3 kwietnia \u2013 15 maja 2026 r., w godzinach pracy Resursy.<\/strong><br \/>\nFinisa\u017c wystawy b\u0119dzie mia\u0142 miejsce 15.05.2026 r., godzina 18.00.<\/p>\n<p><strong>3. Wystawa patchwork\u00f3w \u201eDary jesieni\u201d<\/strong><\/p>\n<p>Zapraszamy do \u017cyrardowskiego Ratusza na wyj\u0105tkow\u0105 wystaw\u0119 patchworku \u201eDary Jesieni\u201d. To artystyczna podr\u00f3\u017c przez bogat\u0105 palet\u0119 barw, faktur i inspiracji, jakie niesie ze sob\u0105 ta niezwykle malownicza pora roku. Na ekspozycji zobacz\u0105 Pa\u0144stwo kilkadziesi\u0105t prac wykonanych technikami tradycyjnymi oraz nowoczesnymi, kt\u00f3rych motywem przewodnim s\u0105 jesienne krajobrazy i skarby natury.<br \/>\nAutorzy \u2013 zar\u00f3wno uznani tw\u00f3rcy, jak i pasjonaci \u2013 za pomoc\u0105 tkanin, nici i kunsztownego pikowania opowiadaj\u0105 historie pe\u0142ne ciep\u0142a, nostalgii i harmonii. W\u015br\u00f3d prac dominuj\u0105 z\u0142ociste li\u015bcie, motywy<br \/>\nowocowe oraz nastrojowe pejza\u017ce. Wystawa doskonale ukazuje, jak r\u00f3\u017cnorodno\u015b\u0107 technik szycia pozwala zamieni\u0107 zwyk\u0142e materia\u0142y w niepowtarzalne, tekstylne dzie\u0142a sztuki.<br \/>\nWystawa \u201eDary Jesieni\u201d to nie tylko prezentacja kunsztownego r\u0119kodzie\u0142a, ale tak\u017ce wyj\u0105tkowa okazja do spotka\u0144 z artystami oraz rozm\u00f3w o tradycji i wsp\u00f3\u0142czesnych interpretacjach tkaniny artystycznej. Prace zosta\u0142y przygotowane przez cz\u0142onk\u00f3w Stowarzyszenia Polskiego Patchworku, kt\u00f3re od dekady aktywnie promuje t\u0119 dziedzin\u0119 sztuki w Polsce. Ekspozycja, b\u0119d\u0105ca istotnym elementem \u017cyrardowskich Dni Patchworku, zaprasza w swe progi mi\u0142o\u015bnik\u00f3w rzemios\u0142a, sztuki u\u017cytkowej oraz ka\u017cdego, kto pragnie poczu\u0107 jesienny klimat w jego najbardziej artystycznej ods\u0142onie.<\/p>\n<p>Wystaw\u0119 mo\u017cna ogl\u0105da\u0107 w dniach<strong> 5-15 maja br. w godzinach pracy Ratusza.<\/strong><br \/>\nFinisa\u017c wystawy b\u0119dzie mia\u0142 miejsce w dniu 15 maja, g. 12:00-12:30<\/p>\n<p>&nbsp;<\/p>\n<h3>II. A\u017c 10 kurs\u00f3w patchworkowych<\/h3>\n<p>Rozwijaj swoj\u0105 pasj\u0119 podczas III Dni Patchworku! Warsztaty szycia to serce naszego wydarzenia. Wierzymy, \u017ce patchwork to sztuka dla ka\u017cdego, dlatego w tym roku przygotowali\u015bmy program, kt\u00f3ry \u0142\u0105czy<br \/>\ntradycyjne rzemios\u0142o z nowoczesnym designem. Wszystkie zaj\u0119cia odb\u0119d\u0105 si\u0119 w unikalnej, industrialnej scenerii Muzeum Lniarstwa, co dodatkowo sprzyja tw\u00f3rczej atmosferze.<\/p>\n<p>Co wyr\u00f3\u017cnia nasze kursy?<\/p>\n<ul>\n<li>Poziom dopasowany do Ciebie: niezale\u017cnie od tego, czy dopiero planujesz sw\u00f3j pierwszy szew, czy szukasz zaawansowanych technik pikowania artystycznego \u2013 znajdziesz kurs odpowiadaj\u0105cy Twoim<br \/>\numiej\u0119tno\u015bciom.<\/li>\n<li>R\u00f3\u017cnorodna tematyka: program obejmuje zar\u00f3wno klasyczne bloki patchworkowe, jak i nowoczesne techniki aplikacji, pracy z kolorem czy tworzenia tekstyli\u00f3w u\u017cytkowych.<\/li>\n<li>Wsparcie ekspert\u00f3w: twoimi przewodnikami b\u0119d\u0105 instruktorzy z wieloletnim sta\u017cem, cz\u0142onkowie Stowarzyszenia Polskiego Patchworku, kt\u00f3rzy na co dzie\u0144 tworz\u0105 dzie\u0142a prezentowane na<br \/>\nwystawach w ca\u0142ej Europie. To rzadka okazja, by uczy\u0107 si\u0119 od najlepszych praktyk\u00f3w w kraju.<\/li>\n<li>Profesjonalne zaplecze: dzi\u0119ki wsp\u00f3\u0142pracy z naszymi partnerami, kursy odbywaj\u0105 si\u0119 w dobrze przygotowanych salach, zapewniaj\u0105cych komfort pracy z tkanin\u0105.<\/li>\n<\/ul>\n<p>Zaj\u0119cia w Muzeum Lniarstwa to nie tylko nauka, to przede wszystkim czas sp\u0119dzony w gronie os\u00f3b<br \/>\npodzielaj\u0105cych t\u0119 sam\u0105 pasj\u0119. To tutaj nawi\u0105zuj\u0105 si\u0119 przyja\u017anie na lata, a spod ig\u0142y wychodz\u0105 prace pe\u0142ne<br \/>\nosobistych historii.<\/p>\n<p>Ju\u017c wkr\u00f3tce galeria naszych instruktor\u00f3w i opisy kurs\u00f3w, kt\u00f3re poprowadz\u0105.<\/p>\n<p>&nbsp;<\/p>\n<h3><strong>III. Prezentacja maszyn do szycia marki Janome<\/strong><\/h3>\n<p>Podczas III Dni Patchworku w \u017byrardowie zapraszamy na wyj\u0105tkowe prezentacje maszyn marki Janome \u2013 \u015bwiatowego lidera w produkcji maszyn do szycia.<\/p>\n<p>Dlaczego warto odwiedzi\u0107 stoisko?<\/p>\n<ul>\n<li>Przetestuj na \u017cywo: usi\u0105d\u017a przy maszynie i sprawd\u017a, jak p\u0142ynnie prowadzi si\u0119 materia\u0142. Maszyny Janome \u015bwietnie radz\u0105 sobie z wieloma warstwami tkanin i grub\u0105 ocieplin\u0105.<\/li>\n<li>Maszyny do zada\u0144 specjalnych: zobacz modele stworzone specjalnie dla mi\u0142o\u015bnik\u00f3w patchworku \u2013 z du\u017cym polem pracy, precyzyjnym g\u00f3rnym transportem i setkami ozdobnych \u015bcieg\u00f3w.<\/li>\n<li>Doradztwo ekspert\u00f3w: specjali\u015bci pomog\u0105 Ci dobra\u0107 maszyn\u0119 idealnie dopasowan\u0105 do Twoich potrzeb i stopnia zaawansowania.<\/li>\n<\/ul>\n<p>Przekonaj si\u0119, dlaczego tysi\u0105ce quilter\u00f3w na ca\u0142ym \u015bwiecie wybra\u0142o Janome. Czekamy na Ciebie w Muzeum<br \/>\nLniarstwa!<\/p>\n<p>&nbsp;<\/p>\n<h3>IV. Targi<\/h3>\n<p>Strefa handlowa podczas III Dni Patchworku to miejsce, w kt\u00f3rym pasja spotyka si\u0119 z profesjonalizmem. Przygotowali\u015bmy przestrze\u0144, kt\u00f3ra zachwyci zar\u00f3wno osoby szukaj\u0105ce materia\u0142\u00f3w do w\u0142asnej tw\u00f3rczo\u015bci, jak i tych, kt\u00f3rzy pragn\u0105 naby\u0107 gotowe, unikatowe dzie\u0142a patchworkowe.<\/p>\n<p>Co znajdziesz w naszej strefie handlowej?<\/p>\n<ul>\n<li>Raj dla tw\u00f3rc\u00f3w: odwied\u017a stoisko z tkaninami. Czekaj\u0105 na Ciebie starannie dobrane kolekcje wysokogatunkowej bawe\u0142ny, tkaniny lniarskie (nawi\u0105zuj\u0105ce do tradycji \u017byrardowa) oraz wszelkie<br \/>\nakcesoria niezb\u0119dne do quiltowania \u2013 od specjalistycznych nici po precyzyjne no\u017ce i maty.<\/li>\n<li>Unikatowe r\u0119kodzie\u0142o na stoisku SPP: na stanowiskach Stowarzyszenia Polskiego Patchworku znajdziesz jedyne w swoim rodzaju \u201epatchworkowe drobiazgi\u201d. To doskona\u0142a okazja, by kupi\u0107<br \/>\nautorskie torby, kosmetyczki, poszewki czy tekstylne dekoracje domu, wykonane z najwy\u017csz\u0105 staranno\u015bci\u0105 przez naszych cz\u0142onk\u00f3w.<\/li>\n<li>Prezenty z dusz\u0105: przedmioty dost\u0119pne na kiermaszu to przeciwie\u0144stwo masowej produkcji. Ka\u017cda rzecz niesie w sobie histori\u0119, pasj\u0119 i godziny r\u0119cznej pracy, co czyni je idealnymi prezentami dla<br \/>\nos\u00f3b ceni\u0105cych oryginalno\u015b\u0107.<\/li>\n<li>Wymiana do\u015bwiadcze\u0144: strefa handlowa to tak\u017ce miejsce spotka\u0144. Mo\u017cesz tu zasi\u0119gn\u0105\u0107 rady u ekspert\u00f3w, dobra\u0107 idealn\u0105 kolorystyk\u0119 materia\u0142\u00f3w do swojego kolejnego projektu i zainspirowa\u0107 si\u0119<br \/>\npracami innych tw\u00f3rc\u00f3w.<\/li>\n<\/ul>\n<p>Zagl\u0105dajcie na nasze strony <a href=\"https:\/\/polskipatchwork.pl\/\">www.polskipatchwork.pl<\/a>\u00a0 oraz <a href=\"https:\/\/www.facebook.com\/StowarzyszeniePolskiegoPatchworku\">https:\/\/www.facebook.com\/StowarzyszeniePolskiegoPatchworku<\/a> \u2013 b\u0119dziemy publikowa\u0107 nowe informacje dotycz\u0105ce tego wydarzenia.<\/p>\n<p>Nasz e-mail \u2013 <a href=\"mailto:stowarzyszenie@polskipatchwork.pl\">stowarzyszenie@polskipatchwork.pl\u00a0<\/a><br \/>\nZapisy na kursy &#8211; <a href=\"mailto:kursy.patchwork2026@gmail.com\">kursy.patchwork2026@gmail.com<\/a><br \/>\nTermin wydarzenia:\u00a0<strong>15-17 maja 2025 r<\/strong><br \/>\nMiejsce:\u00a0<strong>Muzeum Lniarstwa, ul. K. Dittricha 18, \u017byrard\u00f3w<\/strong><\/p>\n","protected":false},"excerpt":{"rendered":"<p>Pasjonaci patchworku, \u0142\u0105czmy si\u0119! Ju\u017c 15\u201317 maja 2026 r. zapraszamy na trzeci\u0105 edycj\u0119 Dni Patchworku w \u017byrardowie. Stowarzyszenie Polskiego Patchworku wsp\u00f3lnie z Miastem \u017byrard\u00f3w, Muzeum Lniarstwa i lokalnym Centrum Kultury szykuje dla Was wyj\u0105tkowe&#46;&#46;&#46;<\/p>\n","protected":false},"author":14,"featured_media":7587,"comment_status":"closed","ping_status":"open","sticky":false,"template":"","format":"standard","meta":{"_monsterinsights_skip_tracking":false,"_monsterinsights_sitenote_active":false,"_monsterinsights_sitenote_note":"","_monsterinsights_sitenote_category":0,"spay_email":"","jetpack_publicize_message":"","jetpack_is_tweetstorm":false},"categories":[1,75,82,76,15,79],"tags":[],"jetpack_featured_media_url":"https:\/\/polskipatchwork.pl\/wp-content\/uploads\/2026\/05\/miniatura.jpg","jetpack_publicize_connections":[],"jetpack-related-posts":[{"id":7173,"url":"https:\/\/polskipatchwork.pl\/index.php\/2025\/06\/12\/7173\/","url_meta":{"origin":7585,"position":0},"title":"II Dni Patchworku w \u017byrardowie","date":"12 czerwca 2025","format":false,"excerpt":"W dniach 16-18 maja br odby\u0142y si\u0119 II Dni Patchworku zorganizowane przez Stowarzyszenie Polskiego Patchworku we wsp\u00f3\u0142pracy z Miastem \u017byrard\u00f3w, Muzeum Lniarstwa i Centrum Kultury w \u017byrardowie. Zwiedzaj\u0105cy Muzeum Lniarstwa oraz go\u015bcie Starego Kantoru mieli okazj\u0119 podziwia\u0107 trzy wystawy patchwork\u00f3w: mi\u0119dzynarodow\u0105 wystaw\u0119 pt. \u201eLegenda\u201d \u2013 projekt European Quilt Association, w\u2026","rel":"","context":"In &quot;Aktualno\u015bci&quot;","img":{"alt_text":"","src":"https:\/\/i2.wp.com\/polskipatchwork.pl\/wp-content\/uploads\/2025\/06\/legenda.jpg?resize=350%2C200&ssl=1","width":350,"height":200},"classes":[]},{"id":6003,"url":"https:\/\/polskipatchwork.pl\/index.php\/2022\/05\/04\/zaproszenie-na-wernisaz-wystawy-patchworkow-nici-nie-znaja-granic\/","url_meta":{"origin":7585,"position":1},"title":"Zaproszenie na wernisa\u017c wystawy patchwork\u00f3w \u201eNici nie znaj\u0105 granic\u201d","date":"4 maja 2022","format":false,"excerpt":"Stowarzyszenie Polskiego Patchworku i Muzeum Lniarstwa w \u017byrardowie maj\u0105 zaszczyt zaprosi\u0107 na wernisa\u017c wystawy \"Nici nie znaj\u0105 granic\". Jest to najwi\u0119ksza mi\u0119dzynarodowa wystawa patchwork\u00f3w w Polsce. Industrialna przestrze\u0144 Muzeum Lniarstwa kolejny raz otwiera si\u0119 na kultur\u0119. Po sukcesie zesz\u0142orocznej wystawy prac wykonanych technik\u0105 patchworku, mi\u0142o\u015bnicy r\u0119kodzie\u0142a i sztuki b\u0119d\u0105 mieli\u2026","rel":"","context":"In &quot;Aktualno\u015bci&quot;","img":{"alt_text":"","src":"https:\/\/i2.wp.com\/polskipatchwork.pl\/wp-content\/uploads\/2022\/05\/plakat_zyrardow.png?resize=350%2C200&ssl=1","width":350,"height":200},"classes":[]},{"id":6923,"url":"https:\/\/polskipatchwork.pl\/index.php\/2024\/05\/28\/6923\/","url_meta":{"origin":7585,"position":2},"title":"Dni Patchworku - podsumowanie","date":"28 maja 2024","format":false,"excerpt":"Co to by\u0142 za weekend! Za nami pierwsze w Polsce , pierwsze w historii Stowarzyszenia Polskiego Patchworku, Dni Patchworku. We wsp\u00f3\u0142pracy z Muzeum Lniarstwa im. Filipa de Girarda w \u017byrardowie, w weekend 17-19 maj zorganizowa\u0142y\u015bmy og\u00f3lnopolskie \u015bwi\u0119towanie sztuki patchworku. Przestrzenie wystawiennicze Muzeum zape\u0142ni\u0142y si\u0119 kolorowymi dzie\u0142ami cz\u0142onki\u0144 i cz\u0142onk\u00f3w Stowarzyszenia.\u2026","rel":"","context":"In &quot;Aktualno\u015bci&quot;","img":{"alt_text":"","src":"https:\/\/i0.wp.com\/polskipatchwork.pl\/wp-content\/uploads\/2024\/05\/IMG_20240517_151911-scaled.jpg?resize=350%2C200&ssl=1","width":350,"height":200},"classes":[]},{"id":6848,"url":"https:\/\/polskipatchwork.pl\/index.php\/2024\/04\/10\/dni-patchworku-w-zyrardowie\/","url_meta":{"origin":7585,"position":3},"title":"Dni Patchworku w \u017byrardowie","date":"10 kwietnia 2024","format":false,"excerpt":"Wszystkich mi\u0142o\u015bnik\u00f3w sztuki patchworku zapraszamy na wyj\u0105tkowe wydarzenie, organizowane przez Stowarzyszenie Polskiego Patchworku we wsp\u00f3\u0142pracy z Muzeum Lniarstwa w \u017byrardowie. To ju\u017c czwarta edycja wystaw patchwork\u00f3w, kt\u00f3re pokazujemy w Muzeum Lniarstwa podczas Europejskiej Nocy Muze\u00f3w. Ale tym razem poszli\u015bmy o krok dalej i przygotowali\u015bmy wydarzenie, na kt\u00f3re zapraszamy tych, kt\u00f3rzy\u2026","rel":"","context":"In &quot;Aktualno\u015bci&quot;","img":{"alt_text":"","src":"https:\/\/i2.wp.com\/polskipatchwork.pl\/wp-content\/uploads\/2024\/04\/logotyp_dni.jpg?resize=350%2C200&ssl=1","width":350,"height":200},"classes":[]},{"id":7107,"url":"https:\/\/polskipatchwork.pl\/index.php\/2025\/04\/15\/ii-dni-patchworku-w-zyrardowie\/","url_meta":{"origin":7585,"position":4},"title":"II Dni Patchworku w \u017byrardowie","date":"15 kwietnia 2025","format":false,"excerpt":"Wszystkich mi\u0142o\u015bnik\u00f3w sztuki patchworku zapraszamy w dniach 16-18 maja br na wyj\u0105tkowe wydarzenie, organizowane przez Stowarzyszenie Polskiego Patchworku we wsp\u00f3\u0142pracy z Miastem \u017byrard\u00f3w, Muzeum Lniarstwa i Centrum Kultury w \u017byrardowie. Ubieg\u0142oroczna edycja Dni Patchworku cieszy\u0142a si\u0119 ogromnym zainteresowaniem i liczymy, \u017ce i w tym roku odwiedz\u0105 nas ci, kt\u00f3rzy patchworki\u2026","rel":"","context":"In &quot;Aktualno\u015bci&quot;","img":{"alt_text":"","src":"https:\/\/i0.wp.com\/polskipatchwork.pl\/wp-content\/uploads\/2025\/04\/Dni_2025_logo.png?resize=350%2C200&ssl=1","width":350,"height":200},"classes":[]},{"id":7511,"url":"https:\/\/polskipatchwork.pl\/index.php\/2026\/04\/06\/wystawa-patchworkow-ptasi-swiat\/","url_meta":{"origin":7585,"position":5},"title":"Wystawa patchwork\u00f3w \u201ePtasi \u015awiat\u201d","date":"6 kwietnia 2026","format":false,"excerpt":"Zapraszamy na niezwyk\u0142\u0105, mi\u0119dzynarodow\u0105 wystaw\u0119 patchwork\u00f3w \u201ePtasi \u015awiat\u201d, kt\u00f3ra zago\u015bci\u0142a w sali wystawowej Resursy w \u017byrardowie. To wyj\u0105tkowe wydarzenie artystyczne po\u015bwi\u0119cone pi\u0119knu i r\u00f3\u017cnorodno\u015bci ptak\u00f3w uchwyconych w tkaninie, kolorze i precyzyjnym pikowaniu. Ekspozycja prezentuje prace tw\u00f3rc\u00f3w sztuki tekstylnej, kt\u00f3rzy w swoich kompozycjach oddaj\u0105 bogactwo barw upierzenia oraz niezwyk\u0142y charakter skrzydlatych\u2026","rel":"","context":"In &quot;Aktualno\u015bci&quot;","img":{"alt_text":"","src":"https:\/\/i1.wp.com\/polskipatchwork.pl\/wp-content\/uploads\/2026\/04\/ptasi_swiat_plakat.jpg?resize=350%2C200&ssl=1","width":350,"height":200},"classes":[]}],"jetpack_sharing_enabled":true,"jetpack_shortlink":"https:\/\/wp.me\/p7yhvX-1Yl","_links":{"self":[{"href":"https:\/\/polskipatchwork.pl\/index.php\/wp-json\/wp\/v2\/posts\/7585"}],"collection":[{"href":"https:\/\/polskipatchwork.pl\/index.php\/wp-json\/wp\/v2\/posts"}],"about":[{"href":"https:\/\/polskipatchwork.pl\/index.php\/wp-json\/wp\/v2\/types\/post"}],"author":[{"embeddable":true,"href":"https:\/\/polskipatchwork.pl\/index.php\/wp-json\/wp\/v2\/users\/14"}],"replies":[{"embeddable":true,"href":"https:\/\/polskipatchwork.pl\/index.php\/wp-json\/wp\/v2\/comments?post=7585"}],"version-history":[{"count":3,"href":"https:\/\/polskipatchwork.pl\/index.php\/wp-json\/wp\/v2\/posts\/7585\/revisions"}],"predecessor-version":[{"id":7590,"href":"https:\/\/polskipatchwork.pl\/index.php\/wp-json\/wp\/v2\/posts\/7585\/revisions\/7590"}],"wp:featuredmedia":[{"embeddable":true,"href":"https:\/\/polskipatchwork.pl\/index.php\/wp-json\/wp\/v2\/media\/7587"}],"wp:attachment":[{"href":"https:\/\/polskipatchwork.pl\/index.php\/wp-json\/wp\/v2\/media?parent=7585"}],"wp:term":[{"taxonomy":"category","embeddable":true,"href":"https:\/\/polskipatchwork.pl\/index.php\/wp-json\/wp\/v2\/categories?post=7585"},{"taxonomy":"post_tag","embeddable":true,"href":"https:\/\/polskipatchwork.pl\/index.php\/wp-json\/wp\/v2\/tags?post=7585"}],"curies":[{"name":"wp","href":"https:\/\/api.w.org\/{rel}","templated":true}]}}